{"id":5382,"date":"2017-03-30T11:14:52","date_gmt":"2017-03-30T09:14:52","guid":{"rendered":"http:\/\/www.rc03-ilbenstadt.de\/?p=5382"},"modified":"2017-04-02T03:29:06","modified_gmt":"2017-04-02T01:29:06","slug":"40-jahre-radtourenfahren-rtf-in-ilbenstadtaktiv-durch-das-jubilaeumsjahr-2017bericht-zur-fruehjahrs-rtf-und-ctf","status":"publish","type":"post","link":"https:\/\/www.rc03-ilbenstadt.de\/?p=5382","title":{"rendered":"40 Jahre Radtourenfahren (RTF) in Ilbenstadt<br>Aktiv durch das Jubil\u00e4umsjahr 2017!<br>Bericht zur Fr\u00fchjahrs-RTF und -CTF"},"content":{"rendered":"<p>40 Jahre Erfahrung in der Veranstaltung von Radtourenfahren und doch gibt es immer wieder Herausforderungen, denen man sich stellen muss, die Ma\u00dfstab f\u00fcr Folgeveranstaltungen werden. Der Wetterbericht gab Tage vor der Veranstaltung Hinweise auf einen regnerischen Sonntag. Je n\u00e4her der Termin r\u00fcckte, desto besser die Wetterentwicklung, um Freitag\/Samstag wieder auf k\u00fchler und wechselhaft zu schwenken. Die Eink\u00e4ufe f\u00fcr die Kontrollstellenausstattung und den Start-\/Zielbereich wurden nach oben korrigiert. Es wurden rund 300 Teilnehmer mehr \u00fcber der typischen Teilnehmerzahl bei trockenem Wetter kalkuliert. Der Sonntag startete k\u00fchl und sonnig und es entwickelte<!--more--> sich ein toller Tag zum Radfahren. Alles was in die Pedale treten konnte, stand beim RC 03 Ilbenstadt am Start und brachte die M\u00e4nner und Frauen an der Anmeldung ins Schwitzen. In knapp zwei Stunden mussten \u00fcber 900 Radlerinnen und Radler mit Startkarten, Startnummern und Startstempeln versehen werden. Ein Procedere, das leider auch mit Wartezeiten verbunden war. Ein Dank an die Geduld der Radlerschar ist an dieser Stelle f\u00e4llig!<\/p>\n<p>Bei strahlendem Sonnenschein ging es dann auf die Strecken. Beim Radtourenfahren (RTF) auf der Stra\u00dfe wurden Rundstrecken \u00fcber 42, 75 und 114 Kilometer angeboten, beim Countrytourenfahren (CTF) konnten zwei Strecken \u00fcber 37 und 58 Kilometer durch die Felder und W\u00e4lder der Wetterau unter die R\u00e4der genommen werden.<\/p>\n<p>Die RTF entf\u00fchrte die Masse unserer 818 Teilnehmer durch die sanfte H\u00fcgellandschaft der Wetterau durch das Wettertal \u00fcber Lich, Gr\u00fcnberg, Laubach und Melbach zur\u00fcck nach Ilbenstadt. Tourteilungen f\u00fcr die k\u00fcrzeren Strecken waren jeweils so gelegt, dass auch Kontrollstellen angefahren werden konnten. Hier wurden die Teilnehmer neben Kontrollstempeln mit Getr\u00e4nken, Bananen und Geb\u00e4ck versorgt. Die erwachende Natur sorgte im Sonnenschein f\u00fcr ein besonderes Radfahrerlebnis. Frisch bestellte Felder, B\u00e4ume, die teilweise die ersten Ans\u00e4tze von zartem Gr\u00fcn zeigten, aufgelockert durch Fr\u00fchbl\u00fcher die bereits ihre volle Bl\u00fctenpracht pr\u00e4sentierten. An diesem Tag war es nahezu Pflicht, die R\u00e4der aus Garagen und Kellern zu holen, um die Wintertage vergessen zu machen.<\/p>\n<p>Die CTF zeigte 115 Teilnehmern die Wetterau von einer anderen Seite. Keine Aneinanderreihung von kr\u00e4ftigen Steigungen und vielen Singletrails, wie sie so mancher von einer &#8222;richtigen&#8220; CTF erwartet, standen im Programm. Vielmehr wurde das abwechslungsreiche Landschaftsbild der Wetterau erfahren. Von relativ weiten Feldfluren von Ilbenstadt bis Melbach, kleinteiligeren Anlagen am Rande des Wettertals mit Streuobstwiesen, Rosenfeldern und W\u00e4ldern. Asphalt und Beton dominierten zwar den Untergrund, doch wurden eine Vielzahl naturbelassener Wege in das Streckenprofil zur Auflockerung eingebaut. Auf der 58-Kilometerschleife st\u00f6rte keine Ortsdurchfahrt. An Rockenberg und M\u00fcnzenberg vorbei, ging es durch den Wald auf der R\u00f6merstra\u00dfe wieder zum Kontrollpunkt Melbach zur\u00fcck und von dort \u00fcber Weckesheim, Florstadt und B\u00f6nstadt zum Ziel nach Ilbenstadt.<\/p>\n<p>Im Ziel herrschte noch lange geselliges Treiben. Kuchentheke, Grill, Erbsensuppe und Getr\u00e4nke fanden ihren Absatz.<br \/>\nVor der Siegerehrung richtete der B\u00fcrgermeister der Stadt Niddatal, Herr Dr. Bernhard Hertel, ein Gru\u00dfwort an die Radlergemeinde um im Anschluss gemeinsam mit Oliver Witt, dem Fachwart RTF\/CTF des RC 03 Ilbenstadt, die Pokale an die Sieger zu \u00fcbergeben und zur erbrachten Leistung zu gratulieren.<\/p>\n<p>Im Wettbewerb der vorgemeldeten BDR-Vereine in der RTF-Wertung hatte der RV Ober-M\u00f6rlen die Nase vorn und konnte den Siegerpokal und den Wanderpokal mit nach Hause nehmen. Auf den Pl\u00e4tzen folgten der RV Wanderlust Gambach und der RV Klein-Linden.\u00a0 Der SC Nestl\u00e9 lag bei den Privatmannschaften vorn.<br \/>\nDie CTF-Wertung f\u00fchrte souver\u00e4n das Radteam des RC Edelwei\u00df Nieder-W\u00f6llstadt an, gefolgt vom RV Ober-M\u00f6rlen und dem RTC Sandhasen W\u00f6lfersheim.<\/p>\n<p>\u00dcber 40 Helferinnen und Helfer des Vereins, die zum Teil schon Tage vorher in der Vorbereitung t\u00e4tig waren, hatten einen langen, erfolgreichen Arbeitstag. Ihnen geb\u00fchrt der Dank, dass solche Veranstaltungen m\u00f6glich sind und der Breitensport lebt!<\/p>\n<p>Im Herbst l\u00e4dt der RC 03 Ilbenstadt wieder zur RTF &#8222;Rund um Ilbenstadt&#8220; ein und ist dann auch sicher gr\u00f6\u00dferem Ansturm gegen\u00fcber gewappnet.<\/p>\n<p>Impressionen von RTF und CTF:<\/p>\n<table>\n<tbody>\n<tr style=\"height: 131px;\">\n<td style=\"height: 231px;\"><a href=\"https:\/\/www.rc03-ilbenstadt.de\/wp-content\/uploads\/2017\/03\/B-RC03-RTFCTF-3_2017-046-WEB.jpg\" rel=\"lightbox[5382]\"><img loading=\"lazy\" decoding=\"async\" class=\"alignleft wp-image-5398 size-thumbnail\" src=\"https:\/\/www.rc03-ilbenstadt.de\/wp-content\/uploads\/2017\/03\/B-RC03-RTFCTF-3_2017-046-WEB-150x150.jpg\" alt=\"\" width=\"150\" height=\"150\" \/><\/a><\/td>\n<td style=\"height: 231px;\"><a href=\"https:\/\/www.rc03-ilbenstadt.de\/wp-content\/uploads\/2017\/03\/B-RC03-RTFCTF-3_2017-050-WEB.jpg\" rel=\"lightbox[5382]\"><img loading=\"lazy\" decoding=\"async\" class=\"alignleft wp-image-5397 size-thumbnail\" src=\"https:\/\/www.rc03-ilbenstadt.de\/wp-content\/uploads\/2017\/03\/B-RC03-RTFCTF-3_2017-050-WEB-150x150.jpg\" alt=\"\" width=\"150\" height=\"150\" \/><\/a><\/td>\n<td style=\"height: 231px;\"><a href=\"https:\/\/www.rc03-ilbenstadt.de\/wp-content\/uploads\/2017\/03\/B-RC03-RTFCTF-3_2017-060-EVA.jpg\" rel=\"lightbox[5382]\"><img loading=\"lazy\" decoding=\"async\" class=\"wp-image-5396 size-thumbnail alignleft\" src=\"https:\/\/www.rc03-ilbenstadt.de\/wp-content\/uploads\/2017\/03\/B-RC03-RTFCTF-3_2017-060-EVA-150x150.jpg\" alt=\"\" width=\"150\" height=\"150\" \/><\/a><\/td>\n<\/tr>\n<tr style=\"height: 24px;\">\n<td style=\"height: 24px;\"><span style=\"font-size: 10px;\">\u00a0Gro\u00dfer Andrang<\/span><\/td>\n<td style=\"height: 24px;\"><span style=\"font-size: 10px;\">\u00a0Startstempel<\/span><\/td>\n<td style=\"height: 24px;\"><span style=\"font-size: 10px;\">\u00a0nach M\u00fcnzenberg<br \/>\nBild: Eva S.<br \/>\n<\/span><\/td>\n<\/tr>\n<tr style=\"height: 231px;\">\n<td style=\"height: 231px;\">\u00a0<a href=\"https:\/\/www.rc03-ilbenstadt.de\/wp-content\/uploads\/2017\/03\/B-RC03-RTFCTF-3_2017-062-EVA.jpg\" rel=\"lightbox[5382]\"><img loading=\"lazy\" decoding=\"async\" class=\"wp-image-5395 size-thumbnail alignleft\" src=\"https:\/\/www.rc03-ilbenstadt.de\/wp-content\/uploads\/2017\/03\/B-RC03-RTFCTF-3_2017-062-EVA-150x150.jpg\" alt=\"\" width=\"150\" height=\"150\" \/><\/a><\/td>\n<td style=\"height: 231px;\">\u00a0<a href=\"https:\/\/www.rc03-ilbenstadt.de\/wp-content\/uploads\/2017\/03\/B-RC03-RTFCTF-3_2017-063-EVA.jpg\" rel=\"lightbox[5382]\"><img loading=\"lazy\" decoding=\"async\" class=\"wp-image-5394 size-thumbnail alignleft\" src=\"https:\/\/www.rc03-ilbenstadt.de\/wp-content\/uploads\/2017\/03\/B-RC03-RTFCTF-3_2017-063-EVA-150x150.jpg\" alt=\"\" width=\"150\" height=\"150\" \/><\/a><\/td>\n<td style=\"height: 231px;\">\u00a0<a href=\"https:\/\/www.rc03-ilbenstadt.de\/wp-content\/uploads\/2017\/03\/B-RC03-RTFCTF-3_2017-067-EVA.jpg\" rel=\"lightbox[5382]\"><img loading=\"lazy\" decoding=\"async\" class=\"wp-image-5393 size-thumbnail alignleft\" src=\"https:\/\/www.rc03-ilbenstadt.de\/wp-content\/uploads\/2017\/03\/B-RC03-RTFCTF-3_2017-067-EVA-150x150.jpg\" alt=\"\" width=\"150\" height=\"150\" \/><\/a><\/td>\n<\/tr>\n<tr style=\"height: 24px;\">\n<td style=\"height: 24px;\"><span style=\"font-size: 10px;\">\u00a0Kontrollpunkt M\u00fcnzenberg<br \/>\nBild: Eva S.<br \/>\n<\/span><\/td>\n<td style=\"height: 24px;\"><span style=\"font-size: 10px;\">\u00a0\u00a0Kontrollpunkt M\u00fcnzenberg<br \/>\nBild: Eva S.<br \/>\n<\/span><\/td>\n<td style=\"height: 24px;\"><span style=\"font-size: 10px;\">\u00a0nach Melbach<br \/>\nBild: Eva S.<br \/>\n<\/span><\/td>\n<\/tr>\n<tr style=\"height: 24px;\">\n<td style=\"height: 24px;\">\u00a0<a href=\"https:\/\/www.rc03-ilbenstadt.de\/wp-content\/uploads\/2017\/03\/B-RC03-RTFCTF-3_2017-024-WEB.jpg\" rel=\"lightbox[5382]\"><img loading=\"lazy\" decoding=\"async\" class=\"wp-image-5399 size-thumbnail alignleft\" src=\"https:\/\/www.rc03-ilbenstadt.de\/wp-content\/uploads\/2017\/03\/B-RC03-RTFCTF-3_2017-024-WEB-150x150.jpg\" alt=\"\" width=\"150\" height=\"150\" \/><\/a><\/td>\n<td style=\"height: 24px;\">\u00a0<a href=\"https:\/\/www.rc03-ilbenstadt.de\/wp-content\/uploads\/2017\/03\/B-RC03-RTFCTF-3_2017-010-WEB.jpg\" rel=\"lightbox[5382]\"><img loading=\"lazy\" decoding=\"async\" class=\"wp-image-5400 size-thumbnail alignleft\" src=\"https:\/\/www.rc03-ilbenstadt.de\/wp-content\/uploads\/2017\/03\/B-RC03-RTFCTF-3_2017-010-WEB-150x150.jpg\" alt=\"\" width=\"150\" height=\"150\" \/><\/a><\/td>\n<td style=\"height: 24px;\"><\/td>\n<\/tr>\n<tr style=\"height: 61px;\">\n<td style=\"height: 61px; vertical-align: top;\"><span style=\"font-size: 10px;\">Siegerehrung<\/span><br \/>\n<span style=\"font-size: 10px;\"> Der Nachwuchs vom RV Klein-<br \/>\nlinden mit <\/span><span style=\"font-size: 10px;\">dem Siegerpokal zum<br \/>\n3. Platz mit <\/span><span style=\"font-size: 10px;\">Oliver Witt, RTF-\/CTF-<br \/>\nFachwart <\/span><span style=\"font-size: 10px;\">und B\u00fcrgermeister<br \/>\nDr. Bernhard Hertel<\/span><\/td>\n<td style=\"height: 61px; vertical-align: top;\"><span style=\"font-size: 10px;\">\u00a0Siegerehrung<\/span><span style=\"font-size: 10px;\"><br \/>\nDie Geehrten <\/span><span style=\"font-size: 10px;\">vom RV Ober-M\u00f6rlen,<br \/>\ndem Radteam <\/span><span style=\"font-size: 10px;\">Edelwei\u00df aus<br \/>\nNieder-W\u00f6llstadt und <\/span><span style=\"font-size: 10px;\">dem SC Nestl\u00e9<br \/>\nmit B\u00fcrgermeister Dr. Bernhard<br \/>\nHertel (li), Fachwart RTF\/CTF<br \/>\nOliver Witt (2. v.l.), Moderator<br \/>\nWilhelm Schr\u00f6der (re)<br \/>\n<\/span><\/td>\n<td style=\"height: 61px; vertical-align: top;\"><\/td>\n<\/tr>\n<\/tbody>\n<\/table>\n","protected":false},"excerpt":{"rendered":"<p>40 Jahre Erfahrung in der Veranstaltung von Radtourenfahren und doch gibt es immer wieder Herausforderungen, denen man sich stellen muss, die Ma\u00dfstab f\u00fcr Folgeveranstaltungen werden. Der Wetterbericht gab Tage vor der Veranstaltung Hinweise auf einen regnerischen Sonntag. Je n\u00e4her der &hellip; <a href=\"https:\/\/www.rc03-ilbenstadt.de\/?p=5382\">Weiterlesen <span class=\"meta-nav\">&rarr;<\/span><\/a><\/p>\n","protected":false},"author":9,"featured_media":5409,"comment_status":"closed","ping_status":"closed","sticky":false,"template":"","format":"standard","meta":{"_crdt_document":"","footnotes":""},"categories":[1],"tags":[],"class_list":["post-5382","post","type-post","status-publish","format-standard","has-post-thumbnail","hentry","category-allgemein"],"_links":{"self":[{"href":"https:\/\/www.rc03-ilbenstadt.de\/index.php?rest_route=\/wp\/v2\/posts\/5382","targetHints":{"allow":["GET"]}}],"collection":[{"href":"https:\/\/www.rc03-ilbenstadt.de\/index.php?rest_route=\/wp\/v2\/posts"}],"about":[{"href":"https:\/\/www.rc03-ilbenstadt.de\/index.php?rest_route=\/wp\/v2\/types\/post"}],"author":[{"embeddable":true,"href":"https:\/\/www.rc03-ilbenstadt.de\/index.php?rest_route=\/wp\/v2\/users\/9"}],"replies":[{"embeddable":true,"href":"https:\/\/www.rc03-ilbenstadt.de\/index.php?rest_route=%2Fwp%2Fv2%2Fcomments&post=5382"}],"version-history":[{"count":6,"href":"https:\/\/www.rc03-ilbenstadt.de\/index.php?rest_route=\/wp\/v2\/posts\/5382\/revisions"}],"predecessor-version":[{"id":5427,"href":"https:\/\/www.rc03-ilbenstadt.de\/index.php?rest_route=\/wp\/v2\/posts\/5382\/revisions\/5427"}],"wp:featuredmedia":[{"embeddable":true,"href":"https:\/\/www.rc03-ilbenstadt.de\/index.php?rest_route=\/wp\/v2\/media\/5409"}],"wp:attachment":[{"href":"https:\/\/www.rc03-ilbenstadt.de\/index.php?rest_route=%2Fwp%2Fv2%2Fmedia&parent=5382"}],"wp:term":[{"taxonomy":"category","embeddable":true,"href":"https:\/\/www.rc03-ilbenstadt.de\/index.php?rest_route=%2Fwp%2Fv2%2Fcategories&post=5382"},{"taxonomy":"post_tag","embeddable":true,"href":"https:\/\/www.rc03-ilbenstadt.de\/index.php?rest_route=%2Fwp%2Fv2%2Ftags&post=5382"}],"curies":[{"name":"wp","href":"https:\/\/api.w.org\/{rel}","templated":true}]}}