{"id":5441,"date":"2017-04-25T16:25:29","date_gmt":"2017-04-25T14:25:29","guid":{"rendered":"http:\/\/www.rc03-ilbenstadt.de\/?p=5441"},"modified":"2017-04-25T16:36:38","modified_gmt":"2017-04-25T14:36:38","slug":"ilbenstaedter-radtourenkultour-vom-wetterauer-dom-zum-kloster-engelthalein-angebot-der-kolpingjugend-und-des-rc-03-ilbenstadt","status":"publish","type":"post","link":"https:\/\/www.rc03-ilbenstadt.de\/?p=5441","title":{"rendered":"Ilbenst\u00e4dter Radtouren<br>KulTOUR vom Wetterauer Dom zum Kloster Engelthal<br>Ein Angebot der Kolpingjugend und des RC 03 Ilbenstadt zum 29. April 2017"},"content":{"rendered":"<p>Wir freuen uns, dass wir mit der Kolpingjugend Ilbenstadt ein tolles Angebot machen k\u00f6nnen. Unser Ziel, mit\u00a0 gesundheits- und kulturorientiertem Radfahren in der Gruppe die Freude am Radsprort auf einem leistungsangepassten, geselligen Niveau weiterzugeben, wird mit dieser Tour ideal getroffen.<\/p>\n<p>Toll ist zudem, dass wir in der <a href=\"https:\/\/dcms.bistummainz.de\/bm\/dcms\/sites\/pfarreien\/dekanat-wetterau-west\/ilbenstadt\/pfarrei\/Jugend\/index.html\" target=\"_blank\" rel=\"noopener noreferrer\">Kolpingjugend aus Ilbenstadt<\/a> einen interessierten und engagierten Partner haben.<!--more--> Eine katholische Jugendgruppe, den Zielen Adolph Kolpings verpflichtet, und ein Radsportverein passen zwar auf den ersten Blick nicht zusammen, doch die Freude an der Bewegung, sportlich aktiv Gemeinschaft zu erfahren und dies mit landschaftlich und kulturell reizvollen Zielen zu verbinden, eint. So laden wir gemeinsam Gro\u00df und Klein herzlich zur Radtour zum Kloster Engelthal ein. Dem Motto &#8222;Kolping bewegt, Kolping &#8222;strampelt&#8220; schlie\u00dfen wir uns gerne an.<\/p>\n<p><strong>Wir treffen uns am Samstag, dem 29. April 2017 um 13:OO Uhr am Wetterauer Dom, der weithin sichbaren Ilbenst\u00e4dter Basilika<\/strong>.<br \/>\nDas Wetter wird gut, da sind wir uns v\u00f6llig sicher! Die Rahmenbedingungen f\u00fcr einen sch\u00f6nen Tag in der Wetterau sind gegeben.<\/p>\n<p>Tourverlauf:<br \/>\nwir verlassen Ilbenstadt \u00fcber die Angelteiche in Richtung Wickstadt. Das Kloster Engelthal erreichen wir auf weitgehend flachem Terrain, das lediglich im Waldgebiet rund ums Kloster wellige Passagen aufweist. Spannend wird sich die wechselvolle Geschichte des Klosters darstellen, das 1268 von den Rittern von Buches und Karben im Tal der Engel gestiftet wurde. Urspr\u00fcnglich ein Zisterzienserinnenkloster wandelte sich der Nutzen \u00fcber die S\u00e4kularisierung in einen landwirtschaftlichen Betrieb, um heute Raum f\u00fcr das Wirken der Benediktinerinnen zu geben. Wir freuen uns auf die Klosterf\u00fchrung. Die \u00c4btissin Elisabeth Kralemann OSB erwartet uns ab 14:30<\/p>\n<p>Sei Teil der ersten Kolping-\/RC 03 &#8211; Radtour!<br \/>\nZur besseren Planung erbitten wir eine kurze Information \u00fcber Deine Teilnahmeabsicht. Diese kannst Du gerne per <a href=\"mailto:radwandern@rc03-ilbenstadt.de\" target=\"_blank\" rel=\"noopener noreferrer\">E-Mail<\/a> abgeben.<br \/>\nCaroline Denkler, Telefon 0178 409 23 75 und Lutz Delling, Telefon 06034 86 47 stehen f\u00fcr R\u00fcckfragen und weitere Informationen zur Verf\u00fcgung.<\/p>\n<p>Euer Radwanderteam<br \/>\nvon Kolpingjugend und RC 03 Ilbenstadt<\/p>\n<p><a href=\"https:\/\/www.rc03-ilbenstadt.de\/wp-content\/uploads\/2017\/04\/RC03-RW-T-170429-Kloster_Engelthal-Flyer_03.pdf\" target=\"_blank\" rel=\"noopener noreferrer\">Flyerdownload<\/a><br \/>\nStreckeninformation:<br \/>\n<iframe loading=\"lazy\" src=\"https:\/\/www.bikemap.net\/de\/route\/3944739-rw-kloster-engelthal-v2\/widget\/?width=640&amp;height=480&amp;extended=1&amp;distance_markers=1&amp;unit=metric\" width=\"640\" height=\"628\" frameborder=\"0\" marginwidth=\"0\" marginheight=\"0\" scrolling=\"no\"> <\/iframe><\/p>\n<p><img loading=\"lazy\" decoding=\"async\" class=\"size-full wp-image-5185 alignleft\" src=\"https:\/\/www.rc03-ilbenstadt.de\/wp-content\/uploads\/2017\/01\/RC03_Logo_70px-sb.gif\" alt=\"\" width=\"93\" height=\"100\" \/><img loading=\"lazy\" decoding=\"async\" class=\"size-medium wp-image-5438 alignleft\" src=\"https:\/\/www.rc03-ilbenstadt.de\/wp-content\/uploads\/2017\/04\/LOGO-Kolping_Jugend-300x108.jpg\" alt=\"\" width=\"300\" height=\"108\" srcset=\"https:\/\/www.rc03-ilbenstadt.de\/wp-content\/uploads\/2017\/04\/LOGO-Kolping_Jugend-300x108.jpg 300w, https:\/\/www.rc03-ilbenstadt.de\/wp-content\/uploads\/2017\/04\/LOGO-Kolping_Jugend-768x277.jpg 768w, https:\/\/www.rc03-ilbenstadt.de\/wp-content\/uploads\/2017\/04\/LOGO-Kolping_Jugend.jpg 772w\" sizes=\"auto, (max-width: 300px) 100vw, 300px\" \/><\/p>\n<div style=\"margin: -4px 0 0 5px; height: 16px; color: #889eac; font-family: sans-serif; font-size: 11px;\"><a style=\"color: #22a9ff; text-decoration: underline;\" href=\"\/de\/route\/3944739-rw-kloster-engelthal-v2\/\" target=\"_blank\" rel=\"noopener noreferrer\">Cycle Route 3944739<\/a> &#8211; via <a style=\"color: #22a9ff; text-decoration: underline;\" href=\"https:\/\/www.bikemap.net\" target=\"_blank\" rel=\"noopener noreferrer\">Bikemap.net<\/a><\/div>\n","protected":false},"excerpt":{"rendered":"<p>Wir freuen uns, dass wir mit der Kolpingjugend Ilbenstadt ein tolles Angebot machen k\u00f6nnen. Unser Ziel, mit\u00a0 gesundheits- und kulturorientiertem Radfahren in der Gruppe die Freude am Radsprort auf einem leistungsangepassten, geselligen Niveau weiterzugeben, wird mit dieser Tour ideal getroffen. &hellip; <a href=\"https:\/\/www.rc03-ilbenstadt.de\/?p=5441\">Weiterlesen <span class=\"meta-nav\">&rarr;<\/span><\/a><\/p>\n","protected":false},"author":9,"featured_media":4738,"comment_status":"open","ping_status":"closed","sticky":false,"template":"","format":"standard","meta":{"_crdt_document":"","footnotes":""},"categories":[1],"tags":[],"class_list":["post-5441","post","type-post","status-publish","format-standard","has-post-thumbnail","hentry","category-allgemein"],"_links":{"self":[{"href":"https:\/\/www.rc03-ilbenstadt.de\/index.php?rest_route=\/wp\/v2\/posts\/5441","targetHints":{"allow":["GET"]}}],"collection":[{"href":"https:\/\/www.rc03-ilbenstadt.de\/index.php?rest_route=\/wp\/v2\/posts"}],"about":[{"href":"https:\/\/www.rc03-ilbenstadt.de\/index.php?rest_route=\/wp\/v2\/types\/post"}],"author":[{"embeddable":true,"href":"https:\/\/www.rc03-ilbenstadt.de\/index.php?rest_route=\/wp\/v2\/users\/9"}],"replies":[{"embeddable":true,"href":"https:\/\/www.rc03-ilbenstadt.de\/index.php?rest_route=%2Fwp%2Fv2%2Fcomments&post=5441"}],"version-history":[{"count":5,"href":"https:\/\/www.rc03-ilbenstadt.de\/index.php?rest_route=\/wp\/v2\/posts\/5441\/revisions"}],"predecessor-version":[{"id":5446,"href":"https:\/\/www.rc03-ilbenstadt.de\/index.php?rest_route=\/wp\/v2\/posts\/5441\/revisions\/5446"}],"wp:featuredmedia":[{"embeddable":true,"href":"https:\/\/www.rc03-ilbenstadt.de\/index.php?rest_route=\/wp\/v2\/media\/4738"}],"wp:attachment":[{"href":"https:\/\/www.rc03-ilbenstadt.de\/index.php?rest_route=%2Fwp%2Fv2%2Fmedia&parent=5441"}],"wp:term":[{"taxonomy":"category","embeddable":true,"href":"https:\/\/www.rc03-ilbenstadt.de\/index.php?rest_route=%2Fwp%2Fv2%2Fcategories&post=5441"},{"taxonomy":"post_tag","embeddable":true,"href":"https:\/\/www.rc03-ilbenstadt.de\/index.php?rest_route=%2Fwp%2Fv2%2Ftags&post=5441"}],"curies":[{"name":"wp","href":"https:\/\/api.w.org\/{rel}","templated":true}]}}