{"id":5455,"date":"2017-05-14T15:44:38","date_gmt":"2017-05-14T13:44:38","guid":{"rendered":"http:\/\/www.rc03-ilbenstadt.de\/?p=5455"},"modified":"2017-08-23T17:40:02","modified_gmt":"2017-08-23T15:40:02","slug":"ilbenstaeder-radtouren","status":"publish","type":"post","link":"https:\/\/www.rc03-ilbenstadt.de\/?p=5455","title":{"rendered":"Ilbenst\u00e4dter Radtouren<br>KulTOUR vom Wetterauer Dom zum Kloster Engelthal<br>Wir berichten:"},"content":{"rendered":"<p>Zum letzten Aprilwochenende hie\u00df es &#8222;Kolping bewegt, Kolping strampelt&#8220;. Bei bestem Radfahrwetter war Gro\u00df und Klein am Start, um sportlich aktiv Gemeinschaft zu erfahren. Unser Organisationsteam aus Kolpingjugend und RC 03 Ilbenstadt begr\u00fc\u00dfte am Wetterauer Dom zu Ilbenstadt eine bunte Schar. Kinder, Jugendliche, junge Erwachsene <!--more-->und jung gebliebene Seniorinnen und Senioren mit unterschiedlichem Leistungsverm\u00f6gen, mit einem bunten Mix technischer Wunderwerke der Zweiradtechnik aus mehreren Jahrzehnten traten in die Pedale, um in der erwachten Natur der Wetterau \u00fcber Maria Sternbach zum Kloster Engelthal zu radeln.<br \/>\nAus Ilbenstadt heraus wies die Nidda den Weg. In H\u00f6he des Hofgutes Wickstadt wurde dann Maria Sternbach angesteuert. Zuf\u00e4llig traf man hier mit Heinrich Genau zusammen, der spontan in die Geschichte Maria Sternbachs von 778 bis heute einen interessanten Einblick gab. Mit diesem Wissen im Gep\u00e4ck ging es im sonnendurchfluteten Wald Kloster Engelthal entgegen. Einige Bodenwellen wollten &#8222;erklommen&#8220; sein, auch wechselnde Untergr\u00fcnde forderten fahrerisches Geschick, besonders auf einem engen, gewundenem Teilst\u00fcck, wo mit T-Shirt und M\u00fctzen bekleidete Holzskulpturen interessiert die Passage unserer Gruppe verfolgten.<\/p>\n<p><img loading=\"lazy\" decoding=\"async\" class=\"size-full wp-image-5185 alignleft\" src=\"https:\/\/www.rc03-ilbenstadt.de\/wp-content\/uploads\/2017\/01\/RC03_Logo_70px-sb.gif\" alt=\"\" width=\"93\" height=\"100\" \/><img loading=\"lazy\" decoding=\"async\" class=\"size-medium wp-image-5438 alignleft\" src=\"https:\/\/www.rc03-ilbenstadt.de\/wp-content\/uploads\/2017\/04\/LOGO-Kolping_Jugend-300x108.jpg\" alt=\"\" width=\"300\" height=\"108\" srcset=\"https:\/\/www.rc03-ilbenstadt.de\/wp-content\/uploads\/2017\/04\/LOGO-Kolping_Jugend-300x108.jpg 300w, https:\/\/www.rc03-ilbenstadt.de\/wp-content\/uploads\/2017\/04\/LOGO-Kolping_Jugend-768x277.jpg 768w, https:\/\/www.rc03-ilbenstadt.de\/wp-content\/uploads\/2017\/04\/LOGO-Kolping_Jugend.jpg 772w\" sizes=\"auto, (max-width: 300px) 100vw, 300px\" \/><\/p>\n<p>&nbsp;<\/p>\n<p>&nbsp;<\/p>\n<p>&nbsp;<\/p>\n<p>&nbsp;<\/p>\n<p>Kloster Engelthal war bald erreicht und \u00c4btissin Elisabeth Kralemann begr\u00fc\u00dfte herzlich die Radlerschar. Sie berichtete aus der wechselvollen Klostergeschichte, das 1268 von den Rittern von Buches und Karben im Tal der Engel gestiftet wurde. Urspr\u00fcnglich ein Zisterzienserinnenkloster wandelte sich der Nutzen \u00fcber die S\u00e4kularisierung in einen landwirtschaftlichen Betrieb, um heute Raum f\u00fcr das Wirken der Benediktinerinnen zu geben. 1951 erwarb das Bistum Mainz den Klausurbezirk und am 1. Mai 1962 zogen die Benediktinerinnen ein. Mit Gottfried Haas haben wir im RC 03 ein Mitglied in unseren Reihen, das seinerzeit den feierlichen Einzug der Nonnen miterleben durfte und das sich diese aktuelle F\u00fchrung nicht nehmen lie\u00df. Nat\u00fcrlich kamen Bau- und Kunstgeschichte nicht zu kurz und auch zum Klosteralltag der Benediktinerinnen unter dem Motto ora et labora (bete und arbeite) hatte die \u00c4btissin Elisabeth Kralemann Einblicke zu bieten.<\/p>\n<p>Im Klostergarten hatte die Kolpingjugend um Simon Beranek und Carolin Denkler einen Imbiss organisiert. Frisch gest\u00e4rkt sollte die R\u00fcckfahrt \u00fcber Stammheim, Florstadt und Assenheim nach Ilbenstadt angetreten werden. Dies ist auch gelungen, dabei soll ein Zwischenstopp am Eissalon in Florstadt nicht unterschlagen werden.<\/p>\n<p>Schlie\u00dflich kam unsere heterogene Gruppe gemeinsam wieder in Ilbenstadt an. Beeindruckend, wie harmonisch diese Tour von Jung und Alt ablief, beeindruckend die individuellen Leistungen und der angenehme, r\u00fccksichtsvolle Umgang. Dies wird nicht die letzte gemeinsame Radtour der Kolpingjugend Ilbenstadts und des RC 03 bleiben. Wir freuen uns auf die n\u00e4chste gemeinsame Tour. Ansprechpartner daf\u00fcr sind:<\/p>\n<p>Lutz Delling, Fachwart Radwandern im RC 03<br \/>\nE-Mail: <a href=\"mailto:radwandern@rc03-ilbenstadt.de\" target=\"_blank\" rel=\"noopener noreferrer\">radwandern(at)rc03-ilbenstadt.de<\/a><br \/>\nCaroline Denkler, Vorstand der Kolpingjugend<br \/>\nE-Mail: <a href=\"mailto:vorstand@kolpingjugend-ilbenstadt.de\" target=\"_blank\" rel=\"noopener noreferrer\">vorstand(at)kolpingjugend-ilbenstadt.de<\/a><\/p>\n<p>Zu unserer aktuell gefahrene Strecke <a href=\"https:\/\/www.bikemap.net\/de\/route\/3978555-rw-kloster-engelthal-v3\/\" target=\"_blank\" rel=\"noopener noreferrer\">bitte hier klicken<\/a>.<\/p>\n<p><strong>Impressionen der KulTOUR zum Kloster Engelthal<\/strong><\/p>\n<table>\n<tbody>\n<tr>\n<td><a href=\"https:\/\/www.rc03-ilbenstadt.de\/wp-content\/uploads\/2017\/05\/B-RW-170429-097-Kloster_Engelthal-W-WEB.jpg\" rel=\"lightbox[5455]\"><img loading=\"lazy\" decoding=\"async\" class=\"alignleft size-thumbnail wp-image-5476\" src=\"https:\/\/www.rc03-ilbenstadt.de\/wp-content\/uploads\/2017\/05\/B-RW-170429-097-Kloster_Engelthal-W-WEB-150x150.jpg\" alt=\"\" width=\"150\" height=\"150\" \/><\/a><\/td>\n<td><a href=\"https:\/\/www.rc03-ilbenstadt.de\/wp-content\/uploads\/2017\/05\/B-RW-170429-081-Kloster_Engelthal-W-WEB.jpg\" rel=\"lightbox[5455]\"><img loading=\"lazy\" decoding=\"async\" class=\"alignleft size-thumbnail wp-image-5473\" src=\"https:\/\/www.rc03-ilbenstadt.de\/wp-content\/uploads\/2017\/05\/B-RW-170429-081-Kloster_Engelthal-W-WEB-150x150.jpg\" alt=\"\" width=\"150\" height=\"150\" \/><\/a><\/td>\n<td><a href=\"https:\/\/www.rc03-ilbenstadt.de\/wp-content\/uploads\/2017\/05\/B-RW-170429-007-Kloster_Engelthal-W-WEB.jpg\" rel=\"lightbox[5455]\"><img loading=\"lazy\" decoding=\"async\" class=\"alignleft size-thumbnail wp-image-5457\" src=\"https:\/\/www.rc03-ilbenstadt.de\/wp-content\/uploads\/2017\/05\/B-RW-170429-007-Kloster_Engelthal-W-WEB-150x150.jpg\" alt=\"\" width=\"150\" height=\"150\" \/><\/a><\/td>\n<\/tr>\n<tr>\n<td><a href=\"https:\/\/www.rc03-ilbenstadt.de\/wp-content\/uploads\/2017\/05\/B-RW-170429-012-Kloster_Engelthal-W-WEB.jpg\" rel=\"lightbox[5455]\"><img loading=\"lazy\" decoding=\"async\" class=\"alignleft size-thumbnail wp-image-5459\" src=\"https:\/\/www.rc03-ilbenstadt.de\/wp-content\/uploads\/2017\/05\/B-RW-170429-012-Kloster_Engelthal-W-WEB-150x150.jpg\" alt=\"\" width=\"150\" height=\"150\" \/><\/a><\/td>\n<td><a href=\"https:\/\/www.rc03-ilbenstadt.de\/wp-content\/uploads\/2017\/05\/B-RW-170429-009-Kloster_Engelthal-W-WEB.jpg\" rel=\"lightbox[5455]\"><img loading=\"lazy\" decoding=\"async\" class=\"alignleft size-thumbnail wp-image-5458\" src=\"https:\/\/www.rc03-ilbenstadt.de\/wp-content\/uploads\/2017\/05\/B-RW-170429-009-Kloster_Engelthal-W-WEB-150x150.jpg\" alt=\"\" width=\"150\" height=\"150\" \/><\/a><\/td>\n<td><a href=\"https:\/\/www.rc03-ilbenstadt.de\/wp-content\/uploads\/2017\/05\/B-RW-170429-015-Kloster_Engelthal-W-WEB.jpg\" rel=\"lightbox[5455]\"><img loading=\"lazy\" decoding=\"async\" class=\"alignleft size-thumbnail wp-image-5460\" src=\"https:\/\/www.rc03-ilbenstadt.de\/wp-content\/uploads\/2017\/05\/B-RW-170429-015-Kloster_Engelthal-W-WEB-150x150.jpg\" alt=\"\" width=\"150\" height=\"150\" \/><\/a><\/td>\n<\/tr>\n<tr>\n<td><a href=\"https:\/\/www.rc03-ilbenstadt.de\/wp-content\/uploads\/2017\/05\/B-RW-170429-021-Kloster_Engelthal-W-WEB.jpg\" rel=\"lightbox[5455]\"><img loading=\"lazy\" decoding=\"async\" class=\"alignleft size-thumbnail wp-image-5462\" src=\"https:\/\/www.rc03-ilbenstadt.de\/wp-content\/uploads\/2017\/05\/B-RW-170429-021-Kloster_Engelthal-W-WEB-150x150.jpg\" alt=\"\" width=\"150\" height=\"150\" \/><\/a><\/td>\n<td><a href=\"https:\/\/www.rc03-ilbenstadt.de\/wp-content\/uploads\/2017\/05\/B-RW-170429-023-Kloster_Engelthal-W-WEB.jpg\" rel=\"lightbox[5455]\"><img loading=\"lazy\" decoding=\"async\" class=\"alignleft size-thumbnail wp-image-5463\" src=\"https:\/\/www.rc03-ilbenstadt.de\/wp-content\/uploads\/2017\/05\/B-RW-170429-023-Kloster_Engelthal-W-WEB-150x150.jpg\" alt=\"\" width=\"150\" height=\"150\" \/><\/a><\/td>\n<td><a href=\"https:\/\/www.rc03-ilbenstadt.de\/wp-content\/uploads\/2017\/05\/B-RW-170429-017-Kloster_Engelthal-W-WEB.jpg\" rel=\"lightbox[5455]\"><img loading=\"lazy\" decoding=\"async\" class=\"alignleft size-thumbnail wp-image-5461\" src=\"https:\/\/www.rc03-ilbenstadt.de\/wp-content\/uploads\/2017\/05\/B-RW-170429-017-Kloster_Engelthal-W-WEB-150x150.jpg\" alt=\"\" width=\"150\" height=\"150\" \/><\/a><\/td>\n<\/tr>\n<tr>\n<td>\u00a0<a href=\"https:\/\/www.rc03-ilbenstadt.de\/wp-content\/uploads\/2017\/05\/B-RW-170429-029-Kloster_Engelthal-W-WEB.jpg\" rel=\"lightbox[5455]\"><img loading=\"lazy\" decoding=\"async\" class=\"alignleft size-thumbnail wp-image-5465\" src=\"https:\/\/www.rc03-ilbenstadt.de\/wp-content\/uploads\/2017\/05\/B-RW-170429-029-Kloster_Engelthal-W-WEB-150x150.jpg\" alt=\"\" width=\"150\" height=\"150\" \/><\/a><\/td>\n<td>\u00a0<a href=\"https:\/\/www.rc03-ilbenstadt.de\/wp-content\/uploads\/2017\/05\/B-RW-170429-025-Kloster_Engelthal-W-WEB.jpg\" rel=\"lightbox[5455]\"><img loading=\"lazy\" decoding=\"async\" class=\"alignleft size-thumbnail wp-image-5464\" src=\"https:\/\/www.rc03-ilbenstadt.de\/wp-content\/uploads\/2017\/05\/B-RW-170429-025-Kloster_Engelthal-W-WEB-150x150.jpg\" alt=\"\" width=\"150\" height=\"150\" \/><\/a><\/td>\n<td>\u00a0<a href=\"https:\/\/www.rc03-ilbenstadt.de\/wp-content\/uploads\/2017\/05\/B-RW-170429-032-Kloster_Engelthal-W-WEB.jpg\" rel=\"lightbox[5455]\"><img loading=\"lazy\" decoding=\"async\" class=\"alignleft size-thumbnail wp-image-5466\" src=\"https:\/\/www.rc03-ilbenstadt.de\/wp-content\/uploads\/2017\/05\/B-RW-170429-032-Kloster_Engelthal-W-WEB-150x150.jpg\" alt=\"\" width=\"150\" height=\"150\" \/><\/a><\/td>\n<\/tr>\n<tr>\n<td>\u00a0<a href=\"https:\/\/www.rc03-ilbenstadt.de\/wp-content\/uploads\/2017\/05\/B-RW-170429-090-Kloster_Engelthal-W-WEB.jpg\" rel=\"lightbox[5455]\"><img loading=\"lazy\" decoding=\"async\" class=\"alignleft size-thumbnail wp-image-5474\" src=\"https:\/\/www.rc03-ilbenstadt.de\/wp-content\/uploads\/2017\/05\/B-RW-170429-090-Kloster_Engelthal-W-WEB-150x150.jpg\" alt=\"\" width=\"150\" height=\"150\" \/><\/a><\/td>\n<td>\u00a0<a href=\"https:\/\/www.rc03-ilbenstadt.de\/wp-content\/uploads\/2017\/05\/B-RW-170429-094-Kloster_Engelthal-W-WEB.jpg\" rel=\"lightbox[5455]\"><img loading=\"lazy\" decoding=\"async\" class=\"alignleft size-thumbnail wp-image-5475\" src=\"https:\/\/www.rc03-ilbenstadt.de\/wp-content\/uploads\/2017\/05\/B-RW-170429-094-Kloster_Engelthal-W-WEB-150x150.jpg\" alt=\"\" width=\"150\" height=\"150\" \/><\/a><\/td>\n<td>\u00a0<a href=\"https:\/\/www.rc03-ilbenstadt.de\/wp-content\/uploads\/2017\/05\/B-RW-170429-046-Kloster_Engelthal-W-WEB.jpg\" rel=\"lightbox[5455]\"><img loading=\"lazy\" decoding=\"async\" class=\"alignleft size-thumbnail wp-image-5467\" src=\"https:\/\/www.rc03-ilbenstadt.de\/wp-content\/uploads\/2017\/05\/B-RW-170429-046-Kloster_Engelthal-W-WEB-150x150.jpg\" alt=\"\" width=\"150\" height=\"150\" \/><\/a><\/td>\n<\/tr>\n<tr>\n<td>\u00a0<a href=\"https:\/\/www.rc03-ilbenstadt.de\/wp-content\/uploads\/2017\/05\/B-RW-170429-104-Kloster_Engelthal-W-WEB.jpg\" rel=\"lightbox[5455]\"><img loading=\"lazy\" decoding=\"async\" class=\"alignleft size-thumbnail wp-image-5477\" src=\"https:\/\/www.rc03-ilbenstadt.de\/wp-content\/uploads\/2017\/05\/B-RW-170429-104-Kloster_Engelthal-W-WEB-150x150.jpg\" alt=\"\" width=\"150\" height=\"150\" \/><\/a><\/td>\n<td>\u00a0<a href=\"https:\/\/www.rc03-ilbenstadt.de\/wp-content\/uploads\/2017\/05\/B-RW-170429-048-Kloster_Engelthal-W-WEB.jpg\" rel=\"lightbox[5455]\"><img loading=\"lazy\" decoding=\"async\" class=\"alignleft size-thumbnail wp-image-5468\" src=\"https:\/\/www.rc03-ilbenstadt.de\/wp-content\/uploads\/2017\/05\/B-RW-170429-048-Kloster_Engelthal-W-WEB-150x150.jpg\" alt=\"\" width=\"150\" height=\"150\" \/><\/a><\/td>\n<td>\u00a0<a href=\"https:\/\/www.rc03-ilbenstadt.de\/wp-content\/uploads\/2017\/05\/B-RW-170429-054-Kloster_Engelthal-W-WEB.jpg\" rel=\"lightbox[5455]\"><img loading=\"lazy\" decoding=\"async\" class=\"alignleft size-thumbnail wp-image-5469\" src=\"https:\/\/www.rc03-ilbenstadt.de\/wp-content\/uploads\/2017\/05\/B-RW-170429-054-Kloster_Engelthal-W-WEB-150x150.jpg\" alt=\"\" width=\"150\" height=\"150\" \/><\/a><\/td>\n<\/tr>\n<tr>\n<td><a href=\"https:\/\/www.rc03-ilbenstadt.de\/wp-content\/uploads\/2017\/05\/B-RW-170429-058-Kloster_Engelthal-W-WEB.jpg\" rel=\"lightbox[5455]\"><img loading=\"lazy\" decoding=\"async\" class=\"alignleft size-thumbnail wp-image-5470\" src=\"https:\/\/www.rc03-ilbenstadt.de\/wp-content\/uploads\/2017\/05\/B-RW-170429-058-Kloster_Engelthal-W-WEB-150x150.jpg\" alt=\"\" width=\"150\" height=\"150\" \/><\/a><\/td>\n<td><a href=\"https:\/\/www.rc03-ilbenstadt.de\/wp-content\/uploads\/2017\/05\/B-RW-170429-065-Kloster_Engelthal-W-WEB.jpg\" rel=\"lightbox[5455]\"><img loading=\"lazy\" decoding=\"async\" class=\"alignleft size-thumbnail wp-image-5471\" src=\"https:\/\/www.rc03-ilbenstadt.de\/wp-content\/uploads\/2017\/05\/B-RW-170429-065-Kloster_Engelthal-W-WEB-150x150.jpg\" alt=\"\" width=\"150\" height=\"150\" \/><\/a><\/td>\n<td><a href=\"https:\/\/www.rc03-ilbenstadt.de\/wp-content\/uploads\/2017\/05\/B-RW-170429-069-Kloster_Engelthal-W-WEB.jpg\" rel=\"lightbox[5455]\"><img loading=\"lazy\" decoding=\"async\" class=\"alignleft size-thumbnail wp-image-5472\" src=\"https:\/\/www.rc03-ilbenstadt.de\/wp-content\/uploads\/2017\/05\/B-RW-170429-069-Kloster_Engelthal-W-WEB-150x150.jpg\" alt=\"\" width=\"150\" height=\"150\" \/><\/a><\/td>\n<\/tr>\n<\/tbody>\n<\/table>\n","protected":false},"excerpt":{"rendered":"<p>Zum letzten Aprilwochenende hie\u00df es &#8222;Kolping bewegt, Kolping strampelt&#8220;. Bei bestem Radfahrwetter war Gro\u00df und Klein am Start, um sportlich aktiv Gemeinschaft zu erfahren. Unser Organisationsteam aus Kolpingjugend und RC 03 Ilbenstadt begr\u00fc\u00dfte am Wetterauer Dom zu Ilbenstadt eine bunte &hellip; <a href=\"https:\/\/www.rc03-ilbenstadt.de\/?p=5455\">Weiterlesen <span class=\"meta-nav\">&rarr;<\/span><\/a><\/p>\n","protected":false},"author":9,"featured_media":5464,"comment_status":"open","ping_status":"closed","sticky":false,"template":"","format":"standard","meta":{"_crdt_document":"","footnotes":""},"categories":[1],"tags":[],"class_list":["post-5455","post","type-post","status-publish","format-standard","has-post-thumbnail","hentry","category-allgemein"],"_links":{"self":[{"href":"https:\/\/www.rc03-ilbenstadt.de\/index.php?rest_route=\/wp\/v2\/posts\/5455","targetHints":{"allow":["GET"]}}],"collection":[{"href":"https:\/\/www.rc03-ilbenstadt.de\/index.php?rest_route=\/wp\/v2\/posts"}],"about":[{"href":"https:\/\/www.rc03-ilbenstadt.de\/index.php?rest_route=\/wp\/v2\/types\/post"}],"author":[{"embeddable":true,"href":"https:\/\/www.rc03-ilbenstadt.de\/index.php?rest_route=\/wp\/v2\/users\/9"}],"replies":[{"embeddable":true,"href":"https:\/\/www.rc03-ilbenstadt.de\/index.php?rest_route=%2Fwp%2Fv2%2Fcomments&post=5455"}],"version-history":[{"count":6,"href":"https:\/\/www.rc03-ilbenstadt.de\/index.php?rest_route=\/wp\/v2\/posts\/5455\/revisions"}],"predecessor-version":[{"id":5748,"href":"https:\/\/www.rc03-ilbenstadt.de\/index.php?rest_route=\/wp\/v2\/posts\/5455\/revisions\/5748"}],"wp:featuredmedia":[{"embeddable":true,"href":"https:\/\/www.rc03-ilbenstadt.de\/index.php?rest_route=\/wp\/v2\/media\/5464"}],"wp:attachment":[{"href":"https:\/\/www.rc03-ilbenstadt.de\/index.php?rest_route=%2Fwp%2Fv2%2Fmedia&parent=5455"}],"wp:term":[{"taxonomy":"category","embeddable":true,"href":"https:\/\/www.rc03-ilbenstadt.de\/index.php?rest_route=%2Fwp%2Fv2%2Fcategories&post=5455"},{"taxonomy":"post_tag","embeddable":true,"href":"https:\/\/www.rc03-ilbenstadt.de\/index.php?rest_route=%2Fwp%2Fv2%2Ftags&post=5455"}],"curies":[{"name":"wp","href":"https:\/\/api.w.org\/{rel}","templated":true}]}}