{"id":5680,"date":"2017-07-22T13:53:42","date_gmt":"2017-07-22T11:53:42","guid":{"rendered":"http:\/\/www.rc03-ilbenstadt.de\/?p=5680"},"modified":"2017-07-25T13:42:25","modified_gmt":"2017-07-25T11:42:25","slug":"ilbenstaedter-radtourenjenseits-der-noerdlichen-wetterauwir-berichten","status":"publish","type":"post","link":"https:\/\/www.rc03-ilbenstadt.de\/?p=5680","title":{"rendered":"Ilbenst\u00e4dter Radtouren<br>Jenseits der n\u00f6rdlichen Wetterau<br>Wir berichten:"},"content":{"rendered":"<p>Den Grenzbereich der n\u00f6rdlichen Wetterau zum Mittelhessischen und zum Vogelsberg nahmen wir am Vormittag des 18. Juli mit einer kleinen Schar unentwegter Radlerinnen und Radler unter die R\u00e4der. Dazu hatten wir Freunde eingeladen. Wir hatten uns bewusst f\u00fcr diesen Dienstag entschieden, um im Kreise derer, die ihren dritten Lebensabschnitt genie\u00dfen oder die sich tempor\u00e4r den Arbeitsprozessen entziehen konnten, dem<!--more--> Wochendtrubel zu entgehen.<\/p>\n<p>Am Hungener Freibad wurde auf dem Hessischen Bahnradweg Hungen &#8211; Villingen gestartet, der uns gut ausgebaut bis zur Gemarkungsgrenze Laubach\u00a0 begleitete. Das Laubacher Schloss forderte uns auf dem Weg nach Gr\u00fcnberg zu einem Abstecher heraus. So konnten wir etwas vom Flair des Ortes mit seinem Schloss und der Innenstadt aufnehmen. Weiter ging es dann \u00fcber Lauter und Wetterfeld nach Gr\u00fcnberg. Hier konnten wir mit Fug und Recht behaupten, dass wir den Vogelsberg erreicht haben, liegt denn der \u00e4u\u00dferste nordwestliche Zipfel dieses Mittelgebirges auf Gr\u00fcnberger Gemarkung. Die Umgebung machte auf uns zwar keinen gebirgigen Eindruck, doch forderte die ein oder andere &#8222;Bodenwelle&#8220; vollen k\u00f6rperlichen Einsatz. Andere warfen schon mal einen kritischen Blick auf den Akkustand ihres Pedelecs. Mit Ruhe und Gelassenheit erreichten wir den Gr\u00fcnberger Ortskern. Die angenehme und sehenswerte Umgebung lud uns auf dem Marktplatz zu einer Rast ein.<\/p>\n<p>Frisch gest\u00e4rkt brachen wir nach Lich auf. Hier durchquerten wir die Innenstadt, genossen die Basaltpflasterpassage und hielten in Front der Licher Brauerei nochmals inne, um uns f\u00fcr die letzten Kilometer mit einem k\u00fchlenden Getr\u00e4nk zu motivieren. Dies war denn auch von Erfolg gekr\u00f6nt; alle kamen zusammen am Ausgangspunkt der Tour, dem Hungener Freibad, an. Der Radwanderfachwart des RC 03 Ilbenstadt, Lutz Delling, konnte nicht nur das Lob f\u00fcr Streckenf\u00fchrung und Organisation entgegennehmen, sondern auch den Auftrag f\u00fcr die n\u00e4chste Tour. Hier soll Frankfurts Gr\u00fcng\u00fcrtel erfahren werden.<\/p>\n<p>Impressionen der Tour:<\/p>\n<table>\n<tbody>\n<tr>\n<td><a href=\"https:\/\/www.rc03-ilbenstadt.de\/wp-content\/uploads\/2017\/07\/B-RC03-RW-170718-04-Hungen_Gr\u00fcnberg-WEB.jpg\" rel=\"lightbox[5680]\"><img loading=\"lazy\" decoding=\"async\" class=\"alignleft size-thumbnail wp-image-5663\" src=\"https:\/\/www.rc03-ilbenstadt.de\/wp-content\/uploads\/2017\/07\/B-RC03-RW-170718-04-Hungen_Gr\u00fcnberg-WEB-150x150.jpg\" alt=\"\" width=\"150\" height=\"150\" \/><\/a><\/td>\n<td><a href=\"https:\/\/www.rc03-ilbenstadt.de\/wp-content\/uploads\/2017\/07\/B-RC03-RW-170718-10-Hungen_Gr\u00fcnberg-WEB.jpg\" rel=\"lightbox[5680]\"><img loading=\"lazy\" decoding=\"async\" class=\"alignleft size-thumbnail wp-image-5664\" src=\"https:\/\/www.rc03-ilbenstadt.de\/wp-content\/uploads\/2017\/07\/B-RC03-RW-170718-10-Hungen_Gr\u00fcnberg-WEB-150x150.jpg\" alt=\"\" width=\"150\" height=\"150\" \/><\/a><\/td>\n<td><a href=\"https:\/\/www.rc03-ilbenstadt.de\/wp-content\/uploads\/2017\/07\/B-RC03-RW-170718-12-Hungen_Gr\u00fcnberg-WEB.jpg\" rel=\"lightbox[5680]\"><img loading=\"lazy\" decoding=\"async\" class=\"alignleft size-thumbnail wp-image-5665\" src=\"https:\/\/www.rc03-ilbenstadt.de\/wp-content\/uploads\/2017\/07\/B-RC03-RW-170718-12-Hungen_Gr\u00fcnberg-WEB-150x150.jpg\" alt=\"\" width=\"150\" height=\"150\" \/><\/a><\/td>\n<\/tr>\n<tr>\n<td><a href=\"https:\/\/www.rc03-ilbenstadt.de\/wp-content\/uploads\/2017\/07\/B-RC03-RW-170718-15-Hungen_Gr\u00fcnberg-WEB.jpg\" rel=\"lightbox[5680]\"><img loading=\"lazy\" decoding=\"async\" class=\"alignleft size-thumbnail wp-image-5666\" src=\"https:\/\/www.rc03-ilbenstadt.de\/wp-content\/uploads\/2017\/07\/B-RC03-RW-170718-15-Hungen_Gr\u00fcnberg-WEB-150x150.jpg\" alt=\"\" width=\"150\" height=\"150\" \/><\/a><\/td>\n<td><a href=\"https:\/\/www.rc03-ilbenstadt.de\/wp-content\/uploads\/2017\/07\/B-RC03-RW-170718-19-Hungen_Gr\u00fcnberg-WEB.jpg\" rel=\"lightbox[5680]\"><img loading=\"lazy\" decoding=\"async\" class=\"alignleft size-thumbnail wp-image-5667\" src=\"https:\/\/www.rc03-ilbenstadt.de\/wp-content\/uploads\/2017\/07\/B-RC03-RW-170718-19-Hungen_Gr\u00fcnberg-WEB-150x150.jpg\" alt=\"\" width=\"150\" height=\"150\" \/><\/a><\/td>\n<td><a href=\"https:\/\/www.rc03-ilbenstadt.de\/wp-content\/uploads\/2017\/07\/B-RC03-RW-170718-21-Hungen_Gr\u00fcnberg-WEB.jpg\" rel=\"lightbox[5680]\"><img loading=\"lazy\" decoding=\"async\" class=\"alignleft size-thumbnail wp-image-5668\" src=\"https:\/\/www.rc03-ilbenstadt.de\/wp-content\/uploads\/2017\/07\/B-RC03-RW-170718-21-Hungen_Gr\u00fcnberg-WEB-150x150.jpg\" alt=\"\" width=\"150\" height=\"150\" \/><\/a><\/td>\n<\/tr>\n<tr>\n<td><a href=\"https:\/\/www.rc03-ilbenstadt.de\/wp-content\/uploads\/2017\/07\/B-RC03-RW-170718-22-Hungen_Gr\u00fcnberg-WEB.jpg\" rel=\"lightbox[5680]\"><img loading=\"lazy\" decoding=\"async\" class=\"alignleft size-thumbnail wp-image-5669\" src=\"https:\/\/www.rc03-ilbenstadt.de\/wp-content\/uploads\/2017\/07\/B-RC03-RW-170718-22-Hungen_Gr\u00fcnberg-WEB-150x150.jpg\" alt=\"\" width=\"150\" height=\"150\" \/><\/a><\/td>\n<td><a href=\"https:\/\/www.rc03-ilbenstadt.de\/wp-content\/uploads\/2017\/07\/B-RC03-RW-170718-26-Hungen_Gr\u00fcnberg-WEB.jpg\" rel=\"lightbox[5680]\"><img loading=\"lazy\" decoding=\"async\" class=\"alignleft size-thumbnail wp-image-5670\" src=\"https:\/\/www.rc03-ilbenstadt.de\/wp-content\/uploads\/2017\/07\/B-RC03-RW-170718-26-Hungen_Gr\u00fcnberg-WEB-150x150.jpg\" alt=\"\" width=\"150\" height=\"150\" \/><\/a><\/td>\n<td><a href=\"https:\/\/www.rc03-ilbenstadt.de\/wp-content\/uploads\/2017\/07\/B-RC03-RW-170718-29-Hungen_Gr\u00fcnberg-WEB.jpg\" rel=\"lightbox[5680]\"><img loading=\"lazy\" decoding=\"async\" class=\"alignleft size-thumbnail wp-image-5671\" src=\"https:\/\/www.rc03-ilbenstadt.de\/wp-content\/uploads\/2017\/07\/B-RC03-RW-170718-29-Hungen_Gr\u00fcnberg-WEB-150x150.jpg\" alt=\"\" width=\"150\" height=\"150\" \/><\/a><\/td>\n<\/tr>\n<tr>\n<td><a href=\"https:\/\/www.rc03-ilbenstadt.de\/wp-content\/uploads\/2017\/07\/B-RC03-RW-170718-30-Hungen_Gr\u00fcnberg-WEB.jpg\" rel=\"lightbox[5680]\"><img loading=\"lazy\" decoding=\"async\" class=\"alignleft size-thumbnail wp-image-5672\" src=\"https:\/\/www.rc03-ilbenstadt.de\/wp-content\/uploads\/2017\/07\/B-RC03-RW-170718-30-Hungen_Gr\u00fcnberg-WEB-150x150.jpg\" alt=\"\" width=\"150\" height=\"150\" \/><\/a><\/td>\n<td><a href=\"https:\/\/www.rc03-ilbenstadt.de\/wp-content\/uploads\/2017\/07\/B-RC03-RW-170718-33-Hungen_Gr\u00fcnberg-WEB.jpg\" rel=\"lightbox[5680]\"><img loading=\"lazy\" decoding=\"async\" class=\"alignleft size-thumbnail wp-image-5673\" src=\"https:\/\/www.rc03-ilbenstadt.de\/wp-content\/uploads\/2017\/07\/B-RC03-RW-170718-33-Hungen_Gr\u00fcnberg-WEB-150x150.jpg\" alt=\"\" width=\"150\" height=\"150\" \/><\/a><\/td>\n<td><a href=\"https:\/\/www.rc03-ilbenstadt.de\/wp-content\/uploads\/2017\/07\/B-RC03-RW-170718-34-Hungen_Gr\u00fcnberg-WEB.jpg\" rel=\"lightbox[5680]\"><img loading=\"lazy\" decoding=\"async\" class=\"alignleft size-thumbnail wp-image-5674\" src=\"https:\/\/www.rc03-ilbenstadt.de\/wp-content\/uploads\/2017\/07\/B-RC03-RW-170718-34-Hungen_Gr\u00fcnberg-WEB-150x150.jpg\" alt=\"\" width=\"150\" height=\"150\" \/><\/a><\/td>\n<\/tr>\n<tr>\n<td><a href=\"https:\/\/www.rc03-ilbenstadt.de\/wp-content\/uploads\/2017\/07\/B-RC03-RW-170718-37-Hungen_Gr\u00fcnberg-WEB.jpg\" rel=\"lightbox[5680]\"><img loading=\"lazy\" decoding=\"async\" class=\"alignleft size-thumbnail wp-image-5675\" src=\"https:\/\/www.rc03-ilbenstadt.de\/wp-content\/uploads\/2017\/07\/B-RC03-RW-170718-37-Hungen_Gr\u00fcnberg-WEB-150x150.jpg\" alt=\"\" width=\"150\" height=\"150\" \/><\/a><\/td>\n<td><a href=\"https:\/\/www.rc03-ilbenstadt.de\/wp-content\/uploads\/2017\/07\/B-RC03-RW-170718-39-Hungen_Gr\u00fcnberg-WEB.jpg\" rel=\"lightbox[5680]\"><img loading=\"lazy\" decoding=\"async\" class=\"alignleft size-thumbnail wp-image-5676\" src=\"https:\/\/www.rc03-ilbenstadt.de\/wp-content\/uploads\/2017\/07\/B-RC03-RW-170718-39-Hungen_Gr\u00fcnberg-WEB-150x150.jpg\" alt=\"\" width=\"150\" height=\"150\" \/><\/a><\/td>\n<td><a href=\"https:\/\/www.rc03-ilbenstadt.de\/wp-content\/uploads\/2017\/07\/B-RC03-RW-170718-41-Hungen_Gr\u00fcnberg-WEB.jpg\" rel=\"lightbox[5680]\"><img loading=\"lazy\" decoding=\"async\" class=\"alignleft size-thumbnail wp-image-5677\" src=\"https:\/\/www.rc03-ilbenstadt.de\/wp-content\/uploads\/2017\/07\/B-RC03-RW-170718-41-Hungen_Gr\u00fcnberg-WEB-150x150.jpg\" alt=\"\" width=\"150\" height=\"150\" \/><\/a><\/td>\n<\/tr>\n<tr>\n<td>\u00a0<a href=\"https:\/\/www.rc03-ilbenstadt.de\/wp-content\/uploads\/2017\/07\/B-RC03-RW-170718-46-Hungen_Gr\u00fcnberg-Lutz-WEB.jpg\" rel=\"lightbox[5680]\"><img loading=\"lazy\" decoding=\"async\" class=\"alignleft size-thumbnail wp-image-5681\" src=\"https:\/\/www.rc03-ilbenstadt.de\/wp-content\/uploads\/2017\/07\/B-RC03-RW-170718-46-Hungen_Gr\u00fcnberg-Lutz-WEB-150x150.jpg\" alt=\"\" width=\"150\" height=\"150\" \/><\/a><\/td>\n<td><a href=\"https:\/\/www.rc03-ilbenstadt.de\/wp-content\/uploads\/2017\/07\/B-RC03-RW-170718-50-Hungen_Gr\u00fcnberg-Lutz-WEB.jpg\" rel=\"lightbox[5680]\"><img loading=\"lazy\" decoding=\"async\" class=\"alignleft size-thumbnail wp-image-5679\" src=\"https:\/\/www.rc03-ilbenstadt.de\/wp-content\/uploads\/2017\/07\/B-RC03-RW-170718-50-Hungen_Gr\u00fcnberg-Lutz-WEB-150x150.jpg\" alt=\"\" width=\"150\" height=\"150\" \/><\/a><\/td>\n<td><\/td>\n<\/tr>\n<\/tbody>\n<\/table>\n","protected":false},"excerpt":{"rendered":"<p>Den Grenzbereich der n\u00f6rdlichen Wetterau zum Mittelhessischen und zum Vogelsberg nahmen wir am Vormittag des 18. Juli mit einer kleinen Schar unentwegter Radlerinnen und Radler unter die R\u00e4der. Dazu hatten wir Freunde eingeladen. Wir hatten uns bewusst f\u00fcr diesen Dienstag &hellip; <a href=\"https:\/\/www.rc03-ilbenstadt.de\/?p=5680\">Weiterlesen <span class=\"meta-nav\">&rarr;<\/span><\/a><\/p>\n","protected":false},"author":9,"featured_media":5663,"comment_status":"open","ping_status":"closed","sticky":false,"template":"","format":"standard","meta":{"_crdt_document":"","footnotes":""},"categories":[1],"tags":[],"class_list":["post-5680","post","type-post","status-publish","format-standard","has-post-thumbnail","hentry","category-allgemein"],"_links":{"self":[{"href":"https:\/\/www.rc03-ilbenstadt.de\/index.php?rest_route=\/wp\/v2\/posts\/5680","targetHints":{"allow":["GET"]}}],"collection":[{"href":"https:\/\/www.rc03-ilbenstadt.de\/index.php?rest_route=\/wp\/v2\/posts"}],"about":[{"href":"https:\/\/www.rc03-ilbenstadt.de\/index.php?rest_route=\/wp\/v2\/types\/post"}],"author":[{"embeddable":true,"href":"https:\/\/www.rc03-ilbenstadt.de\/index.php?rest_route=\/wp\/v2\/users\/9"}],"replies":[{"embeddable":true,"href":"https:\/\/www.rc03-ilbenstadt.de\/index.php?rest_route=%2Fwp%2Fv2%2Fcomments&post=5680"}],"version-history":[{"count":5,"href":"https:\/\/www.rc03-ilbenstadt.de\/index.php?rest_route=\/wp\/v2\/posts\/5680\/revisions"}],"predecessor-version":[{"id":5696,"href":"https:\/\/www.rc03-ilbenstadt.de\/index.php?rest_route=\/wp\/v2\/posts\/5680\/revisions\/5696"}],"wp:featuredmedia":[{"embeddable":true,"href":"https:\/\/www.rc03-ilbenstadt.de\/index.php?rest_route=\/wp\/v2\/media\/5663"}],"wp:attachment":[{"href":"https:\/\/www.rc03-ilbenstadt.de\/index.php?rest_route=%2Fwp%2Fv2%2Fmedia&parent=5680"}],"wp:term":[{"taxonomy":"category","embeddable":true,"href":"https:\/\/www.rc03-ilbenstadt.de\/index.php?rest_route=%2Fwp%2Fv2%2Fcategories&post=5680"},{"taxonomy":"post_tag","embeddable":true,"href":"https:\/\/www.rc03-ilbenstadt.de\/index.php?rest_route=%2Fwp%2Fv2%2Ftags&post=5680"}],"curies":[{"name":"wp","href":"https:\/\/api.w.org\/{rel}","templated":true}]}}