{"id":5724,"date":"2017-08-16T16:00:50","date_gmt":"2017-08-16T14:00:50","guid":{"rendered":"http:\/\/www.rc03-ilbenstadt.de\/?p=5724"},"modified":"2017-10-28T12:21:15","modified_gmt":"2017-10-28T10:21:15","slug":"ilbenstaedter-radtourenerfahre-den-gruenguertelradweg-um-frankfurtam-samstag-den-29-august-2017","status":"publish","type":"post","link":"https:\/\/www.rc03-ilbenstadt.de\/?p=5724","title":{"rendered":"Ilbenst\u00e4dter Radtouren<br>Erfahre den Gr\u00fcng\u00fcrtelradweg um Frankfurt<br>am Dienstag, den 29. August 2017"},"content":{"rendered":"<p>Die Gr\u00fcng\u00fcrteltour &#8211; ein Dauerbrenner in unserem Angebot &#8211; haben wir auf vielfachen Wunsch nach 2014 und 2015 wieder aufgelegt. Wegen Gleisbauarbeiten haben wir in diesem Jahr eine Umleitung im Stadtwald akzeptieren m\u00fcssen, mit der wir allerdings gut leben k\u00f6nnen.<\/p>\n<p>Der Gr\u00fcng\u00fcrtelradweg ist eine hervorragende M\u00f6glichkeit, <!--more-->im Gr\u00fcnen um eine pulsierende Gro\u00dfstadt zu radeln. Frankfurt zeigt hier, dass es seit Jahrzehnten verstanden hat, das Erholungsbed\u00fcrfnis der B\u00fcrgerinnen und B\u00fcrger mit st\u00e4dtebaulichen und wirtschaftlichen Interessen einer Gro\u00dfstadt zu vereinen. Wenn der Gr\u00fcng\u00fcrtelradweg in Autobahn- oder Flughafenn\u00e4he gef\u00fchrt wird, kommt die nahe Gro\u00dfstadt wieder in das Bewusstsein, w\u00e4hrend sie auf ruhigen, teilweise idyllischen Gebieten scheinbar weit weg ist.<\/p>\n<p>Wir starten am<span id=\"more-3630\"><\/span><\/p>\n<p><strong>Dienstag, den 29. August 2017 um 10:00 Uhr<\/strong><br \/>\n<strong>am Alten Flugplatz in<\/strong><br \/>\n<strong>60437 Frankfurt-Bonames<\/strong><br \/>\n<strong>Am Burghof 5<\/strong><\/p>\n<p>Parkpl\u00e4tze stehen hier ausreichend zur Verf\u00fcgung.<\/p>\n<p>Von hier aus geht es die Nidda entlang nach H\u00f6chst und schippern mit der F\u00e4hre \u00fcber den Main, um dann durch den facettenreichen Frankfurter Stadtwald den Goetheturm zu erreichen. Hier bleiben wir kurz auf Goethes Spuren, genie\u00dfen die Aussicht auf das Panorama der Stadt Frankfurt und steuern die Gerberm\u00fchle an. Im Rudererdorf ist eine Einkehr geplant. Von dort fahren wir zun\u00e4chst den Main entlang, dann zum Riedteich nach Bergen, hinter dem uns eine kurze, knackige Steigung erwartet, die wir in aller Ruhe, ob auf oder neben dem Rad, bew\u00e4ltigen werden. Danach belohnt uns der tolle Blick vom Lohrberg \u00fcber Frankfurt bis weit in den Odenwald hinein. \u00dcber Preungesheim erreichen wir dann unseren Ausgangspunkt.<\/p>\n<p>G\u00e4ste sind bei unserer Gr\u00fcng\u00fcrtelradtour herzlich willkommen.<\/p>\n<p>Die An- und Abreise zum Alten Flugplatz erfolgt individuell. Fahrgemeinschaften oder die Nutzung von \u00f6ffentlichen Verkehrsmitteln, zum Beispiel die S 6 bis Frankfurter Berg, empfehlen sich.<\/p>\n<p>Fragen zu dieser Tour beantwortet gerne unser Radwanderfachwart Lutz Delling, Telefon 06034 86 47 oder Wilhelm Schr\u00f6der, Telefon 01523 42 10 315.<\/p>\n<p>Wir freuen uns auf eine sch\u00f6ne Radtour<br \/>\nMach mit!<br \/>\nStreckenverlauf:<br \/>\n<iframe loading=\"lazy\" src=\"\/\/www.gpsies.com\/mapOnly.do?fileId=gtkkjdpourxjmmbk\" width=\"600\" height=\"400\" frameborder=\"0\" marginwidth=\"0\" marginheight=\"0\" scrolling=\"no\"><\/iframe><\/p>\n","protected":false},"excerpt":{"rendered":"<p>Die Gr\u00fcng\u00fcrteltour &#8211; ein Dauerbrenner in unserem Angebot &#8211; haben wir auf vielfachen Wunsch nach 2014 und 2015 wieder aufgelegt. Wegen Gleisbauarbeiten haben wir in diesem Jahr eine Umleitung im Stadtwald akzeptieren m\u00fcssen, mit der wir allerdings gut leben k\u00f6nnen. &hellip; <a href=\"https:\/\/www.rc03-ilbenstadt.de\/?p=5724\">Weiterlesen <span class=\"meta-nav\">&rarr;<\/span><\/a><\/p>\n","protected":false},"author":9,"featured_media":3044,"comment_status":"open","ping_status":"closed","sticky":false,"template":"","format":"standard","meta":{"_crdt_document":"","footnotes":""},"categories":[1],"tags":[],"class_list":["post-5724","post","type-post","status-publish","format-standard","has-post-thumbnail","hentry","category-allgemein"],"_links":{"self":[{"href":"https:\/\/www.rc03-ilbenstadt.de\/index.php?rest_route=\/wp\/v2\/posts\/5724","targetHints":{"allow":["GET"]}}],"collection":[{"href":"https:\/\/www.rc03-ilbenstadt.de\/index.php?rest_route=\/wp\/v2\/posts"}],"about":[{"href":"https:\/\/www.rc03-ilbenstadt.de\/index.php?rest_route=\/wp\/v2\/types\/post"}],"author":[{"embeddable":true,"href":"https:\/\/www.rc03-ilbenstadt.de\/index.php?rest_route=\/wp\/v2\/users\/9"}],"replies":[{"embeddable":true,"href":"https:\/\/www.rc03-ilbenstadt.de\/index.php?rest_route=%2Fwp%2Fv2%2Fcomments&post=5724"}],"version-history":[{"count":5,"href":"https:\/\/www.rc03-ilbenstadt.de\/index.php?rest_route=\/wp\/v2\/posts\/5724\/revisions"}],"predecessor-version":[{"id":6220,"href":"https:\/\/www.rc03-ilbenstadt.de\/index.php?rest_route=\/wp\/v2\/posts\/5724\/revisions\/6220"}],"wp:featuredmedia":[{"embeddable":true,"href":"https:\/\/www.rc03-ilbenstadt.de\/index.php?rest_route=\/wp\/v2\/media\/3044"}],"wp:attachment":[{"href":"https:\/\/www.rc03-ilbenstadt.de\/index.php?rest_route=%2Fwp%2Fv2%2Fmedia&parent=5724"}],"wp:term":[{"taxonomy":"category","embeddable":true,"href":"https:\/\/www.rc03-ilbenstadt.de\/index.php?rest_route=%2Fwp%2Fv2%2Fcategories&post=5724"},{"taxonomy":"post_tag","embeddable":true,"href":"https:\/\/www.rc03-ilbenstadt.de\/index.php?rest_route=%2Fwp%2Fv2%2Ftags&post=5724"}],"curies":[{"name":"wp","href":"https:\/\/api.w.org\/{rel}","templated":true}]}}