{"id":5732,"date":"2017-08-23T19:04:12","date_gmt":"2017-08-23T17:04:12","guid":{"rendered":"http:\/\/www.rc03-ilbenstadt.de\/?p=5732"},"modified":"2017-08-23T21:19:39","modified_gmt":"2017-08-23T19:19:39","slug":"ilbenstaedter-radtourenkultour-mit-luther-in-der-wetterau-unterwegswir-berichten","status":"publish","type":"post","link":"https:\/\/www.rc03-ilbenstadt.de\/?p=5732","title":{"rendered":"Ilbenst\u00e4dter Radtouren<br>KulTOUR &#8222;Mit Luther in der Wetterau unterwegs&#8220;<br>Wir berichten:"},"content":{"rendered":"<p>Am 19. August hie\u00df es zum zweiten Mal &#8222;Kolping strampelt, Kolping bewegt&#8220;.\u00a0 Die Kooperation der Kolpingjugend mit dem RC 03 Ilbenstadt geht weiter. Am Wetterauer Dom zu Ilbenstadt traf sich eine 14-k\u00f6pfige heterogene Gruppe, um auf Luthers Spuren in die Wetterau zu ziehen. W\u00f6lfersheim-S\u00f6del war ein Ziel der Jugendlichen und der jung gebliebenen Erwachsenen. Hier wartete auf dem Kirchplatz, dem fr\u00fcheren &#8222;Freihof&#8220;, Herbert Meyer uns, ein intimer Kenner<!--more--> der S\u00f6deler Geschichte. Er verstand es kurzweilig durch S\u00f6dels Geschichte zu f\u00fchren und begann in der dokumentierten Zeit Karls des Gro\u00dfen, nicht ohne den Hinweis zu vergessen, dass die Besiedelung dieses Fleckens mindestens bis zur Bronzezeit zu datieren ist. Aus heutiger Sicht Kurioses und Unerwartetes war dabei. Besonders interessierte die Verbindung des Ilbenst\u00e4dter Pr\u00e4monstratenser Ordens zu S\u00f6del, die auf das 12. Jahrhundert zur\u00fcck geht, nachdem S\u00f6del aus dem fuldschen Klosterbesitz zum Erzbistum Mainz &#8222;entlassen&#8220; wurde. Mit der Verwaltung vor Ort und zum Erheben der Abgaben, damals sprach man vom &#8222;Zehnten&#8220;, war das Erzbistum Mainz nicht in der Lage und so \u00fcbertrug man dem Kloster in Ilbenstadt diese Aufgaben. Oder war es nur ein taktischer Schachzug, denn der deutsch-r\u00f6mische K\u00f6nig Friederich I., der sp\u00e4tere deutsch-r\u00f6mische Kaiser Barbarossa, erlie\u00df 1154 dem Pr\u00e4monstratenser Orden im gesamten Reich die Z\u00f6lle? Nein! Die Aufgaben hatte das Ilbenst\u00e4dter Kloster mindestens seit 1149 inne. Rund 400 Jahre wurde dann S\u00f6del aus Ilbenstadt verwaltet. Leicht muss das nicht gewesen sein, denn eine notwendige Erneuerung des Kirchendaches musste sich S\u00f6del gerichtlich gegen\u00fcber den Ilbenst\u00e4dter Verwaltern erklagen. In heutigen Begegnungen zwischen S\u00f6delern und Ilbenst\u00e4dtern blieb da keine Belastung zur\u00fcck.<\/p>\n<table>\n<tbody>\n<tr>\n<td><img loading=\"lazy\" decoding=\"async\" class=\"size-full wp-image-5185 alignleft\" src=\"https:\/\/www.rc03-ilbenstadt.de\/wp-content\/uploads\/2017\/01\/RC03_Logo_70px-sb.gif\" alt=\"\" width=\"93\" height=\"100\" \/><img loading=\"lazy\" decoding=\"async\" class=\"size-medium wp-image-5438 alignleft\" src=\"https:\/\/www.rc03-ilbenstadt.de\/wp-content\/uploads\/2017\/04\/LOGO-Kolping_Jugend-300x108.jpg\" alt=\"\" width=\"300\" height=\"108\" srcset=\"https:\/\/www.rc03-ilbenstadt.de\/wp-content\/uploads\/2017\/04\/LOGO-Kolping_Jugend-300x108.jpg 300w, https:\/\/www.rc03-ilbenstadt.de\/wp-content\/uploads\/2017\/04\/LOGO-Kolping_Jugend-768x277.jpg 768w, https:\/\/www.rc03-ilbenstadt.de\/wp-content\/uploads\/2017\/04\/LOGO-Kolping_Jugend.jpg 772w\" sizes=\"auto, (max-width: 300px) 100vw, 300px\" \/><\/td>\n<\/tr>\n<\/tbody>\n<\/table>\n<p>Mit geschichtlichen Einblicken versorgt, verweilten wir noch bei einem Imbiss auf dem Kirchplatz, den die Kolpingjugend vorausschauend in der Person von Carolin Denkler organisiert hatte. Weiter ging es dann \u00fcber Wisselsheim, Schwalheim, Bad Nauheim und Friedberg zur\u00fcck nach Ilbenstadt. Luthers Weg von 1521 haben wir nicht immer getroffen. Luther w\u00e4re von unserer Wegwahl und den Sch\u00f6nheiten l\u00e4ngs des Weges angetan gewesen, so dass wir sicher in seinem Sinne und auch im Bewusstein seiner &#8222;Beschwerlichkeiten&#8220; und Intentionen unterwegs waren. Trotz aller Defekte, die uns unterwegs trafen, trotz aller Leistungsunterschiede, sind wir wieder gemeinsam in Ilbenstadt angekommen. Gemeinschaft au\u00dferhalb des Tagesgeschehens zu pflegen, R\u00fccksicht aufeinander zu nehmen, Verst\u00e4ndnis zu zeigen, sind neben gesundheitlichen, sportlichen und kulturellen Aspekten Werte, auf die es auch bei einer Radtour ankommt.<\/p>\n<p>Wir freuen uns auf weitere gemeinsame Radtouren!<\/p>\n<p>Ansprechpartner daf\u00fcr sind:<\/p>\n<p>Lutz Delling, Fachwart Radwandern im RC 03<br \/>\nE-Mail: <a href=\"mailto:radwandern@rc03-ilbenstadt.de\" target=\"_blank\" rel=\"noopener noreferrer\">radwandern(at)rc03-ilbenstadt.de<\/a><br \/>\nCaroline Denkler, Vorstand der Kolpingjugend<br \/>\nE-Mail: <a href=\"mailto:vorstand@kolpingjugend-ilbenstadt.de\" target=\"_blank\" rel=\"noopener noreferrer\">vorstand(at)kolpingjugend-ilbenstadt.de<\/a><\/p>\n<p>Zu unserer aktuell gefahrene Strecke <a href=\"https:\/\/www.bikemap.net\/de\/route\/4159304-rw-lutherradweg_wetterau-v02\/#\/z16\/50.3949019,8.807677\/terrain\" target=\"_blank\" rel=\"noopener noreferrer\">bitte hier klicken<\/a>.<\/p>\n<p><strong>Impressionen der KulTOUR &#8222;Auf Luthers Spuren&#8220;:<br \/>\n<\/strong><\/p>\n<table>\n<tbody>\n<tr>\n<td><a href=\"https:\/\/www.rc03-ilbenstadt.de\/wp-content\/uploads\/2017\/08\/B-RW-170819-31-Lutherweg_mit_Kolping-WEB.jpg\" rel=\"lightbox[5732]\"><img loading=\"lazy\" decoding=\"async\" class=\"alignleft size-thumbnail wp-image-5740\" src=\"https:\/\/www.rc03-ilbenstadt.de\/wp-content\/uploads\/2017\/08\/B-RW-170819-31-Lutherweg_mit_Kolping-WEB-150x150.jpg\" alt=\"\" width=\"150\" height=\"150\" \/><\/a><\/td>\n<td><a href=\"https:\/\/www.rc03-ilbenstadt.de\/wp-content\/uploads\/2017\/08\/B-RW-170819-29-Lutherweg_mit_Kolping-WEB.jpg\" rel=\"lightbox[5732]\"><img loading=\"lazy\" decoding=\"async\" class=\"alignleft size-thumbnail wp-image-5738\" src=\"https:\/\/www.rc03-ilbenstadt.de\/wp-content\/uploads\/2017\/08\/B-RW-170819-29-Lutherweg_mit_Kolping-WEB-150x150.jpg\" alt=\"\" width=\"150\" height=\"150\" \/><\/a><\/td>\n<td><a href=\"https:\/\/www.rc03-ilbenstadt.de\/wp-content\/uploads\/2017\/08\/B-RW-170819-30-Lutherweg_mit_Kolping-WEB.jpg\" rel=\"lightbox[5732]\"><img loading=\"lazy\" decoding=\"async\" class=\"alignleft size-thumbnail wp-image-5739\" src=\"https:\/\/www.rc03-ilbenstadt.de\/wp-content\/uploads\/2017\/08\/B-RW-170819-30-Lutherweg_mit_Kolping-WEB-150x150.jpg\" alt=\"\" width=\"150\" height=\"150\" \/><\/a><\/td>\n<\/tr>\n<tr>\n<td><a href=\"https:\/\/www.rc03-ilbenstadt.de\/wp-content\/uploads\/2017\/08\/B-RW-170819-34-Lutherweg_mit_Kolping-WEB.jpg\" rel=\"lightbox[5732]\"><img loading=\"lazy\" decoding=\"async\" class=\"alignleft size-thumbnail wp-image-5741\" src=\"https:\/\/www.rc03-ilbenstadt.de\/wp-content\/uploads\/2017\/08\/B-RW-170819-34-Lutherweg_mit_Kolping-WEB-150x150.jpg\" alt=\"\" width=\"150\" height=\"150\" \/><\/a><\/td>\n<td><a href=\"https:\/\/www.rc03-ilbenstadt.de\/wp-content\/uploads\/2017\/08\/B-RW-170819-09-Lutherweg_mit_Kolping-WEB.jpg\" rel=\"lightbox[5732]\"><img loading=\"lazy\" decoding=\"async\" class=\"alignleft size-thumbnail wp-image-5733\" src=\"https:\/\/www.rc03-ilbenstadt.de\/wp-content\/uploads\/2017\/08\/B-RW-170819-09-Lutherweg_mit_Kolping-WEB-150x150.jpg\" alt=\"\" width=\"150\" height=\"150\" \/><\/a><\/td>\n<td><a href=\"https:\/\/www.rc03-ilbenstadt.de\/wp-content\/uploads\/2017\/08\/B-RW-170819-35-Lutherweg_mit_Kolping-WEB.jpg\" rel=\"lightbox[5732]\"><img loading=\"lazy\" decoding=\"async\" class=\"alignleft size-thumbnail wp-image-5742\" src=\"https:\/\/www.rc03-ilbenstadt.de\/wp-content\/uploads\/2017\/08\/B-RW-170819-35-Lutherweg_mit_Kolping-WEB-150x150.jpg\" alt=\"\" width=\"150\" height=\"150\" \/><\/a><\/td>\n<\/tr>\n<tr>\n<td><a href=\"https:\/\/www.rc03-ilbenstadt.de\/wp-content\/uploads\/2017\/08\/B-RW-170819-38-Lutherweg_mit_Kolping-WEB.jpg\" rel=\"lightbox[5732]\"><img loading=\"lazy\" decoding=\"async\" class=\"alignleft size-thumbnail wp-image-5743\" src=\"https:\/\/www.rc03-ilbenstadt.de\/wp-content\/uploads\/2017\/08\/B-RW-170819-38-Lutherweg_mit_Kolping-WEB-150x150.jpg\" alt=\"\" width=\"150\" height=\"150\" \/><\/a><\/td>\n<td><a href=\"https:\/\/www.rc03-ilbenstadt.de\/wp-content\/uploads\/2017\/08\/B-RW-170819-46-Lutherweg_mit_Kolping-WEB.jpg\" rel=\"lightbox[5732]\"><img loading=\"lazy\" decoding=\"async\" class=\"alignleft size-thumbnail wp-image-5746\" src=\"https:\/\/www.rc03-ilbenstadt.de\/wp-content\/uploads\/2017\/08\/B-RW-170819-46-Lutherweg_mit_Kolping-WEB-150x150.jpg\" alt=\"\" width=\"150\" height=\"150\" \/><\/a><\/td>\n<td><a href=\"https:\/\/www.rc03-ilbenstadt.de\/wp-content\/uploads\/2017\/08\/B-RW-170819-41-Lutherweg_mit_Kolping-WEB.jpg\" rel=\"lightbox[5732]\"><img loading=\"lazy\" decoding=\"async\" class=\"alignleft size-thumbnail wp-image-5744\" src=\"https:\/\/www.rc03-ilbenstadt.de\/wp-content\/uploads\/2017\/08\/B-RW-170819-41-Lutherweg_mit_Kolping-WEB-150x150.jpg\" alt=\"\" width=\"150\" height=\"150\" \/><\/a><\/td>\n<\/tr>\n<tr>\n<td><a href=\"https:\/\/www.rc03-ilbenstadt.de\/wp-content\/uploads\/2017\/08\/B-RW-170819-43-Lutherweg_mit_Kolping-WEB.jpg\" rel=\"lightbox[5732]\"><img loading=\"lazy\" decoding=\"async\" class=\"alignleft size-thumbnail wp-image-5745\" src=\"https:\/\/www.rc03-ilbenstadt.de\/wp-content\/uploads\/2017\/08\/B-RW-170819-43-Lutherweg_mit_Kolping-WEB-150x150.jpg\" alt=\"\" width=\"150\" height=\"150\" \/><\/a><\/td>\n<td><a href=\"https:\/\/www.rc03-ilbenstadt.de\/wp-content\/uploads\/2017\/08\/B-RW-170819-20-Lutherweg_mit_Kolping-WEB.jpg\" rel=\"lightbox[5732]\"><img loading=\"lazy\" decoding=\"async\" class=\"alignleft size-thumbnail wp-image-5734\" src=\"https:\/\/www.rc03-ilbenstadt.de\/wp-content\/uploads\/2017\/08\/B-RW-170819-20-Lutherweg_mit_Kolping-WEB-150x150.jpg\" alt=\"\" width=\"150\" height=\"150\" \/><\/a><\/td>\n<td><a href=\"https:\/\/www.rc03-ilbenstadt.de\/wp-content\/uploads\/2017\/08\/B-RW-170819-21-Lutherweg_mit_Kolping-WEB.jpg\" rel=\"lightbox[5732]\"><img loading=\"lazy\" decoding=\"async\" class=\"alignleft size-thumbnail wp-image-5735\" src=\"https:\/\/www.rc03-ilbenstadt.de\/wp-content\/uploads\/2017\/08\/B-RW-170819-21-Lutherweg_mit_Kolping-WEB-150x150.jpg\" alt=\"\" width=\"150\" height=\"150\" \/><\/a><\/td>\n<\/tr>\n<tr>\n<td><a href=\"https:\/\/www.rc03-ilbenstadt.de\/wp-content\/uploads\/2017\/08\/B-RW-170819-24-Lutherweg_mit_Kolping-WEB.jpg\" rel=\"lightbox[5732]\"><img loading=\"lazy\" decoding=\"async\" class=\"alignleft size-thumbnail wp-image-5736\" src=\"https:\/\/www.rc03-ilbenstadt.de\/wp-content\/uploads\/2017\/08\/B-RW-170819-24-Lutherweg_mit_Kolping-WEB-150x150.jpg\" alt=\"\" width=\"150\" height=\"150\" \/><\/a><\/td>\n<td><a href=\"https:\/\/www.rc03-ilbenstadt.de\/wp-content\/uploads\/2017\/08\/B-RW-170819-27-Lutherweg_mit_Kolping-WEB.jpg\" rel=\"lightbox[5732]\"><img loading=\"lazy\" decoding=\"async\" class=\"alignleft size-thumbnail wp-image-5737\" src=\"https:\/\/www.rc03-ilbenstadt.de\/wp-content\/uploads\/2017\/08\/B-RW-170819-27-Lutherweg_mit_Kolping-WEB-150x150.jpg\" alt=\"\" width=\"150\" height=\"150\" \/><\/a><\/td>\n<td><a href=\"https:\/\/www.rc03-ilbenstadt.de\/wp-content\/uploads\/2017\/08\/B-RW-170819-48-Lutherweg_mit_Kolping-WEB.jpg\" rel=\"lightbox[5732]\"><img loading=\"lazy\" decoding=\"async\" class=\"alignleft size-thumbnail wp-image-5747\" src=\"https:\/\/www.rc03-ilbenstadt.de\/wp-content\/uploads\/2017\/08\/B-RW-170819-48-Lutherweg_mit_Kolping-WEB-150x150.jpg\" alt=\"\" width=\"150\" height=\"150\" \/><\/a><\/td>\n<\/tr>\n<\/tbody>\n<\/table>\n","protected":false},"excerpt":{"rendered":"<p>Am 19. August hie\u00df es zum zweiten Mal &#8222;Kolping strampelt, Kolping bewegt&#8220;.\u00a0 Die Kooperation der Kolpingjugend mit dem RC 03 Ilbenstadt geht weiter. Am Wetterauer Dom zu Ilbenstadt traf sich eine 14-k\u00f6pfige heterogene Gruppe, um auf Luthers Spuren in die &hellip; <a href=\"https:\/\/www.rc03-ilbenstadt.de\/?p=5732\">Weiterlesen <span class=\"meta-nav\">&rarr;<\/span><\/a><\/p>\n","protected":false},"author":9,"featured_media":5734,"comment_status":"open","ping_status":"closed","sticky":false,"template":"","format":"standard","meta":{"_crdt_document":"","footnotes":""},"categories":[1],"tags":[],"class_list":["post-5732","post","type-post","status-publish","format-standard","has-post-thumbnail","hentry","category-allgemein"],"_links":{"self":[{"href":"https:\/\/www.rc03-ilbenstadt.de\/index.php?rest_route=\/wp\/v2\/posts\/5732","targetHints":{"allow":["GET"]}}],"collection":[{"href":"https:\/\/www.rc03-ilbenstadt.de\/index.php?rest_route=\/wp\/v2\/posts"}],"about":[{"href":"https:\/\/www.rc03-ilbenstadt.de\/index.php?rest_route=\/wp\/v2\/types\/post"}],"author":[{"embeddable":true,"href":"https:\/\/www.rc03-ilbenstadt.de\/index.php?rest_route=\/wp\/v2\/users\/9"}],"replies":[{"embeddable":true,"href":"https:\/\/www.rc03-ilbenstadt.de\/index.php?rest_route=%2Fwp%2Fv2%2Fcomments&post=5732"}],"version-history":[{"count":5,"href":"https:\/\/www.rc03-ilbenstadt.de\/index.php?rest_route=\/wp\/v2\/posts\/5732\/revisions"}],"predecessor-version":[{"id":5770,"href":"https:\/\/www.rc03-ilbenstadt.de\/index.php?rest_route=\/wp\/v2\/posts\/5732\/revisions\/5770"}],"wp:featuredmedia":[{"embeddable":true,"href":"https:\/\/www.rc03-ilbenstadt.de\/index.php?rest_route=\/wp\/v2\/media\/5734"}],"wp:attachment":[{"href":"https:\/\/www.rc03-ilbenstadt.de\/index.php?rest_route=%2Fwp%2Fv2%2Fmedia&parent=5732"}],"wp:term":[{"taxonomy":"category","embeddable":true,"href":"https:\/\/www.rc03-ilbenstadt.de\/index.php?rest_route=%2Fwp%2Fv2%2Fcategories&post=5732"},{"taxonomy":"post_tag","embeddable":true,"href":"https:\/\/www.rc03-ilbenstadt.de\/index.php?rest_route=%2Fwp%2Fv2%2Ftags&post=5732"}],"curies":[{"name":"wp","href":"https:\/\/api.w.org\/{rel}","templated":true}]}}