{"id":5779,"date":"2017-08-25T19:54:10","date_gmt":"2017-08-25T17:54:10","guid":{"rendered":"http:\/\/www.rc03-ilbenstadt.de\/?p=5779"},"modified":"2017-08-25T21:31:45","modified_gmt":"2017-08-25T19:31:45","slug":"ilbenstaedter-radtourenauf-zur-1-bezirks-radwanderfahrt-nach-hungenam-samstag-dem-2-september-2017","status":"publish","type":"post","link":"https:\/\/www.rc03-ilbenstadt.de\/?p=5779","title":{"rendered":"Ilbenst\u00e4dter Radtouren<br>Auf zum 1. Bezirks-Radwandertag nach Hungen<br>am Samstag, dem 2. September 2017"},"content":{"rendered":"<p>Manfred Reinelt , Radwanderfachwart im Radsportbezirk Taunus-Wetterau hat sich zusammen mit dem RV Germania Hungen f\u00fcr den 2. September etwas besonders einfallen lassen. Er l\u00e4dt zu einer gem\u00fctlichen Feierrunde ab 12 Uhr nach Hungen zum Tennisheim Am Grassee ein. Es gibt Kuchen, Steaks, W\u00fcrstchen und Getr\u00e4nke. Der Bezirk zeigt sich spendabel; w\u00e4hrend f\u00fcr Steaks (1 EUR) und Wurst (0,5 EUR) f\u00fcr Nebenkosten anfallen, m\u00fcssen lediglich die Getr\u00e4nke zur G\u00e4nze gezahlt werden.<!--more--><\/p>\n<p>Die An- und Abfahrt nach Hungen wird als Stern(-wander)fahrt gestaltet. Wir starten um 09:45 Uhr am B\u00fcrgerhaus in Ilbenstadt. 73 Kilometer Gesamtstrecke liegen vor uns. Wer es rund 24 Kilometer k\u00fcrzer mag, steigt in Dorn-Assenheim um 10:15 Uhr am Bergwerkssee ein. Hier bitten wir in der Ortslage zu parken, da es in der Vergangenheit Konflikte mit Landwirten gab, die durch Feldrandparker in der Ernte, beziehungsweise in der Feldbestellung beeintr\u00e4chtigt wurden.<\/p>\n<p>Das Radwanderteam um Lutz und Johannes freut sich auf Eure rege Teilnahme. Z\u00f6gert nicht, meldet Euch spontan zu dieser attraktiven Tour, die wesentliche Elemente unserer Seentour enth\u00e4lt. Dies stellt den Veranstalter auch kalkulatorisch besser.<br \/>\nNichtmitglieder sind zu dieser Tour ausdr\u00fccklich mit eingeladen.<\/p>\n<p>Meldungen bitte an unser Postfach <a href=\"mailto:radwandern@rc03-ilbenstadt.de\" target=\"_blank\" rel=\"noopener\">radwandern@rc03-ilbenstadt.de<\/a><br \/>\nZum <a href=\"https:\/\/www.rc03-ilbenstadt.de\/wp-content\/uploads\/2017\/08\/RC03-RW-170902-Erster_Bezirks-Radwandertag-Flyer.pdf\" target=\"_blank\" rel=\"noopener\">Flyerdownload<\/a><\/p>\n<p><iframe loading=\"lazy\" src=\"https:\/\/www.bikemap.net\/de\/route\/4177677-rw-ilbenstadt_hungen_ilbenstadt-v04\/widget\/?width=640&amp;height=480&amp;extended=1&amp;distance_markers=1&amp;unit=metric\" width=\"640\" height=\"628\" frameborder=\"0\" marginwidth=\"0\" marginheight=\"0\" scrolling=\"no\"> <\/iframe><\/p>\n<div style=\"margin: -4px 0 0 5px; height: 16px; color: #889eac; font-family: sans-serif; font-size: 11px;\"><a style=\"color: #22a9ff; text-decoration: underline;\" href=\"https:\/\/www.bikemap.net\/de\/route\/4177677-rw-ilbenstadt_hungen_ilbenstadt-v04\/\" target=\"_blank\" rel=\"noopener\">Cycle Route 4177677<\/a> &#8211; via <a style=\"color: #22a9ff; text-decoration: underline;\" href=\"https:\/\/www.bikemap.net\" target=\"_blank\" rel=\"noopener\">Bikemap.net<\/a><\/div>\n","protected":false},"excerpt":{"rendered":"<p>Manfred Reinelt , Radwanderfachwart im Radsportbezirk Taunus-Wetterau hat sich zusammen mit dem RV Germania Hungen f\u00fcr den 2. September etwas besonders einfallen lassen. Er l\u00e4dt zu einer gem\u00fctlichen Feierrunde ab 12 Uhr nach Hungen zum Tennisheim Am Grassee ein. Es &hellip; <a href=\"https:\/\/www.rc03-ilbenstadt.de\/?p=5779\">Weiterlesen <span class=\"meta-nav\">&rarr;<\/span><\/a><\/p>\n","protected":false},"author":9,"featured_media":4738,"comment_status":"open","ping_status":"closed","sticky":false,"template":"","format":"standard","meta":{"_crdt_document":"","footnotes":""},"categories":[1],"tags":[],"class_list":["post-5779","post","type-post","status-publish","format-standard","has-post-thumbnail","hentry","category-allgemein"],"_links":{"self":[{"href":"https:\/\/www.rc03-ilbenstadt.de\/index.php?rest_route=\/wp\/v2\/posts\/5779","targetHints":{"allow":["GET"]}}],"collection":[{"href":"https:\/\/www.rc03-ilbenstadt.de\/index.php?rest_route=\/wp\/v2\/posts"}],"about":[{"href":"https:\/\/www.rc03-ilbenstadt.de\/index.php?rest_route=\/wp\/v2\/types\/post"}],"author":[{"embeddable":true,"href":"https:\/\/www.rc03-ilbenstadt.de\/index.php?rest_route=\/wp\/v2\/users\/9"}],"replies":[{"embeddable":true,"href":"https:\/\/www.rc03-ilbenstadt.de\/index.php?rest_route=%2Fwp%2Fv2%2Fcomments&post=5779"}],"version-history":[{"count":5,"href":"https:\/\/www.rc03-ilbenstadt.de\/index.php?rest_route=\/wp\/v2\/posts\/5779\/revisions"}],"predecessor-version":[{"id":5787,"href":"https:\/\/www.rc03-ilbenstadt.de\/index.php?rest_route=\/wp\/v2\/posts\/5779\/revisions\/5787"}],"wp:featuredmedia":[{"embeddable":true,"href":"https:\/\/www.rc03-ilbenstadt.de\/index.php?rest_route=\/wp\/v2\/media\/4738"}],"wp:attachment":[{"href":"https:\/\/www.rc03-ilbenstadt.de\/index.php?rest_route=%2Fwp%2Fv2%2Fmedia&parent=5779"}],"wp:term":[{"taxonomy":"category","embeddable":true,"href":"https:\/\/www.rc03-ilbenstadt.de\/index.php?rest_route=%2Fwp%2Fv2%2Fcategories&post=5779"},{"taxonomy":"post_tag","embeddable":true,"href":"https:\/\/www.rc03-ilbenstadt.de\/index.php?rest_route=%2Fwp%2Fv2%2Ftags&post=5779"}],"curies":[{"name":"wp","href":"https:\/\/api.w.org\/{rel}","templated":true}]}}