{"id":5840,"date":"2017-09-16T14:57:48","date_gmt":"2017-09-16T12:57:48","guid":{"rendered":"http:\/\/www.rc03-ilbenstadt.de\/?p=5840"},"modified":"2017-09-17T15:41:52","modified_gmt":"2017-09-17T13:41:52","slug":"40-jahre-radtourenfahren-rtf-in-ilbenstadtrund-um-ilbenstadteine-regenluecke-erfolgreich-genutzt","status":"publish","type":"post","link":"https:\/\/www.rc03-ilbenstadt.de\/?p=5840","title":{"rendered":"40 Jahre Radtourenfahren (RTF) in Ilbenstadt<br>&#8222;Rund um Ilbenstadt&#8220;<br>Eine Regenl\u00fccke erfolgreich genutzt"},"content":{"rendered":"<p>Ein gro\u00dfer Stein fiel uns Organisatoren, unseren Helferinnen und Helfern und allen von Herzen, die dem RC 03 Ilbenstadt verbunden sind; herbstliche K\u00fchle, Wind und Regen pr\u00e4gten die Tage vor und nach unserer Radtourenfahrt und wichen am Sonntag gutem, trockenem Radfahrwetter. Ab der Mittagszeit verw\u00f6hnten sogar Sonnenstrahlen die Radlergemeinde.<br \/>\nDie Strecken hatten wir gr\u00fcndlich \u00fcberarbeitet, konnten so <!--more-->verkehrsintensive Streckenteile meiden und manch reizvolles Kleinod im Landschaftsschutzgebiet &#8222;Auenverbund Wetterau&#8220; offenbarte sich unverhofft den staunenden Augenpaaren.<br \/>\nDas Radtourenfahren ist aus dem Stra\u00dfenrennsport auf die Bed\u00fcrfnisse des Breitensportes adaptiert; Streckenl\u00e4nge und Belastung k\u00f6nnen ohne Zeitnahme individuell gew\u00e4hlt werden.<br \/>\nDie herbstliche Wetterau mit ihren abgeernteten Feldern, nur Mais und Zuckerr\u00fcben harren noch auf den Einsatz der Erntemaschinen, nahm in der morgendliche Frische die ersten Starter auf, die Rundtouren zwischen 43, 80, 121 und 156 Kilometern w\u00e4hlen konnten. Jede Strecke hatte ihren Reiz. Hier und da musste auch mal eine &#8222;Bodenwelle&#8220; erklommen werden, im Vogelsberg wechselte das Landschaftsbild und Kletterqualit\u00e4ten waren gefragt, ging es doch \u00fcber Breungeshain dem Hoherodskopf (764 m) entgegen. Immerhin stellten sich 53 unserer insgesamt 524 Starter dieser Herausforderung! Auch Nebel und k\u00fchle Temperaturen mussten auf der H\u00f6he weggesteckt werden.<br \/>\nRund 40 Helferinnen und Helfer sorgten am Veranstaltungstag f\u00fcr einen geordneten Ablauf, versorgten Radlerinnen und Radler an insgesamt sieben Kontroll- und Verpflegungsstellen mit Bananen, Kuchen, Riegeln, Geb\u00e4ck und Getr\u00e4nken. Servicefahrzeuge sorgten f\u00fcr den Nachschub und standen f\u00fcr Hilfeleistungen zur Verf\u00fcgung. Ein anstrengender Tag, der durch ein gro\u00dfes, zufriedenes Teilnehmerfeld belohnt wurde.<\/p>\n<p>Eine Familien- und Trimmtour \u00fcber 18 Kilometer rundete das Angebot ab. Hier waren\u00a0 ausschlie\u00dflich Mitglieder des Turnvereines und der Freiwilligen Feuerwehr aus Ilbenstadt unterwegs. Auf flacher Strecke wurden die Radler zwischen W\u00f6llstadt, Okarben und Karben durch die fr\u00fchherbstliche Flur gef\u00fchrt. Am Ludwigsbrunnen wurde Station gemacht. Getr\u00e4nke, Bananen und Geb\u00e4ck waren Grundlage und willkommene St\u00e4rkung f\u00fcr einen erfolgreichen R\u00fcckweg.<\/p>\n<p>Am Ziel wartet geselliges Treiben auf die Teilnehmerinnen und Teilnehmer. Angeregt wurde sich ausgetauscht, Erlebnisse des Tages kamen nicht zu kurz, Streckenl\u00e4ngen und H\u00f6henmeter wurden diskutiert. Ganz ohne Kritik ging es dabei auch nicht ab, konnten wir doch im Vogelsberg eine Umleitungsstrecke nicht optimal gestalten. Nat\u00fcrlich war f\u00fcr das leibliche Wohl gesorgt. An Kuchen- und Getr\u00e4nketheke sowie am Grill konnten die Speicher wieder gef\u00fcllt werden.<\/p>\n<p>Dem Wettbewerb haben sich 11 BDR-Vereine gestellt. Den Siegerpokal und den Wanderpokal der Stadt Niddatal errang der RV Opel 1888 R\u00fcsselsheim mit 14 Teilnehmern. Auf den Pl\u00e4tzen folgten das Radteam Neu-Isenburg und der RV Ober-M\u00f6rlen.<br \/>\nDer B\u00fcrgermeister der Stadt Niddatal, Herr Dr. Bernhard Hertel \u00fcberreichte den Wanderpokal, \u00fcberbrachte die Gl\u00fcckw\u00fcnsche der Stadt und richtete ein Gru\u00dfwort an die Teilnehmer. Er dankte nicht zuletzt den vielen Helferinnen und Helfern f\u00fcr ihren Einsatz.<\/p>\n<p>Die Firma <strong>Control Mechatronics GmbH<\/strong> aus Nidderau-Heldenbergen nahm mit einer Mannschaft an unserer Rundfahrt teil. Der Mannschaftsf\u00fchrer, Herr Sendlbeck,\u00a0 konnte\u00a0 den Pokal f\u00fcr den ersten Platz einer Privatmannschaft entgegennehmen.<\/p>\n<p>Die Familien- und Trimmtour wurde wieder vom Turnverein Ilbenstadt dominiert. Der Vorsitzende Herwig Lauerer konnte erneut den Pokal f\u00fcr den 1. Platz und den Wanderpokal der Firma <strong><a title=\"TRADECONNECTIONKREBS\" href=\"http:\/\/www.tc-krebs.de\/\" target=\"_blank\" rel=\"noopener\"><span style=\"color: #000000;\">TRADE<\/span><span style=\"color: #808080;\">CONNECTION<\/span><span style=\"color: #000000;\">KREBS<\/span><\/a> \u2013 <span style=\"color: #808080;\">DIGITALE<\/span> <span style=\"color: #000000;\">MEDIENGESTALTUNG<\/span> <span style=\"color: #808080;\">UND<\/span> <span style=\"color: #000000;\">WERBUNG <\/span><\/strong>entgegennehmen. Auf dem zweiten Platz folgte die Freiwillige Feuerwehr Ilbenstadts. Ob der Turnverein 2018 wieder vorne liegt?<\/p>\n<p>Wir danken herzlich f\u00fcr Eure Teilnahme und hoffen, Euch am 25. M\u00e4rz 2018 wieder in Ilbenstadt begr\u00fc\u00dfen zu k\u00f6nnen.<\/p>\n<p>Impressionen rund um RTF und Familientour<\/p>\n<table>\n<tbody>\n<tr>\n<td><a href=\"https:\/\/www.rc03-ilbenstadt.de\/wp-content\/uploads\/2017\/09\/B-RC03-RTF-170910-101-RC03_Ilbenstadt-Vorbereitung-WEB.jpg\" rel=\"lightbox[5840]\"><img loading=\"lazy\" decoding=\"async\" class=\"alignleft size-thumbnail wp-image-5866\" src=\"https:\/\/www.rc03-ilbenstadt.de\/wp-content\/uploads\/2017\/09\/B-RC03-RTF-170910-101-RC03_Ilbenstadt-Vorbereitung-WEB-150x150.jpg\" alt=\"\" width=\"150\" height=\"150\" \/><\/a><\/td>\n<td><a href=\"https:\/\/www.rc03-ilbenstadt.de\/wp-content\/uploads\/2017\/09\/B-RC03-RTF-170910-026-RC03_Ilbenstadt-WEB.jpg\" rel=\"lightbox[5840]\"><img loading=\"lazy\" decoding=\"async\" class=\"alignleft size-thumbnail wp-image-5870\" src=\"https:\/\/www.rc03-ilbenstadt.de\/wp-content\/uploads\/2017\/09\/B-RC03-RTF-170910-026-RC03_Ilbenstadt-WEB-150x150.jpg\" alt=\"\" width=\"150\" height=\"150\" \/><\/a><\/td>\n<td><a href=\"https:\/\/www.rc03-ilbenstadt.de\/wp-content\/uploads\/2017\/09\/B-RC03-RTF-170910-016-RC03_Ilbenstadt-WEB.jpg\" rel=\"lightbox[5840]\"><img loading=\"lazy\" decoding=\"async\" class=\"alignleft size-thumbnail wp-image-5868\" src=\"https:\/\/www.rc03-ilbenstadt.de\/wp-content\/uploads\/2017\/09\/B-RC03-RTF-170910-016-RC03_Ilbenstadt-WEB-150x150.jpg\" alt=\"\" width=\"150\" height=\"150\" \/><\/a><\/td>\n<\/tr>\n<tr>\n<td>\u00a0<a href=\"https:\/\/www.rc03-ilbenstadt.de\/wp-content\/uploads\/2017\/09\/B-RC03-RTF-170910-056-RC03_Ilbenstadt-WEB.jpg\" rel=\"lightbox[5840]\"><img loading=\"lazy\" decoding=\"async\" class=\"alignleft size-thumbnail wp-image-5875\" src=\"https:\/\/www.rc03-ilbenstadt.de\/wp-content\/uploads\/2017\/09\/B-RC03-RTF-170910-056-RC03_Ilbenstadt-WEB-150x150.jpg\" alt=\"\" width=\"150\" height=\"150\" \/><\/a><\/td>\n<td>\u00a0<a href=\"https:\/\/www.rc03-ilbenstadt.de\/wp-content\/uploads\/2017\/09\/B-RC03-RTF-170910-047-RC03_Ilbenstadt-WEB.jpg\" rel=\"lightbox[5840]\"><img loading=\"lazy\" decoding=\"async\" class=\"alignleft size-thumbnail wp-image-5873\" src=\"https:\/\/www.rc03-ilbenstadt.de\/wp-content\/uploads\/2017\/09\/B-RC03-RTF-170910-047-RC03_Ilbenstadt-WEB-150x150.jpg\" alt=\"\" width=\"150\" height=\"150\" \/><\/a><\/td>\n<td>\u00a0<a href=\"https:\/\/www.rc03-ilbenstadt.de\/wp-content\/uploads\/2017\/09\/B-RC03-RTF-170910-055-RC03_Ilbenstadt-WEB.jpg\" rel=\"lightbox[5840]\"><img loading=\"lazy\" decoding=\"async\" class=\"alignleft size-thumbnail wp-image-5851\" src=\"https:\/\/www.rc03-ilbenstadt.de\/wp-content\/uploads\/2017\/09\/B-RC03-RTF-170910-055-RC03_Ilbenstadt-WEB-150x150.jpg\" alt=\"\" width=\"150\" height=\"150\" \/><\/a><\/td>\n<\/tr>\n<tr>\n<td>\u00a0<a href=\"https:\/\/www.rc03-ilbenstadt.de\/wp-content\/uploads\/2017\/09\/B-RC03-RTF-170910-022-RC03_Ilbenstadt-WEB.jpg\" rel=\"lightbox[5840]\"><img loading=\"lazy\" decoding=\"async\" class=\"alignleft size-thumbnail wp-image-5869\" src=\"https:\/\/www.rc03-ilbenstadt.de\/wp-content\/uploads\/2017\/09\/B-RC03-RTF-170910-022-RC03_Ilbenstadt-WEB-150x150.jpg\" alt=\"\" width=\"150\" height=\"150\" \/><\/a><\/td>\n<td>\u00a0<a href=\"https:\/\/www.rc03-ilbenstadt.de\/wp-content\/uploads\/2017\/09\/B-RC03-RTF-170910-028-RC03_Ilbenstadt-WEB.jpg\" rel=\"lightbox[5840]\"><img loading=\"lazy\" decoding=\"async\" class=\"alignleft size-thumbnail wp-image-5847\" src=\"https:\/\/www.rc03-ilbenstadt.de\/wp-content\/uploads\/2017\/09\/B-RC03-RTF-170910-028-RC03_Ilbenstadt-WEB-150x150.jpg\" alt=\"\" width=\"150\" height=\"150\" \/><\/a><\/td>\n<td>\u00a0<a href=\"https:\/\/www.rc03-ilbenstadt.de\/wp-content\/uploads\/2017\/09\/B-RC03-RTF-170910-023-RC03_Ilbenstadt-WEB.jpg\" rel=\"lightbox[5840]\"><img loading=\"lazy\" decoding=\"async\" class=\"alignleft size-thumbnail wp-image-5846\" src=\"https:\/\/www.rc03-ilbenstadt.de\/wp-content\/uploads\/2017\/09\/B-RC03-RTF-170910-023-RC03_Ilbenstadt-WEB-150x150.jpg\" alt=\"\" width=\"150\" height=\"150\" \/><\/a><\/td>\n<\/tr>\n<tr>\n<td><span style=\"font-size: 10px;\"><a href=\"https:\/\/www.rc03-ilbenstadt.de\/wp-content\/uploads\/2017\/09\/B-RC03-RTF-170910-090-RC03_Ilbenstadt-Giovanni-WEB.jpg\" rel=\"lightbox[5840]\"><img loading=\"lazy\" decoding=\"async\" class=\"alignleft size-thumbnail wp-image-5865\" src=\"https:\/\/www.rc03-ilbenstadt.de\/wp-content\/uploads\/2017\/09\/B-RC03-RTF-170910-090-RC03_Ilbenstadt-Giovanni-WEB-150x150.jpg\" alt=\"\" width=\"150\" height=\"150\" \/><\/a><\/span><\/td>\n<td><span style=\"font-size: 10px;\"><a href=\"https:\/\/www.rc03-ilbenstadt.de\/wp-content\/uploads\/2017\/09\/B-RC03-RTF-170910-089-RC03_Ilbenstadt-DieterW-WEB.jpg\" rel=\"lightbox[5840]\"><img loading=\"lazy\" decoding=\"async\" class=\"alignleft size-thumbnail wp-image-5864\" src=\"https:\/\/www.rc03-ilbenstadt.de\/wp-content\/uploads\/2017\/09\/B-RC03-RTF-170910-089-RC03_Ilbenstadt-DieterW-WEB-150x150.jpg\" alt=\"\" width=\"150\" height=\"150\" \/><\/a><\/span><\/td>\n<td><a href=\"https:\/\/www.rc03-ilbenstadt.de\/wp-content\/uploads\/2017\/09\/B-RC03-RTF-170910-069-RC03_Ilbenstadt-WEB.jpg\" rel=\"lightbox[5840]\"><img loading=\"lazy\" decoding=\"async\" class=\"alignleft size-thumbnail wp-image-5878\" src=\"https:\/\/www.rc03-ilbenstadt.de\/wp-content\/uploads\/2017\/09\/B-RC03-RTF-170910-069-RC03_Ilbenstadt-WEB-150x150.jpg\" alt=\"\" width=\"150\" height=\"150\" \/><\/a><\/td>\n<\/tr>\n<tr>\n<td>\u00a0<a href=\"https:\/\/www.rc03-ilbenstadt.de\/wp-content\/uploads\/2017\/09\/B-RC03-RTF-170910-060-RC03_Ilbenstadt-WEB.jpg\" rel=\"lightbox[5840]\"><img loading=\"lazy\" decoding=\"async\" class=\"alignleft size-thumbnail wp-image-5853\" src=\"https:\/\/www.rc03-ilbenstadt.de\/wp-content\/uploads\/2017\/09\/B-RC03-RTF-170910-060-RC03_Ilbenstadt-WEB-150x150.jpg\" alt=\"\" width=\"150\" height=\"150\" \/><\/a><\/td>\n<td>\u00a0<a href=\"https:\/\/www.rc03-ilbenstadt.de\/wp-content\/uploads\/2017\/09\/B-RC03-RTF-170910-052-RC03_Ilbenstadt-WEB.jpg\" rel=\"lightbox[5840]\"><img loading=\"lazy\" decoding=\"async\" class=\"alignleft size-thumbnail wp-image-5874\" src=\"https:\/\/www.rc03-ilbenstadt.de\/wp-content\/uploads\/2017\/09\/B-RC03-RTF-170910-052-RC03_Ilbenstadt-WEB-150x150.jpg\" alt=\"\" width=\"150\" height=\"150\" \/><\/a><\/td>\n<td>\u00a0<a href=\"https:\/\/www.rc03-ilbenstadt.de\/wp-content\/uploads\/2017\/09\/B-RC03-RTF-170910-057-RC03_Ilbenstadt-WEB.jpg\" rel=\"lightbox[5840]\"><img loading=\"lazy\" decoding=\"async\" class=\"alignleft size-thumbnail wp-image-5852\" src=\"https:\/\/www.rc03-ilbenstadt.de\/wp-content\/uploads\/2017\/09\/B-RC03-RTF-170910-057-RC03_Ilbenstadt-WEB-150x150.jpg\" alt=\"\" width=\"150\" height=\"150\" \/><\/a><\/td>\n<\/tr>\n<tr>\n<td>\u00a0<a href=\"https:\/\/www.rc03-ilbenstadt.de\/wp-content\/uploads\/2017\/09\/B-RC03-RTF-170910-086-RC03_Ilbenstadt-WEB.jpg\" rel=\"lightbox[5840]\"><img loading=\"lazy\" decoding=\"async\" class=\"alignleft size-thumbnail wp-image-5877\" src=\"https:\/\/www.rc03-ilbenstadt.de\/wp-content\/uploads\/2017\/09\/B-RC03-RTF-170910-086-RC03_Ilbenstadt-WEB-150x150.jpg\" alt=\"\" width=\"150\" height=\"150\" \/><\/a><\/td>\n<td>\u00a0<a href=\"https:\/\/www.rc03-ilbenstadt.de\/wp-content\/uploads\/2017\/09\/B-RC03-RTF-170910-054-RC03_Ilbenstadt-WEB.jpg\" rel=\"lightbox[5840]\"><img loading=\"lazy\" decoding=\"async\" class=\"alignleft size-thumbnail wp-image-5850\" src=\"https:\/\/www.rc03-ilbenstadt.de\/wp-content\/uploads\/2017\/09\/B-RC03-RTF-170910-054-RC03_Ilbenstadt-WEB-150x150.jpg\" alt=\"\" width=\"150\" height=\"150\" \/><\/a><\/td>\n<td>\u00a0<a href=\"https:\/\/www.rc03-ilbenstadt.de\/wp-content\/uploads\/2017\/09\/B-RC03-RTF-170910-067-RC03_Ilbenstadt-WEB.jpg\" rel=\"lightbox[5840]\"><img loading=\"lazy\" decoding=\"async\" class=\"alignleft size-thumbnail wp-image-5856\" src=\"https:\/\/www.rc03-ilbenstadt.de\/wp-content\/uploads\/2017\/09\/B-RC03-RTF-170910-067-RC03_Ilbenstadt-WEB-150x150.jpg\" alt=\"\" width=\"150\" height=\"150\" \/><\/a><\/td>\n<\/tr>\n<tr>\n<td>\u00a0<a href=\"https:\/\/www.rc03-ilbenstadt.de\/wp-content\/uploads\/2017\/09\/B-RC03-RTF-170910-065-RC03_Ilbenstadt-WEB.jpg\" rel=\"lightbox[5840]\"><img loading=\"lazy\" decoding=\"async\" class=\"alignleft size-thumbnail wp-image-5855\" src=\"https:\/\/www.rc03-ilbenstadt.de\/wp-content\/uploads\/2017\/09\/B-RC03-RTF-170910-065-RC03_Ilbenstadt-WEB-150x150.jpg\" alt=\"\" width=\"150\" height=\"150\" \/><\/a><\/td>\n<td>\u00a0<a href=\"https:\/\/www.rc03-ilbenstadt.de\/wp-content\/uploads\/2017\/09\/B-RC03-RTF-170910-064-RC03_Ilbenstadt-WEB.jpg\" rel=\"lightbox[5840]\"><img loading=\"lazy\" decoding=\"async\" class=\"alignleft size-thumbnail wp-image-5854\" src=\"https:\/\/www.rc03-ilbenstadt.de\/wp-content\/uploads\/2017\/09\/B-RC03-RTF-170910-064-RC03_Ilbenstadt-WEB-150x150.jpg\" alt=\"\" width=\"150\" height=\"150\" \/><\/a><\/td>\n<td>\u00a0<a href=\"https:\/\/www.rc03-ilbenstadt.de\/wp-content\/uploads\/2017\/09\/B-RC03-RTF-170910-087-RC03_Ilbenstadt-WEB.jpg\" rel=\"lightbox[5840]\"><img loading=\"lazy\" decoding=\"async\" class=\"alignleft size-thumbnail wp-image-5863\" src=\"https:\/\/www.rc03-ilbenstadt.de\/wp-content\/uploads\/2017\/09\/B-RC03-RTF-170910-087-RC03_Ilbenstadt-WEB-150x150.jpg\" alt=\"\" width=\"150\" height=\"150\" \/><\/a><\/td>\n<\/tr>\n<tr>\n<td>\u00a0<a href=\"https:\/\/www.rc03-ilbenstadt.de\/wp-content\/uploads\/2017\/09\/B-RC03-RTF-170910-077-RC03_Ilbenstadt-WEB.jpg\" rel=\"lightbox[5840]\"><img loading=\"lazy\" decoding=\"async\" class=\"alignleft size-thumbnail wp-image-5857\" src=\"https:\/\/www.rc03-ilbenstadt.de\/wp-content\/uploads\/2017\/09\/B-RC03-RTF-170910-077-RC03_Ilbenstadt-WEB-150x150.jpg\" alt=\"\" width=\"150\" height=\"150\" \/><\/a><\/td>\n<td>\u00a0<a href=\"https:\/\/www.rc03-ilbenstadt.de\/wp-content\/uploads\/2017\/09\/B-RC03-RTF-170910-079-RC03_Ilbenstadt-WEB.jpg\" rel=\"lightbox[5840]\"><img loading=\"lazy\" decoding=\"async\" class=\"alignleft size-thumbnail wp-image-5858\" src=\"https:\/\/www.rc03-ilbenstadt.de\/wp-content\/uploads\/2017\/09\/B-RC03-RTF-170910-079-RC03_Ilbenstadt-WEB-150x150.jpg\" alt=\"\" width=\"150\" height=\"150\" \/><\/a><\/td>\n<td>\u00a0<a href=\"https:\/\/www.rc03-ilbenstadt.de\/wp-content\/uploads\/2017\/09\/B-RC03-RTF-170910-082-RC03_Ilbenstadt-WEB.jpg\" rel=\"lightbox[5840]\"><img loading=\"lazy\" decoding=\"async\" class=\"alignleft size-thumbnail wp-image-5860\" src=\"https:\/\/www.rc03-ilbenstadt.de\/wp-content\/uploads\/2017\/09\/B-RC03-RTF-170910-082-RC03_Ilbenstadt-WEB-150x150.jpg\" alt=\"\" width=\"150\" height=\"150\" \/><\/a><\/td>\n<\/tr>\n<tr>\n<td>\u00a0<a href=\"https:\/\/www.rc03-ilbenstadt.de\/wp-content\/uploads\/2017\/09\/B-RC03-RTF-170910-084-RC03_Ilbenstadt-WEB.jpg\" rel=\"lightbox[5840]\"><img loading=\"lazy\" decoding=\"async\" class=\"alignleft size-thumbnail wp-image-5861\" src=\"https:\/\/www.rc03-ilbenstadt.de\/wp-content\/uploads\/2017\/09\/B-RC03-RTF-170910-084-RC03_Ilbenstadt-WEB-150x150.jpg\" alt=\"\" width=\"150\" height=\"150\" \/><\/a><\/td>\n<td>\u00a0<a href=\"https:\/\/www.rc03-ilbenstadt.de\/wp-content\/uploads\/2017\/09\/B-RC03-RTF-170910-053-RC03_Ilbenstadt-WEB.jpg\" rel=\"lightbox[5840]\"><img loading=\"lazy\" decoding=\"async\" class=\"alignleft size-thumbnail wp-image-5849\" src=\"https:\/\/www.rc03-ilbenstadt.de\/wp-content\/uploads\/2017\/09\/B-RC03-RTF-170910-053-RC03_Ilbenstadt-WEB-150x150.jpg\" alt=\"\" width=\"150\" height=\"150\" \/><\/a><\/td>\n<td><\/td>\n<\/tr>\n<\/tbody>\n<\/table>\n","protected":false},"excerpt":{"rendered":"<p>Ein gro\u00dfer Stein fiel uns Organisatoren, unseren Helferinnen und Helfern und allen von Herzen, die dem RC 03 Ilbenstadt verbunden sind; herbstliche K\u00fchle, Wind und Regen pr\u00e4gten die Tage vor und nach unserer Radtourenfahrt und wichen am Sonntag gutem, trockenem &hellip; <a href=\"https:\/\/www.rc03-ilbenstadt.de\/?p=5840\">Weiterlesen <span class=\"meta-nav\">&rarr;<\/span><\/a><\/p>\n","protected":false},"author":9,"featured_media":5860,"comment_status":"open","ping_status":"closed","sticky":false,"template":"","format":"standard","meta":{"_crdt_document":"","footnotes":""},"categories":[1],"tags":[],"class_list":["post-5840","post","type-post","status-publish","format-standard","has-post-thumbnail","hentry","category-allgemein"],"_links":{"self":[{"href":"https:\/\/www.rc03-ilbenstadt.de\/index.php?rest_route=\/wp\/v2\/posts\/5840","targetHints":{"allow":["GET"]}}],"collection":[{"href":"https:\/\/www.rc03-ilbenstadt.de\/index.php?rest_route=\/wp\/v2\/posts"}],"about":[{"href":"https:\/\/www.rc03-ilbenstadt.de\/index.php?rest_route=\/wp\/v2\/types\/post"}],"author":[{"embeddable":true,"href":"https:\/\/www.rc03-ilbenstadt.de\/index.php?rest_route=\/wp\/v2\/users\/9"}],"replies":[{"embeddable":true,"href":"https:\/\/www.rc03-ilbenstadt.de\/index.php?rest_route=%2Fwp%2Fv2%2Fcomments&post=5840"}],"version-history":[{"count":5,"href":"https:\/\/www.rc03-ilbenstadt.de\/index.php?rest_route=\/wp\/v2\/posts\/5840\/revisions"}],"predecessor-version":[{"id":5890,"href":"https:\/\/www.rc03-ilbenstadt.de\/index.php?rest_route=\/wp\/v2\/posts\/5840\/revisions\/5890"}],"wp:featuredmedia":[{"embeddable":true,"href":"https:\/\/www.rc03-ilbenstadt.de\/index.php?rest_route=\/wp\/v2\/media\/5860"}],"wp:attachment":[{"href":"https:\/\/www.rc03-ilbenstadt.de\/index.php?rest_route=%2Fwp%2Fv2%2Fmedia&parent=5840"}],"wp:term":[{"taxonomy":"category","embeddable":true,"href":"https:\/\/www.rc03-ilbenstadt.de\/index.php?rest_route=%2Fwp%2Fv2%2Fcategories&post=5840"},{"taxonomy":"post_tag","embeddable":true,"href":"https:\/\/www.rc03-ilbenstadt.de\/index.php?rest_route=%2Fwp%2Fv2%2Ftags&post=5840"}],"curies":[{"name":"wp","href":"https:\/\/api.w.org\/{rel}","templated":true}]}}