{"id":5906,"date":"2017-09-25T10:25:04","date_gmt":"2017-09-25T08:25:04","guid":{"rendered":"http:\/\/www.rc03-ilbenstadt.de\/?p=5906"},"modified":"2017-09-25T19:38:14","modified_gmt":"2017-09-25T17:38:14","slug":"vereinsausflug-2017auf-den-barocken-spuren-der-fuerstbischoefe-und-neumaenner-in-wuerzburg","status":"publish","type":"post","link":"https:\/\/www.rc03-ilbenstadt.de\/?p=5906","title":{"rendered":"Vereinsausflug 2017<br>Auf barocken Spuren der F\u00fcrstbisch\u00f6fe und Neum\u00e4nner in W\u00fcrzburg"},"content":{"rendered":"<p>Neugierig auf W\u00fcrzburg und Veitsh\u00f6chheim, das waren wir Frauen und M\u00e4nner des RC 03 Ilbenstadt, sind doch diese Orte durch die Herrschaft der W\u00fcrzburger F\u00fcrstbisch\u00f6fe gepr\u00e4gt. Diese hinterlie\u00dfen in &#8222;Sichtweite der S\u00e4kularisation&#8220; in verschwenderischer F\u00fclle prunkvoll ausgestattete Geb\u00e4ude, Parkanlagen und mehr.<br \/>\nZur allgemeinen \u00dcberraschung ging es mit einem im RMV eingesetzten Linienbus am B\u00fcrgerhaus in Ilbenstadt los. Gest\u00e4rkt mit\u00a0<!--more--> einem Sektfr\u00fchst\u00fcck trafen wir dann &#8211; und wie soll es mit einem Linienbus anders sein &#8211; an der Haltestelle &#8222;Residenzplatz&#8220; in W\u00fcrzburg ein. Und schon ging es zur Besichtigung der 1781 unter der Federf\u00fchrung Balthasar Neumanns vollst\u00e4ndig fertiggestellten Residenz. Das Zeitalter des Barock war zwar verlassen, doch in der Fassade und noch in manchen R\u00e4umen pr\u00e4sent, aber die Stilepoche des Rokoko spiegelte sich mit ihren asymmetrischen, zierlich verspielten und vor allem verschwenderisch eingesetzten Formen un\u00fcbersehbar wider. Spannend dieses Miteinander der Stilepochen, die wirksam auch in der Raumaufteilung zu sp\u00fcren waren, mit der die F\u00fcrstbisch\u00f6fe und letztlich auch der Kaiser, f\u00fcr den ein &#8222;Appartement&#8220; bereitgehalten wurde, ihre Macht durch die Art des Empfanges, die Gestaltung der Umgebung f\u00fcr k\u00fcrzere oder l\u00e4ngere Kontakte nach au\u00dfen kehrten. Am Beginn der F\u00fchrung stand im Treppenhaus jedoch das weltgr\u00f6\u00dfte Deckenfresko des Italieners Giovanni Battista Tiepolo. Auf gut 580 m\u00b2 wird der F\u00fcrstbischof Carl Philipp von Greiffenclau zu Vollraths als Bewahrer und F\u00f6rderer der K\u00fcnste in der Darstellung der seinerzeit bekannten vier Kontinente verherrlicht. Interessant wie seinerzeit die Welt gesehen und (miss-)verstanden wurde. Ein sehenswertes Fresko, das uns noch nicht alle Geheimnisse auf den ersten oder zweiten Blick offenbarte.<br \/>\nNach der Hofkirche und dem Rokokogarten ging es dann durch W\u00fcrzburg zur alten Mainbr\u00fccke, von der bei einem Glas Wein ein wundervoller Blick zur Marienfeste genossen werden konnte. Von dort aus war es nicht mehr weit zum 1773 fertiggestellten Hafenkran &#8222;Alter Kranen&#8220; einer Arbeit von Balthasar Neumanns Sohn Franz. Unweit davon verlie\u00dfen wir die Promenade am Mainufer und strebten mit dem Schiff Veitsh\u00f6chheim entgegen. Nach entspannter Fahrt legten wir in der Kleinstadt mit knapp 10.000 Einwohnern an und konnten nahe der Anlegestelle das 1680 bis 1682 erbaute Schloss Veitsh\u00f6chheim ansteuern. Wie konnte es auch anders sein, Auftraggeber war wiederum ein F\u00fcrstbischof gewesen und auch Balthasar Neumann legte von 1749 bis 1753 Hand an. So war sichergestellt, dass der F\u00fcrstbischof Johann Philipp Franz von Sch\u00f6nborn nicht nur in W\u00fcrzburg standesgem\u00e4\u00dfe R\u00e4umlichkeiten f\u00fcr sich und seine Umgebung nebst G\u00e4sten vorhielt. Dass die rege Baut\u00e4tigkeit und die Kunst am Bau Auswirkungen auf den Anzug der Steuerschraube hatten, versteht sich von selbst. Doch zur\u00fcck zu Veitsh\u00f6chheim, in dem 1249 Heinrich Raspe nach der Absetzung Friedrich II. durch Papst Innocent IV. zum Gegenk\u00f6nig gew\u00e4hlt wurde &#8211; eine geschichtlich schillernde Pers\u00f6nlichkeit, die auch in unseren Breiten 1246 in der Schlacht bei Nidda t\u00e4tig wurde. Unseren Schwerpunkt legten wir auf die Besichtigung des Rokokogartens des Schlosses, um dann die Eindr\u00fccke in geselliger Runde in einem Biergarten am Main Revue passieren zu lassen. Unser &#8222;Linienbus&#8220; brachte uns sicher zur\u00fcck nach Ilbenstadt. Welche Abenteuer erwarten uns wohl beim Vereinsausflug 2018?<\/p>\n<p>Impressionen<\/p>\n<table>\n<tbody>\n<tr>\n<td><a href=\"https:\/\/www.rc03-ilbenstadt.de\/wp-content\/uploads\/2017\/09\/RC03-Ausflug_2017-079-W\u00fcrzburg-GrpBild-WEB.jpg\" rel=\"lightbox[5906]\"><img loading=\"lazy\" decoding=\"async\" class=\"alignleft size-thumbnail wp-image-5941\" src=\"https:\/\/www.rc03-ilbenstadt.de\/wp-content\/uploads\/2017\/09\/RC03-Ausflug_2017-079-W\u00fcrzburg-GrpBild-WEB-150x150.jpg\" alt=\"\" width=\"150\" height=\"150\" \/><\/a><\/td>\n<td><a href=\"https:\/\/www.rc03-ilbenstadt.de\/wp-content\/uploads\/2017\/09\/RC03-Ausflug_2017-007-W\u00fcrzburg-WEB.jpg\" rel=\"lightbox[5906]\"><img loading=\"lazy\" decoding=\"async\" class=\"alignleft size-thumbnail wp-image-5913\" src=\"https:\/\/www.rc03-ilbenstadt.de\/wp-content\/uploads\/2017\/09\/RC03-Ausflug_2017-007-W\u00fcrzburg-WEB-150x150.jpg\" alt=\"\" width=\"150\" height=\"150\" \/><\/a><\/td>\n<td><\/td>\n<\/tr>\n<tr>\n<td><a href=\"https:\/\/www.rc03-ilbenstadt.de\/wp-content\/uploads\/2017\/09\/RC03-Ausflug_2017-011-W\u00fcrzburg-WEB.jpg\" rel=\"lightbox[5906]\"><img loading=\"lazy\" decoding=\"async\" class=\"alignleft size-thumbnail wp-image-5942\" src=\"https:\/\/www.rc03-ilbenstadt.de\/wp-content\/uploads\/2017\/09\/RC03-Ausflug_2017-011-W\u00fcrzburg-WEB-150x150.jpg\" alt=\"\" width=\"150\" height=\"150\" \/><\/a><\/td>\n<td><a href=\"https:\/\/www.rc03-ilbenstadt.de\/wp-content\/uploads\/2017\/09\/RC03-Ausflug_2017-010-W\u00fcrzburg-WEB.jpg\" rel=\"lightbox[5906]\"><img loading=\"lazy\" decoding=\"async\" class=\"alignleft size-thumbnail wp-image-5914\" src=\"https:\/\/www.rc03-ilbenstadt.de\/wp-content\/uploads\/2017\/09\/RC03-Ausflug_2017-010-W\u00fcrzburg-WEB-150x150.jpg\" alt=\"\" width=\"150\" height=\"150\" \/><\/a><\/td>\n<td><a href=\"https:\/\/www.rc03-ilbenstadt.de\/wp-content\/uploads\/2017\/09\/RC03-Ausflug_2017-012-W\u00fcrzburg-WEB.jpg\" rel=\"lightbox[5906]\"><img loading=\"lazy\" decoding=\"async\" class=\"alignleft size-thumbnail wp-image-5916\" src=\"https:\/\/www.rc03-ilbenstadt.de\/wp-content\/uploads\/2017\/09\/RC03-Ausflug_2017-012-W\u00fcrzburg-WEB-150x150.jpg\" alt=\"\" width=\"150\" height=\"150\" \/><\/a><\/td>\n<\/tr>\n<tr>\n<td><a href=\"https:\/\/www.rc03-ilbenstadt.de\/wp-content\/uploads\/2017\/09\/B-RC03-Ausflug_2017-W\u00fcrzburg-005-Vorfahrt-IW-WEB.jpg\" rel=\"lightbox[5906]\"><img loading=\"lazy\" decoding=\"async\" class=\"alignleft size-thumbnail wp-image-5945\" src=\"https:\/\/www.rc03-ilbenstadt.de\/wp-content\/uploads\/2017\/09\/B-RC03-Ausflug_2017-W\u00fcrzburg-005-Vorfahrt-IW-WEB-150x150.jpg\" alt=\"\" width=\"150\" height=\"150\" \/><\/a><\/td>\n<td><a href=\"https:\/\/www.rc03-ilbenstadt.de\/wp-content\/uploads\/2017\/09\/B-RC03-Ausflug_2017-W\u00fcrzburg-004-Vorfahrt-IW-WEB.jpg\" rel=\"lightbox[5906]\"><img loading=\"lazy\" decoding=\"async\" class=\"alignleft size-thumbnail wp-image-5944\" src=\"https:\/\/www.rc03-ilbenstadt.de\/wp-content\/uploads\/2017\/09\/B-RC03-Ausflug_2017-W\u00fcrzburg-004-Vorfahrt-IW-WEB-150x150.jpg\" alt=\"\" width=\"150\" height=\"150\" \/><\/a><\/td>\n<td><a href=\"https:\/\/www.rc03-ilbenstadt.de\/wp-content\/uploads\/2017\/09\/RC03-Ausflug_2017-019-W\u00fcrzburg-WEB.jpg\" rel=\"lightbox[5906]\"><img loading=\"lazy\" decoding=\"async\" class=\"alignleft size-thumbnail wp-image-5919\" src=\"https:\/\/www.rc03-ilbenstadt.de\/wp-content\/uploads\/2017\/09\/RC03-Ausflug_2017-019-W\u00fcrzburg-WEB-150x150.jpg\" alt=\"\" width=\"150\" height=\"150\" \/><\/a><\/td>\n<\/tr>\n<tr>\n<td><a href=\"https:\/\/www.rc03-ilbenstadt.de\/wp-content\/uploads\/2017\/09\/RC03-Ausflug_2017-015-W\u00fcrzburg-WEB.jpg\" rel=\"lightbox[5906]\"><img loading=\"lazy\" decoding=\"async\" class=\"alignleft size-thumbnail wp-image-5918\" src=\"https:\/\/www.rc03-ilbenstadt.de\/wp-content\/uploads\/2017\/09\/RC03-Ausflug_2017-015-W\u00fcrzburg-WEB-150x150.jpg\" alt=\"\" width=\"150\" height=\"150\" \/><\/a><\/td>\n<td><a href=\"https:\/\/www.rc03-ilbenstadt.de\/wp-content\/uploads\/2017\/09\/RC03-Ausflug_2017-014-W\u00fcrzburg-WEB.jpg\" rel=\"lightbox[5906]\"><img loading=\"lazy\" decoding=\"async\" class=\"alignleft size-thumbnail wp-image-5917\" src=\"https:\/\/www.rc03-ilbenstadt.de\/wp-content\/uploads\/2017\/09\/RC03-Ausflug_2017-014-W\u00fcrzburg-WEB-150x150.jpg\" alt=\"\" width=\"150\" height=\"150\" \/><\/a><\/td>\n<td><a href=\"https:\/\/www.rc03-ilbenstadt.de\/wp-content\/uploads\/2017\/09\/RC03-Ausflug_2017-025-W\u00fcrzburg-WEB.jpg\" rel=\"lightbox[5906]\"><img loading=\"lazy\" decoding=\"async\" class=\"alignleft size-thumbnail wp-image-5922\" src=\"https:\/\/www.rc03-ilbenstadt.de\/wp-content\/uploads\/2017\/09\/RC03-Ausflug_2017-025-W\u00fcrzburg-WEB-150x150.jpg\" alt=\"\" width=\"150\" height=\"150\" \/><\/a><\/td>\n<\/tr>\n<tr>\n<td><a href=\"https:\/\/www.rc03-ilbenstadt.de\/wp-content\/uploads\/2017\/09\/RC03-Ausflug_2017-023-W\u00fcrzburg-WEB.jpg\" rel=\"lightbox[5906]\"><img loading=\"lazy\" decoding=\"async\" class=\"alignleft size-thumbnail wp-image-5921\" src=\"https:\/\/www.rc03-ilbenstadt.de\/wp-content\/uploads\/2017\/09\/RC03-Ausflug_2017-023-W\u00fcrzburg-WEB-150x150.jpg\" alt=\"\" width=\"150\" height=\"150\" \/><\/a><\/td>\n<td><a href=\"https:\/\/www.rc03-ilbenstadt.de\/wp-content\/uploads\/2017\/09\/RC03-Ausflug_2017-020-W\u00fcrzburg-WEB.jpg\" rel=\"lightbox[5906]\"><img loading=\"lazy\" decoding=\"async\" class=\"alignleft size-thumbnail wp-image-5920\" src=\"https:\/\/www.rc03-ilbenstadt.de\/wp-content\/uploads\/2017\/09\/RC03-Ausflug_2017-020-W\u00fcrzburg-WEB-150x150.jpg\" alt=\"\" width=\"150\" height=\"150\" \/><\/a><\/td>\n<td><a href=\"https:\/\/www.rc03-ilbenstadt.de\/wp-content\/uploads\/2017\/09\/RC03-Ausflug_2017-031-W\u00fcrzburg-WEB.jpg\" rel=\"lightbox[5906]\"><img loading=\"lazy\" decoding=\"async\" class=\"alignleft size-thumbnail wp-image-5925\" src=\"https:\/\/www.rc03-ilbenstadt.de\/wp-content\/uploads\/2017\/09\/RC03-Ausflug_2017-031-W\u00fcrzburg-WEB-150x150.jpg\" alt=\"\" width=\"150\" height=\"150\" \/><\/a><\/td>\n<\/tr>\n<tr>\n<td><a href=\"https:\/\/www.rc03-ilbenstadt.de\/wp-content\/uploads\/2017\/09\/RC03-Ausflug_2017-033-W\u00fcrzburg-WEB.jpg\" rel=\"lightbox[5906]\"><img loading=\"lazy\" decoding=\"async\" class=\"alignleft size-thumbnail wp-image-5926\" src=\"https:\/\/www.rc03-ilbenstadt.de\/wp-content\/uploads\/2017\/09\/RC03-Ausflug_2017-033-W\u00fcrzburg-WEB-150x150.jpg\" alt=\"\" width=\"150\" height=\"150\" \/><\/a><\/td>\n<td><a href=\"https:\/\/www.rc03-ilbenstadt.de\/wp-content\/uploads\/2017\/09\/RC03-Ausflug_2017-030-W\u00fcrzburg-WEB.jpg\" rel=\"lightbox[5906]\"><img loading=\"lazy\" decoding=\"async\" class=\"alignleft size-thumbnail wp-image-5924\" src=\"https:\/\/www.rc03-ilbenstadt.de\/wp-content\/uploads\/2017\/09\/RC03-Ausflug_2017-030-W\u00fcrzburg-WEB-150x150.jpg\" alt=\"\" width=\"150\" height=\"150\" \/><\/a><\/td>\n<td><a href=\"https:\/\/www.rc03-ilbenstadt.de\/wp-content\/uploads\/2017\/09\/RC03-Ausflug_2017-035-W\u00fcrzburg-WEB.jpg\" rel=\"lightbox[5906]\"><img loading=\"lazy\" decoding=\"async\" class=\"alignleft size-thumbnail wp-image-5927\" src=\"https:\/\/www.rc03-ilbenstadt.de\/wp-content\/uploads\/2017\/09\/RC03-Ausflug_2017-035-W\u00fcrzburg-WEB-150x150.jpg\" alt=\"\" width=\"150\" height=\"150\" \/><\/a><\/td>\n<\/tr>\n<tr>\n<td><a href=\"https:\/\/www.rc03-ilbenstadt.de\/wp-content\/uploads\/2017\/09\/RC03-Ausflug_2017-038-W\u00fcrzburg-WEB.jpg\" rel=\"lightbox[5906]\"><img loading=\"lazy\" decoding=\"async\" class=\"alignleft size-thumbnail wp-image-5929\" src=\"https:\/\/www.rc03-ilbenstadt.de\/wp-content\/uploads\/2017\/09\/RC03-Ausflug_2017-038-W\u00fcrzburg-WEB-150x150.jpg\" alt=\"\" width=\"150\" height=\"150\" \/><\/a><\/td>\n<td><a href=\"https:\/\/www.rc03-ilbenstadt.de\/wp-content\/uploads\/2017\/09\/RC03-Ausflug_2017-040-W\u00fcrzburg-WEB.jpg\" rel=\"lightbox[5906]\"><img loading=\"lazy\" decoding=\"async\" class=\"alignleft size-thumbnail wp-image-5930\" src=\"https:\/\/www.rc03-ilbenstadt.de\/wp-content\/uploads\/2017\/09\/RC03-Ausflug_2017-040-W\u00fcrzburg-WEB-150x150.jpg\" alt=\"\" width=\"150\" height=\"150\" \/><\/a><\/td>\n<td><a href=\"https:\/\/www.rc03-ilbenstadt.de\/wp-content\/uploads\/2017\/09\/RC03-Ausflug_2017-041-W\u00fcrzburg-WEB.jpg\" rel=\"lightbox[5906]\"><img loading=\"lazy\" decoding=\"async\" class=\"alignleft size-thumbnail wp-image-5931\" src=\"https:\/\/www.rc03-ilbenstadt.de\/wp-content\/uploads\/2017\/09\/RC03-Ausflug_2017-041-W\u00fcrzburg-WEB-150x150.jpg\" alt=\"\" width=\"150\" height=\"150\" \/><\/a><\/td>\n<\/tr>\n<tr>\n<td><a href=\"https:\/\/www.rc03-ilbenstadt.de\/wp-content\/uploads\/2017\/09\/RC03-Ausflug_2017-043-W\u00fcrzburg-WEB.jpg\" rel=\"lightbox[5906]\"><img loading=\"lazy\" decoding=\"async\" class=\"alignleft size-thumbnail wp-image-5932\" src=\"https:\/\/www.rc03-ilbenstadt.de\/wp-content\/uploads\/2017\/09\/RC03-Ausflug_2017-043-W\u00fcrzburg-WEB-150x150.jpg\" alt=\"\" width=\"150\" height=\"150\" \/><\/a><\/td>\n<td><a href=\"https:\/\/www.rc03-ilbenstadt.de\/wp-content\/uploads\/2017\/09\/RC03-Ausflug_2017-053-W\u00fcrzburg-WEB.jpg\" rel=\"lightbox[5906]\"><img loading=\"lazy\" decoding=\"async\" class=\"alignleft size-thumbnail wp-image-5933\" src=\"https:\/\/www.rc03-ilbenstadt.de\/wp-content\/uploads\/2017\/09\/RC03-Ausflug_2017-053-W\u00fcrzburg-WEB-150x150.jpg\" alt=\"\" width=\"150\" height=\"150\" \/><\/a><\/td>\n<td><a href=\"https:\/\/www.rc03-ilbenstadt.de\/wp-content\/uploads\/2017\/09\/RC03-Ausflug_2017-056-W\u00fcrzburg-WEB.jpg\" rel=\"lightbox[5906]\"><img loading=\"lazy\" decoding=\"async\" class=\"alignleft size-thumbnail wp-image-5934\" src=\"https:\/\/www.rc03-ilbenstadt.de\/wp-content\/uploads\/2017\/09\/RC03-Ausflug_2017-056-W\u00fcrzburg-WEB-150x150.jpg\" alt=\"\" width=\"150\" height=\"150\" \/><\/a><\/td>\n<\/tr>\n<tr>\n<td><a href=\"https:\/\/www.rc03-ilbenstadt.de\/wp-content\/uploads\/2017\/09\/RC03-Ausflug_2017-058-W\u00fcrzburg-WEB.jpg\" rel=\"lightbox[5906]\"><img loading=\"lazy\" decoding=\"async\" class=\"alignleft size-thumbnail wp-image-5935\" src=\"https:\/\/www.rc03-ilbenstadt.de\/wp-content\/uploads\/2017\/09\/RC03-Ausflug_2017-058-W\u00fcrzburg-WEB-150x150.jpg\" alt=\"\" width=\"150\" height=\"150\" \/><\/a><\/td>\n<td><a href=\"https:\/\/www.rc03-ilbenstadt.de\/wp-content\/uploads\/2017\/09\/RC03-Ausflug_2017-067-W\u00fcrzburg-WEB.jpg\" rel=\"lightbox[5906]\"><img loading=\"lazy\" decoding=\"async\" class=\"alignleft size-thumbnail wp-image-5936\" src=\"https:\/\/www.rc03-ilbenstadt.de\/wp-content\/uploads\/2017\/09\/RC03-Ausflug_2017-067-W\u00fcrzburg-WEB-150x150.jpg\" alt=\"\" width=\"150\" height=\"150\" \/><\/a><\/td>\n<td><a href=\"https:\/\/www.rc03-ilbenstadt.de\/wp-content\/uploads\/2017\/09\/RC03-Ausflug_2017-071-W\u00fcrzburg-WEB.jpg\" rel=\"lightbox[5906]\"><img loading=\"lazy\" decoding=\"async\" class=\"alignleft size-thumbnail wp-image-5937\" src=\"https:\/\/www.rc03-ilbenstadt.de\/wp-content\/uploads\/2017\/09\/RC03-Ausflug_2017-071-W\u00fcrzburg-WEB-150x150.jpg\" alt=\"\" width=\"150\" height=\"150\" \/><\/a><\/td>\n<\/tr>\n<tr>\n<td><a href=\"https:\/\/www.rc03-ilbenstadt.de\/wp-content\/uploads\/2017\/09\/RC03-Ausflug_2017-075-W\u00fcrzburg-WEB.jpg\" rel=\"lightbox[5906]\"><img loading=\"lazy\" decoding=\"async\" class=\"alignleft size-thumbnail wp-image-5939\" src=\"https:\/\/www.rc03-ilbenstadt.de\/wp-content\/uploads\/2017\/09\/RC03-Ausflug_2017-075-W\u00fcrzburg-WEB-150x150.jpg\" alt=\"\" width=\"150\" height=\"150\" \/><\/a><\/td>\n<td><a href=\"https:\/\/www.rc03-ilbenstadt.de\/wp-content\/uploads\/2017\/09\/RC03-Ausflug_2017-073-W\u00fcrzburg-WEB.jpg\" rel=\"lightbox[5906]\"><img loading=\"lazy\" decoding=\"async\" class=\"alignleft size-thumbnail wp-image-5938\" src=\"https:\/\/www.rc03-ilbenstadt.de\/wp-content\/uploads\/2017\/09\/RC03-Ausflug_2017-073-W\u00fcrzburg-WEB-150x150.jpg\" alt=\"\" width=\"150\" height=\"150\" \/><\/a><\/td>\n<td><a href=\"https:\/\/www.rc03-ilbenstadt.de\/wp-content\/uploads\/2017\/09\/RC03-Ausflug_2017-076-W\u00fcrzburg-WEB.jpg\" rel=\"lightbox[5906]\"><img loading=\"lazy\" decoding=\"async\" class=\"alignleft size-thumbnail wp-image-5940\" src=\"https:\/\/www.rc03-ilbenstadt.de\/wp-content\/uploads\/2017\/09\/RC03-Ausflug_2017-076-W\u00fcrzburg-WEB-150x150.jpg\" alt=\"\" width=\"150\" height=\"150\" \/><\/a><\/td>\n<\/tr>\n<\/tbody>\n<\/table>\n<p>&nbsp;<\/p>\n","protected":false},"excerpt":{"rendered":"<p>Neugierig auf W\u00fcrzburg und Veitsh\u00f6chheim, das waren wir Frauen und M\u00e4nner des RC 03 Ilbenstadt, sind doch diese Orte durch die Herrschaft der W\u00fcrzburger F\u00fcrstbisch\u00f6fe gepr\u00e4gt. Diese hinterlie\u00dfen in &#8222;Sichtweite der S\u00e4kularisation&#8220; in verschwenderischer F\u00fclle prunkvoll ausgestattete Geb\u00e4ude, Parkanlagen und &hellip; <a href=\"https:\/\/www.rc03-ilbenstadt.de\/?p=5906\">Weiterlesen <span class=\"meta-nav\">&rarr;<\/span><\/a><\/p>\n","protected":false},"author":9,"featured_media":5931,"comment_status":"open","ping_status":"closed","sticky":false,"template":"","format":"standard","meta":{"_crdt_document":"","footnotes":""},"categories":[1],"tags":[],"class_list":["post-5906","post","type-post","status-publish","format-standard","has-post-thumbnail","hentry","category-allgemein"],"_links":{"self":[{"href":"https:\/\/www.rc03-ilbenstadt.de\/index.php?rest_route=\/wp\/v2\/posts\/5906","targetHints":{"allow":["GET"]}}],"collection":[{"href":"https:\/\/www.rc03-ilbenstadt.de\/index.php?rest_route=\/wp\/v2\/posts"}],"about":[{"href":"https:\/\/www.rc03-ilbenstadt.de\/index.php?rest_route=\/wp\/v2\/types\/post"}],"author":[{"embeddable":true,"href":"https:\/\/www.rc03-ilbenstadt.de\/index.php?rest_route=\/wp\/v2\/users\/9"}],"replies":[{"embeddable":true,"href":"https:\/\/www.rc03-ilbenstadt.de\/index.php?rest_route=%2Fwp%2Fv2%2Fcomments&post=5906"}],"version-history":[{"count":5,"href":"https:\/\/www.rc03-ilbenstadt.de\/index.php?rest_route=\/wp\/v2\/posts\/5906\/revisions"}],"predecessor-version":[{"id":5975,"href":"https:\/\/www.rc03-ilbenstadt.de\/index.php?rest_route=\/wp\/v2\/posts\/5906\/revisions\/5975"}],"wp:featuredmedia":[{"embeddable":true,"href":"https:\/\/www.rc03-ilbenstadt.de\/index.php?rest_route=\/wp\/v2\/media\/5931"}],"wp:attachment":[{"href":"https:\/\/www.rc03-ilbenstadt.de\/index.php?rest_route=%2Fwp%2Fv2%2Fmedia&parent=5906"}],"wp:term":[{"taxonomy":"category","embeddable":true,"href":"https:\/\/www.rc03-ilbenstadt.de\/index.php?rest_route=%2Fwp%2Fv2%2Fcategories&post=5906"},{"taxonomy":"post_tag","embeddable":true,"href":"https:\/\/www.rc03-ilbenstadt.de\/index.php?rest_route=%2Fwp%2Fv2%2Ftags&post=5906"}],"curies":[{"name":"wp","href":"https:\/\/api.w.org\/{rel}","templated":true}]}}