{"id":6002,"date":"2017-10-10T09:45:01","date_gmt":"2017-10-10T07:45:01","guid":{"rendered":"http:\/\/www.rc03-ilbenstadt.de\/?p=6002"},"modified":"2017-10-11T11:26:47","modified_gmt":"2017-10-11T09:26:47","slug":"deutsches-radsportabzeichendas-wetterauer-zeitfahren-mit-start-und-ziel-in-weckesheim","status":"publish","type":"post","link":"https:\/\/www.rc03-ilbenstadt.de\/?p=6002","title":{"rendered":"Deutsches Radsportabzeichen<br>Das Wetterauer Zeitfahren mit Start und Ziel in Weckesheim"},"content":{"rendered":"<p>Der 3. Oktober hat sich mittlerweile fest im Terminkalender der Radsportlerinnen und -sportler\u00a0 zur Abnahme des Zeitfahrens zum Deutschen Radsportabzeichen in der Wetterau etabliert. Von R\u00fcsselsheim, Frankfurt, Neu-Anspach, dem Raum Gie\u00dfen und nat\u00fcrlich aus der Wetterau kommen die Teilnehmer zu diesem Zeitfahren. Insgesamt sind die Teilnehmerzahlen noch relativ gering. In diesem Jahr kamen wir \u00fcber 25 Teilnehmer nicht hinaus, doch arbeiten wir daran, dass sich das Radsportabzeichen, <!--more-->ein Pendant zum Deutschen Sportabzeichen, etabliert und dass die im Jahresverlauf zu absolvierenden Disziplinen die Freude am Radfahren vermitteln. Auch soll die Sportaus\u00fcbung mit ihren positiven Auswirkungen auf Beweglichkeit, Ausdauer und damit die Gesundheit gef\u00f6rdert werden. Im Wesentlichen stellen die Disziplinen des Deutschen Radsportabzeichens auf die Ausdauer ab und werden auch zur Abnahme des Deutschen Sportabzeichens anerkannt.<\/p>\n<p>Ab Weckesheim ging es mit einmin\u00fctigen Startabst\u00e4nden auf die ausgeschilderte, nasse, aber regenfreie 10-Kilometerrunde \u00fcber Echzell-Gettenau, Heuchelheim und Reichelsheim wieder zur\u00fcck nach Weckesheim. Die Runde war von Erwachsenen zweimal zu absolvieren. Kinder und Jugendliche wurden nur \u00fcber 5 Kilometer gewertet. Dies Strecke war kurz hinter dem Ortseingang Echzell-Gettenau erreicht. Die Teilnehmer von 9 bis 74 Jahren gaben jeweils in ihrer Altersklasse das Beste und erzielten respektable Zeiten. In der Regel wurden die geforderten Zeiten f\u00fcr das Goldene Radsportabzeichen deutlich unterboten. Dies galt f\u00fcr unseren 9-j\u00e4hrigen Norddeutschen Meister im Fahrradtrial, Robert Schimpf, wie auch f\u00fcr den Gro\u00dfteil unserer \u00e4ltesten Teilnehmer. In drei F\u00e4llen wurden die Bedingungen f\u00fcr das Silberne Radsportabzeichen erf\u00fcllt. Die absolute Spitzenzeit wurde vom diesj\u00e4hrigen Hessenmeister\u00a0im Einzelzeitfahren, Dirk Ke\u00dfler aus Rockenberg mit einer Zeit unter 28 Minuten auf noch nasser, rutschiger Strecke erzielt. Damit keine Missverst\u00e4ndisse aufkommen: Es geht hier nicht um einen Wettbewerb, ein Radrennen um die besten Zeiten untereinander &#8211; auch wenn die Stra\u00dfenverkehrsbeh\u00f6rde des Wetteraukreises dies im Genehmigungsbescheid anders wertet &#8211; sondern um Feststellung und Nachweis einer guten k\u00f6rperlichen Leistungsf\u00e4higkeit, den Erfolg regelm\u00e4\u00dfigen Trainings. Hier hat jeder gewonnen!<\/p>\n<p>Nicht zuletzt geht ein Dank an unseren Pr\u00fcfer Michael Hammann, den Zeitnehmer Hans Sch\u00f6niger und unsere Streckenposten.<br \/>\nF\u00fcr 2018 hei\u00dft es am 3. Oktober wieder \u201eStart frei\u201c zum Zeitfahren in der Wetterau. Jedermann ist eingeladen. Informationen zum DRA gibt es beim <a href=\"http:\/\/www.radsportabzeichen.de\" target=\"_blank\" rel=\"noopener\">Bund Deutscher Radfahrer<\/a>. Training und Abnahme sind beim <a href=\"https:\/\/www.rc03-ilbenstadt.de\" target=\"_blank\" rel=\"noopener\">RC 03 Ilbenstadt<\/a> und grunds\u00e4tzlich bei allen <a href=\"http:\/\/www.rsb-taunus-wetterau.de\/\" target=\"_blank\" rel=\"noopener\">radsporttreibenden Vereinen<\/a> m\u00f6glich. Macht mit!<\/p>\n<p>Impressionen<\/p>\n<table>\n<tbody>\n<tr>\n<td><a href=\"https:\/\/www.rc03-ilbenstadt.de\/wp-content\/uploads\/2017\/10\/RC03-DRA-Zeitfahren_2017-001-W-WEB.jpg\" rel=\"lightbox[6002]\"><img loading=\"lazy\" decoding=\"async\" class=\"alignleft size-thumbnail wp-image-6012\" src=\"https:\/\/www.rc03-ilbenstadt.de\/wp-content\/uploads\/2017\/10\/RC03-DRA-Zeitfahren_2017-001-W-WEB-150x150.jpg\" alt=\"\" width=\"150\" height=\"150\" \/><\/a><\/td>\n<td><a href=\"https:\/\/www.rc03-ilbenstadt.de\/wp-content\/uploads\/2017\/10\/RC03-DRA-Zeitfahren_2017-038-W-WEB.jpg\" rel=\"lightbox[6002]\"><img loading=\"lazy\" decoding=\"async\" class=\"alignleft wp-image-6024 size-thumbnail\" src=\"https:\/\/www.rc03-ilbenstadt.de\/wp-content\/uploads\/2017\/10\/RC03-DRA-Zeitfahren_2017-038-W-WEB-150x150.jpg\" alt=\"\" width=\"150\" height=\"150\" \/><\/a><\/td>\n<td><a href=\"https:\/\/www.rc03-ilbenstadt.de\/wp-content\/uploads\/2017\/10\/RC03-DRA-Zeitfahren_2017-030-W-WEB.jpg\" rel=\"lightbox[6002]\"><img loading=\"lazy\" decoding=\"async\" class=\"alignleft size-thumbnail wp-image-6023\" src=\"https:\/\/www.rc03-ilbenstadt.de\/wp-content\/uploads\/2017\/10\/RC03-DRA-Zeitfahren_2017-030-W-WEB-150x150.jpg\" alt=\"\" width=\"150\" height=\"150\" \/><\/a><\/td>\n<\/tr>\n<tr>\n<td><a href=\"https:\/\/www.rc03-ilbenstadt.de\/wp-content\/uploads\/2017\/10\/RC03-DRA-Zeitfahren_2017-042-I-WEB.jpg\" rel=\"lightbox[6002]\"><img loading=\"lazy\" decoding=\"async\" class=\"alignleft size-thumbnail wp-image-6026\" src=\"https:\/\/www.rc03-ilbenstadt.de\/wp-content\/uploads\/2017\/10\/RC03-DRA-Zeitfahren_2017-042-I-WEB-150x150.jpg\" alt=\"\" width=\"150\" height=\"150\" \/><\/a><\/td>\n<td><a href=\"https:\/\/www.rc03-ilbenstadt.de\/wp-content\/uploads\/2017\/10\/RC03-DRA-Zeitfahren_2017-007-W-WEB.jpg\" rel=\"lightbox[6002]\"><img loading=\"lazy\" decoding=\"async\" class=\"alignleft size-thumbnail wp-image-6015\" src=\"https:\/\/www.rc03-ilbenstadt.de\/wp-content\/uploads\/2017\/10\/RC03-DRA-Zeitfahren_2017-007-W-WEB-150x150.jpg\" alt=\"\" width=\"150\" height=\"150\" \/><\/a><\/td>\n<td><a href=\"https:\/\/www.rc03-ilbenstadt.de\/wp-content\/uploads\/2017\/10\/RC03-DRA-Zeitfahren_2017-011-W-WEB.jpg\" rel=\"lightbox[6002]\"><img loading=\"lazy\" decoding=\"async\" class=\"alignleft size-thumbnail wp-image-6017\" src=\"https:\/\/www.rc03-ilbenstadt.de\/wp-content\/uploads\/2017\/10\/RC03-DRA-Zeitfahren_2017-011-W-WEB-150x150.jpg\" alt=\"\" width=\"150\" height=\"150\" \/><\/a><\/td>\n<\/tr>\n<tr>\n<td>\u00a0<a href=\"https:\/\/www.rc03-ilbenstadt.de\/wp-content\/uploads\/2017\/10\/RC03-DRA-Zeitfahren_2017-004-W-WEB.jpg\" rel=\"lightbox[6002]\"><img loading=\"lazy\" decoding=\"async\" class=\"alignleft size-thumbnail wp-image-6013\" src=\"https:\/\/www.rc03-ilbenstadt.de\/wp-content\/uploads\/2017\/10\/RC03-DRA-Zeitfahren_2017-004-W-WEB-150x150.jpg\" alt=\"\" width=\"150\" height=\"150\" \/><\/a><\/td>\n<td>\u00a0<a href=\"https:\/\/www.rc03-ilbenstadt.de\/wp-content\/uploads\/2017\/10\/RC03-DRA-Zeitfahren_2017-005-W-WEB.jpg\" rel=\"lightbox[6002]\"><img loading=\"lazy\" decoding=\"async\" class=\"alignleft size-thumbnail wp-image-6014\" src=\"https:\/\/www.rc03-ilbenstadt.de\/wp-content\/uploads\/2017\/10\/RC03-DRA-Zeitfahren_2017-005-W-WEB-150x150.jpg\" alt=\"\" width=\"150\" height=\"150\" \/><\/a><\/td>\n<td>\u00a0<a href=\"https:\/\/www.rc03-ilbenstadt.de\/wp-content\/uploads\/2017\/10\/RC03-DRA-Zeitfahren_2017-010-W-WEB.jpg\" rel=\"lightbox[6002]\"><img loading=\"lazy\" decoding=\"async\" class=\"alignleft size-thumbnail wp-image-6016\" src=\"https:\/\/www.rc03-ilbenstadt.de\/wp-content\/uploads\/2017\/10\/RC03-DRA-Zeitfahren_2017-010-W-WEB-150x150.jpg\" alt=\"\" width=\"150\" height=\"150\" \/><\/a><\/td>\n<\/tr>\n<tr>\n<td>\u00a0<a href=\"https:\/\/www.rc03-ilbenstadt.de\/wp-content\/uploads\/2017\/10\/RC03-DRA-Zeitfahren_2017-017-W-WEB.jpg\" rel=\"lightbox[6002]\"><img loading=\"lazy\" decoding=\"async\" class=\"alignleft size-thumbnail wp-image-6019\" src=\"https:\/\/www.rc03-ilbenstadt.de\/wp-content\/uploads\/2017\/10\/RC03-DRA-Zeitfahren_2017-017-W-WEB-150x150.jpg\" alt=\"\" width=\"150\" height=\"150\" \/><\/a><\/td>\n<td>\u00a0<a href=\"https:\/\/www.rc03-ilbenstadt.de\/wp-content\/uploads\/2017\/10\/RC03-DRA-Zeitfahren_2017-020-W-WEB.jpg\" rel=\"lightbox[6002]\"><img loading=\"lazy\" decoding=\"async\" class=\"alignleft size-thumbnail wp-image-6020\" src=\"https:\/\/www.rc03-ilbenstadt.de\/wp-content\/uploads\/2017\/10\/RC03-DRA-Zeitfahren_2017-020-W-WEB-150x150.jpg\" alt=\"\" width=\"150\" height=\"150\" \/><\/a><\/td>\n<td>\u00a0<a href=\"https:\/\/www.rc03-ilbenstadt.de\/wp-content\/uploads\/2017\/10\/RC03-DRA-Zeitfahren_2017-024-W-WEB.jpg\" rel=\"lightbox[6002]\"><img loading=\"lazy\" decoding=\"async\" class=\"alignleft size-thumbnail wp-image-6021\" src=\"https:\/\/www.rc03-ilbenstadt.de\/wp-content\/uploads\/2017\/10\/RC03-DRA-Zeitfahren_2017-024-W-WEB-150x150.jpg\" alt=\"\" width=\"150\" height=\"150\" \/><\/a><\/td>\n<\/tr>\n<tr>\n<td>\u00a0<a href=\"https:\/\/www.rc03-ilbenstadt.de\/wp-content\/uploads\/2017\/10\/RC03-DRA-Zeitfahren_2017-026-W-WEB.jpg\" rel=\"lightbox[6002]\"><img loading=\"lazy\" decoding=\"async\" class=\"alignleft size-thumbnail wp-image-6022\" src=\"https:\/\/www.rc03-ilbenstadt.de\/wp-content\/uploads\/2017\/10\/RC03-DRA-Zeitfahren_2017-026-W-WEB-150x150.jpg\" alt=\"\" width=\"150\" height=\"150\" \/><\/a><\/td>\n<td>\u00a0<a href=\"https:\/\/www.rc03-ilbenstadt.de\/wp-content\/uploads\/2017\/10\/RC03-DRA-Zeitfahren_2017-041-I-WEB.jpg\" rel=\"lightbox[6002]\"><img loading=\"lazy\" decoding=\"async\" class=\"alignleft size-thumbnail wp-image-6025\" src=\"https:\/\/www.rc03-ilbenstadt.de\/wp-content\/uploads\/2017\/10\/RC03-DRA-Zeitfahren_2017-041-I-WEB-150x150.jpg\" alt=\"\" width=\"150\" height=\"150\" \/><\/a><\/td>\n<td>\u00a0<a href=\"https:\/\/www.rc03-ilbenstadt.de\/wp-content\/uploads\/2017\/10\/RC03-DRA-Zeitfahren_2017-046-I-WEB.jpg\" rel=\"lightbox[6002]\"><img loading=\"lazy\" decoding=\"async\" class=\"alignleft size-thumbnail wp-image-6027\" src=\"https:\/\/www.rc03-ilbenstadt.de\/wp-content\/uploads\/2017\/10\/RC03-DRA-Zeitfahren_2017-046-I-WEB-150x150.jpg\" alt=\"\" width=\"150\" height=\"150\" \/><\/a><\/td>\n<\/tr>\n<tr>\n<td>\u00a0<a href=\"https:\/\/www.rc03-ilbenstadt.de\/wp-content\/uploads\/2017\/10\/RC03-DRA-Zeitfahren_2017-055-I-WEB.jpg\" rel=\"lightbox[6002]\"><img loading=\"lazy\" decoding=\"async\" class=\"alignleft size-thumbnail wp-image-6028\" src=\"https:\/\/www.rc03-ilbenstadt.de\/wp-content\/uploads\/2017\/10\/RC03-DRA-Zeitfahren_2017-055-I-WEB-150x150.jpg\" alt=\"\" width=\"150\" height=\"150\" \/><\/a><\/td>\n<td>\u00a0<a href=\"https:\/\/www.rc03-ilbenstadt.de\/wp-content\/uploads\/2017\/10\/RC03-DRA-Zeitfahren_2017-058-I-WEB.jpg\" rel=\"lightbox[6002]\"><img loading=\"lazy\" decoding=\"async\" class=\"alignleft size-thumbnail wp-image-6029\" src=\"https:\/\/www.rc03-ilbenstadt.de\/wp-content\/uploads\/2017\/10\/RC03-DRA-Zeitfahren_2017-058-I-WEB-150x150.jpg\" alt=\"\" width=\"150\" height=\"150\" \/><\/a><\/td>\n<td>\u00a0<a href=\"https:\/\/www.rc03-ilbenstadt.de\/wp-content\/uploads\/2017\/10\/RC03-DRA-Zeitfahren_2017-076-DieterW-WEB.jpg\" rel=\"lightbox[6002]\"><img loading=\"lazy\" decoding=\"async\" class=\"alignleft size-thumbnail wp-image-6031\" src=\"https:\/\/www.rc03-ilbenstadt.de\/wp-content\/uploads\/2017\/10\/RC03-DRA-Zeitfahren_2017-076-DieterW-WEB-150x150.jpg\" alt=\"\" width=\"150\" height=\"150\" \/><\/a><\/td>\n<\/tr>\n<tr>\n<td>\u00a0<a href=\"https:\/\/www.rc03-ilbenstadt.de\/wp-content\/uploads\/2017\/10\/RC03-DRA-Zeitfahren_2017-079-DieterW-WEB.jpg\" rel=\"lightbox[6002]\"><img loading=\"lazy\" decoding=\"async\" class=\"alignleft size-thumbnail wp-image-6033\" src=\"https:\/\/www.rc03-ilbenstadt.de\/wp-content\/uploads\/2017\/10\/RC03-DRA-Zeitfahren_2017-079-DieterW-WEB-150x150.jpg\" alt=\"\" width=\"150\" height=\"150\" \/><\/a><\/td>\n<td>\u00a0<a href=\"https:\/\/www.rc03-ilbenstadt.de\/wp-content\/uploads\/2017\/10\/RC03-DRA-Zeitfahren_2017-083-DieterW-WEB.jpg\" rel=\"lightbox[6002]\"><img loading=\"lazy\" decoding=\"async\" class=\"alignleft size-thumbnail wp-image-6034\" src=\"https:\/\/www.rc03-ilbenstadt.de\/wp-content\/uploads\/2017\/10\/RC03-DRA-Zeitfahren_2017-083-DieterW-WEB-150x150.jpg\" alt=\"\" width=\"150\" height=\"150\" \/><\/a><\/td>\n<td>\u00a0<a href=\"https:\/\/www.rc03-ilbenstadt.de\/wp-content\/uploads\/2017\/10\/RC03-DRA-Zeitfahren_2017-084-DieterW-WEB.jpg\" rel=\"lightbox[6002]\"><img loading=\"lazy\" decoding=\"async\" class=\"alignleft size-thumbnail wp-image-6035\" src=\"https:\/\/www.rc03-ilbenstadt.de\/wp-content\/uploads\/2017\/10\/RC03-DRA-Zeitfahren_2017-084-DieterW-WEB-150x150.jpg\" alt=\"\" width=\"150\" height=\"150\" \/><\/a><\/td>\n<\/tr>\n<tr>\n<td><a href=\"https:\/\/www.rc03-ilbenstadt.de\/wp-content\/uploads\/2017\/10\/RC03-DRA-Zeitfahren_2017-108-DieterW-WEB.jpg\" rel=\"lightbox[6002]\"><img loading=\"lazy\" decoding=\"async\" class=\"alignleft size-thumbnail wp-image-6036\" src=\"https:\/\/www.rc03-ilbenstadt.de\/wp-content\/uploads\/2017\/10\/RC03-DRA-Zeitfahren_2017-108-DieterW-WEB-150x150.jpg\" alt=\"\" width=\"150\" height=\"150\" \/><\/a><\/td>\n<td><a href=\"https:\/\/www.rc03-ilbenstadt.de\/wp-content\/uploads\/2017\/10\/RC03-DRA-Zeitfahren_2017-117-DieterW-WEB.jpg\" rel=\"lightbox[6002]\"><img loading=\"lazy\" decoding=\"async\" class=\"alignleft size-thumbnail wp-image-6037\" src=\"https:\/\/www.rc03-ilbenstadt.de\/wp-content\/uploads\/2017\/10\/RC03-DRA-Zeitfahren_2017-117-DieterW-WEB-150x150.jpg\" alt=\"\" width=\"150\" height=\"150\" \/><\/a><\/td>\n<td><a href=\"https:\/\/www.rc03-ilbenstadt.de\/wp-content\/uploads\/2017\/10\/RC03-DRA-Zeitfahren_2017-159-DieterW-WEB.jpg\" rel=\"lightbox[6002]\"><img loading=\"lazy\" decoding=\"async\" class=\"alignleft size-thumbnail wp-image-6038\" src=\"https:\/\/www.rc03-ilbenstadt.de\/wp-content\/uploads\/2017\/10\/RC03-DRA-Zeitfahren_2017-159-DieterW-WEB-150x150.jpg\" alt=\"\" width=\"150\" height=\"150\" \/><\/a><\/td>\n<\/tr>\n<\/tbody>\n<\/table>\n<p><a href=\"https:\/\/www.rc03-ilbenstadt.de\/?page_id=6045\" target=\"_blank\" rel=\"noopener\">Bilderdownload<\/a> f\u00fcr Teilnehmerinnen und Teilnehmer am Zeitfahren (Passwort erforderlich).<\/p>\n","protected":false},"excerpt":{"rendered":"<p>Der 3. Oktober hat sich mittlerweile fest im Terminkalender der Radsportlerinnen und -sportler\u00a0 zur Abnahme des Zeitfahrens zum Deutschen Radsportabzeichen in der Wetterau etabliert. Von R\u00fcsselsheim, Frankfurt, Neu-Anspach, dem Raum Gie\u00dfen und nat\u00fcrlich aus der Wetterau kommen die Teilnehmer zu &hellip; <a href=\"https:\/\/www.rc03-ilbenstadt.de\/?p=6002\">Weiterlesen <span class=\"meta-nav\">&rarr;<\/span><\/a><\/p>\n","protected":false},"author":9,"featured_media":6012,"comment_status":"open","ping_status":"closed","sticky":false,"template":"","format":"standard","meta":{"_crdt_document":"","footnotes":""},"categories":[1],"tags":[],"class_list":["post-6002","post","type-post","status-publish","format-standard","has-post-thumbnail","hentry","category-allgemein"],"_links":{"self":[{"href":"https:\/\/www.rc03-ilbenstadt.de\/index.php?rest_route=\/wp\/v2\/posts\/6002","targetHints":{"allow":["GET"]}}],"collection":[{"href":"https:\/\/www.rc03-ilbenstadt.de\/index.php?rest_route=\/wp\/v2\/posts"}],"about":[{"href":"https:\/\/www.rc03-ilbenstadt.de\/index.php?rest_route=\/wp\/v2\/types\/post"}],"author":[{"embeddable":true,"href":"https:\/\/www.rc03-ilbenstadt.de\/index.php?rest_route=\/wp\/v2\/users\/9"}],"replies":[{"embeddable":true,"href":"https:\/\/www.rc03-ilbenstadt.de\/index.php?rest_route=%2Fwp%2Fv2%2Fcomments&post=6002"}],"version-history":[{"count":5,"href":"https:\/\/www.rc03-ilbenstadt.de\/index.php?rest_route=\/wp\/v2\/posts\/6002\/revisions"}],"predecessor-version":[{"id":6190,"href":"https:\/\/www.rc03-ilbenstadt.de\/index.php?rest_route=\/wp\/v2\/posts\/6002\/revisions\/6190"}],"wp:featuredmedia":[{"embeddable":true,"href":"https:\/\/www.rc03-ilbenstadt.de\/index.php?rest_route=\/wp\/v2\/media\/6012"}],"wp:attachment":[{"href":"https:\/\/www.rc03-ilbenstadt.de\/index.php?rest_route=%2Fwp%2Fv2%2Fmedia&parent=6002"}],"wp:term":[{"taxonomy":"category","embeddable":true,"href":"https:\/\/www.rc03-ilbenstadt.de\/index.php?rest_route=%2Fwp%2Fv2%2Fcategories&post=6002"},{"taxonomy":"post_tag","embeddable":true,"href":"https:\/\/www.rc03-ilbenstadt.de\/index.php?rest_route=%2Fwp%2Fv2%2Ftags&post=6002"}],"curies":[{"name":"wp","href":"https:\/\/api.w.org\/{rel}","templated":true}]}}