{"id":6192,"date":"2017-10-13T11:48:36","date_gmt":"2017-10-13T09:48:36","guid":{"rendered":"http:\/\/www.rc03-ilbenstadt.de\/?p=6192"},"modified":"2017-10-13T16:36:41","modified_gmt":"2017-10-13T14:36:41","slug":"ilbenstaedter-radtourenauf-geschichtstraechtigen-wegen-von-ilbenstadt-zur-ronneburgkultour-am-dienstag-dem-29-oktober-2017-0930-uhr","status":"publish","type":"post","link":"https:\/\/www.rc03-ilbenstadt.de\/?p=6192","title":{"rendered":"Ilbenst\u00e4dter Radtouren<br>KulTOUR &#8222;Auf geschichtstr\u00e4chtigen Wegen&#8220;<br>von Ilbenstadt zur Ronneburg<br>am Donnerstag, dem 26. Oktober 2017, 09:30 Uhr"},"content":{"rendered":"<p>Wir laden unsere Mitglieder und alle interessierten Radwanderer zu dieser wundersch\u00f6nen Radtour auf geschichtstr\u00e4chtigen Wegen herzlich ein.<\/p>\n<p>Wir starten um 09:30 Uhr am B\u00fcrgerhaus in Niddatal-Ilbenstadt und gehen auf die 69 Kilometer lange Strecke. Eine Zustiegsm\u00f6glichkeit <!--more-->besteht um 10:30 Uhr am Altenst\u00e4dter Bahnhof. Von hier aus sind nur 31 Kilometer auf der leicht profilierten Strecke zu bew\u00e4ltigen.<\/p>\n<p>Die abwechslungsreiche Radtour f\u00fchrt \u00fcber gut ausgebaute Radwege. Zuerst geht es an Wickstadt, Maria Sternbach und Kloster Engelthal vorbei nach Altenstadt zum Bahnhof. Von dort fahren wir auf dem Limesradweg \u00fcber Rommelhausen nach Langenbergheim auf die Hohe Stra\u00dfe. Hier rollte im Mittelalter der Messeverkehr zwischen Frankfurt und Leipzig. Bergab lassen wir es nach Altwiedermus laufen, bevor es steil hinauf zum Basaltsporn des Fallbachtales mit der trutzig aufragenden Ronneburg geht.<br \/>\nHier legen wir eine Mittagspause ein. Eine Einkehrm\u00f6glichkeit besteht. Eine Besichtigung des \u201eoffenen Museums Ronneburg\u201c ist geplant. Wir werden einige Details der Geschichte dieser Sicherungsburg der \u201eKaiserlichen Wetterau\u201c, die in der ersten H\u00e4lfte des<br \/>\n13. Jahrhunderts errichtet wurde, erfahren.<\/p>\n<p>Der R\u00fcckweg f\u00fchrt uns weiter nach Diebach im Haag, durch den Wald nach Calbach zur\u00fcck nach Altenstadt. Die Radlerinnen und Radler der 31-Kilometer-Strecke sind am Ziel und verabschieden den Rest der Truppe, der \u00fcber Stammheim wieder zur\u00fcck nach<br \/>\nIlbenstadt f\u00e4hrt.<\/p>\n<p>Ein Flyer zu dieser Radtour steht zum <a href=\"https:\/\/www.rc03-ilbenstadt.de\/wp-content\/uploads\/2017\/10\/RC03-RW-171024-Ilbenstadt_Ronneburg-Flyer_03.pdf\" target=\"_blank\" rel=\"noopener\">Download<\/a> bereit.<\/p>\n<p>Wir freuen uns auf Eure Teilnahme!<br \/>\nF\u00fcr das Radwanderteam<\/p>\n<p>Lutz und Johannnes<\/p>\n<p>&nbsp;<\/p>\n<p>Die Strecke:<br \/>\n<iframe loading=\"lazy\" src=\"\/\/www.gpsies.com\/mapOnly.do?fileId=hozmluttixzfcpnr\" width=\"600\" height=\"400\" frameborder=\"0\" marginwidth=\"0\" marginheight=\"0\" scrolling=\"no\"><\/iframe><\/p>\n<p>Impressionen zur angek\u00fcndigten Radtour:<\/p>\n<table>\n<tbody>\n<tr>\n<td><a href=\"https:\/\/www.rc03-ilbenstadt.de\/wp-content\/uploads\/2014\/07\/B-RC03-RW-140719-14-Ilbenstadt_Ronneburg-WEB.jpg\" rel=\"lightbox[6192]\"><img loading=\"lazy\" decoding=\"async\" class=\"alignleft size-thumbnail wp-image-3197\" src=\"https:\/\/www.rc03-ilbenstadt.de\/wp-content\/uploads\/2014\/07\/B-RC03-RW-140719-14-Ilbenstadt_Ronneburg-WEB-150x150.jpg\" alt=\"\" width=\"150\" height=\"150\" \/><\/a><\/td>\n<td><a href=\"https:\/\/www.rc03-ilbenstadt.de\/wp-content\/uploads\/2014\/07\/B-RC03-RW-140719-12-Ilbenstadt_Ronneburg-WEB.jpg\" rel=\"lightbox[6192]\"><img loading=\"lazy\" decoding=\"async\" class=\"alignleft size-thumbnail wp-image-3196\" src=\"https:\/\/www.rc03-ilbenstadt.de\/wp-content\/uploads\/2014\/07\/B-RC03-RW-140719-12-Ilbenstadt_Ronneburg-WEB-150x150.jpg\" alt=\"\" width=\"150\" height=\"150\" \/><\/a><\/td>\n<td><\/td>\n<\/tr>\n<tr>\n<td><a href=\"https:\/\/www.rc03-ilbenstadt.de\/wp-content\/uploads\/2014\/07\/B-RW-140719-02-Ronneburg-Vorbereitung-WEB.jpg\" rel=\"lightbox[6192]\"><img loading=\"lazy\" decoding=\"async\" class=\"alignleft size-thumbnail wp-image-3174\" src=\"https:\/\/www.rc03-ilbenstadt.de\/wp-content\/uploads\/2014\/07\/B-RW-140719-02-Ronneburg-Vorbereitung-WEB-150x150.jpg\" alt=\"\" width=\"150\" height=\"150\" \/><\/a><\/td>\n<td><a href=\"https:\/\/www.rc03-ilbenstadt.de\/wp-content\/uploads\/2014\/07\/B-RW-140719-07-Ronneburg-Vorbereitung-WEB.jpg\" rel=\"lightbox[6192]\"><img loading=\"lazy\" decoding=\"async\" class=\"alignleft size-thumbnail wp-image-3179\" src=\"https:\/\/www.rc03-ilbenstadt.de\/wp-content\/uploads\/2014\/07\/B-RW-140719-07-Ronneburg-Vorbereitung-WEB-150x150.jpg\" alt=\"\" width=\"150\" height=\"150\" \/><\/a><\/td>\n<td><a href=\"https:\/\/www.rc03-ilbenstadt.de\/wp-content\/uploads\/2014\/07\/B-RC03-RW-140719-08-Ilbenstadt_Ronneburg-WEB.jpg\" rel=\"lightbox[6192]\"><img loading=\"lazy\" decoding=\"async\" class=\"alignleft size-thumbnail wp-image-3194\" src=\"https:\/\/www.rc03-ilbenstadt.de\/wp-content\/uploads\/2014\/07\/B-RC03-RW-140719-08-Ilbenstadt_Ronneburg-WEB-150x150.jpg\" alt=\"\" width=\"150\" height=\"150\" \/><\/a><\/td>\n<\/tr>\n<\/tbody>\n<\/table>\n","protected":false},"excerpt":{"rendered":"<p>Wir laden unsere Mitglieder und alle interessierten Radwanderer zu dieser wundersch\u00f6nen Radtour auf geschichtstr\u00e4chtigen Wegen herzlich ein. Wir starten um 09:30 Uhr am B\u00fcrgerhaus in Niddatal-Ilbenstadt und gehen auf die 69 Kilometer lange Strecke. Eine Zustiegsm\u00f6glichkeit<\/p>\n","protected":false},"author":9,"featured_media":3179,"comment_status":"open","ping_status":"closed","sticky":false,"template":"","format":"standard","meta":{"_crdt_document":"","footnotes":""},"categories":[1],"tags":[],"class_list":["post-6192","post","type-post","status-publish","format-standard","has-post-thumbnail","hentry","category-allgemein"],"_links":{"self":[{"href":"https:\/\/www.rc03-ilbenstadt.de\/index.php?rest_route=\/wp\/v2\/posts\/6192","targetHints":{"allow":["GET"]}}],"collection":[{"href":"https:\/\/www.rc03-ilbenstadt.de\/index.php?rest_route=\/wp\/v2\/posts"}],"about":[{"href":"https:\/\/www.rc03-ilbenstadt.de\/index.php?rest_route=\/wp\/v2\/types\/post"}],"author":[{"embeddable":true,"href":"https:\/\/www.rc03-ilbenstadt.de\/index.php?rest_route=\/wp\/v2\/users\/9"}],"replies":[{"embeddable":true,"href":"https:\/\/www.rc03-ilbenstadt.de\/index.php?rest_route=%2Fwp%2Fv2%2Fcomments&post=6192"}],"version-history":[{"count":5,"href":"https:\/\/www.rc03-ilbenstadt.de\/index.php?rest_route=\/wp\/v2\/posts\/6192\/revisions"}],"predecessor-version":[{"id":6211,"href":"https:\/\/www.rc03-ilbenstadt.de\/index.php?rest_route=\/wp\/v2\/posts\/6192\/revisions\/6211"}],"wp:featuredmedia":[{"embeddable":true,"href":"https:\/\/www.rc03-ilbenstadt.de\/index.php?rest_route=\/wp\/v2\/media\/3179"}],"wp:attachment":[{"href":"https:\/\/www.rc03-ilbenstadt.de\/index.php?rest_route=%2Fwp%2Fv2%2Fmedia&parent=6192"}],"wp:term":[{"taxonomy":"category","embeddable":true,"href":"https:\/\/www.rc03-ilbenstadt.de\/index.php?rest_route=%2Fwp%2Fv2%2Fcategories&post=6192"},{"taxonomy":"post_tag","embeddable":true,"href":"https:\/\/www.rc03-ilbenstadt.de\/index.php?rest_route=%2Fwp%2Fv2%2Ftags&post=6192"}],"curies":[{"name":"wp","href":"https:\/\/api.w.org\/{rel}","templated":true}]}}