{"id":6293,"date":"2017-11-24T10:06:23","date_gmt":"2017-11-24T09:06:23","guid":{"rendered":"http:\/\/www.rc03-ilbenstadt.de\/?p=6293"},"modified":"2017-11-26T15:03:22","modified_gmt":"2017-11-26T14:03:23","slug":"sportlerehrung-und-saisonabschlussfeier-2017","status":"publish","type":"post","link":"https:\/\/www.rc03-ilbenstadt.de\/?p=6293","title":{"rendered":"Sportlerehrung und Saisonabschlussfeier 2017<br>Ehrungen, Geselligkeit und Vergn\u00fcgen"},"content":{"rendered":"<p>Wieder haben wir mit dem 15. Oktober ein Sportjahr abgeschlossen. So richtig gilt diese Aussage nur f\u00fcr das Radtourenfahren (RTF). Hier sind wir am 12. M\u00e4rz mit der RTF in Schl\u00fcchtern mit der ersten Kurbelumdrehung in die Saison gestartet. Jetzt ging es Sonn- und Feiertags von einer RTF zur anderen, bis dass die letzte Wertung bei der Countrytourenfahrt (CTF) &#8211; auch diese Punkte flie\u00dfen in die Gesamtwertung ein &#8211; beim RFC Oberstedten eingefahren war. F\u00fcr das schon angesprochene Countrytourenfahren (CTF) und f\u00fcr das Radwandern ist <strong>immer <\/strong>Saison. Unerschrocken, wetterfest und gut ausger\u00fcstet trotzen viele den vermeintlichen Schrecken der k\u00fchlen Jahreszeit und <!--more-->genie\u00dfen die Reize, die Herbst, Winter und das zeitige Fr\u00fchjahr durchaus bieten. Vermehrt werden auch permanente (Winter-)Touren f\u00fcr Rennradenthusiasten durch die Radsportvereine angeboten, mit denen auch das sommerliche Punktekonto auf der Wertungskarte bereichert werden kann. Also auch hier geht der Trend zu einer 365-Tage-Saison.<\/p>\n<p>In diesem Rahmen haben sich unsere Radsportlerinnen und -sportler bewegt. Dar\u00fcber hinaus nutzten einige Unentwegte unser Angebot, die gute k\u00f6rperliche Fitness nach au\u00dfen mit dem <a href=\"http:\/\/breitensport.rad-net.de\/breitensportarten\/radsportabzeichen\/\" target=\"_blank\" rel=\"noopener\">Deutschen Radsportabzeichen<\/a>, dem radsportlichen Pendant zum Deutschen Sportabzeichen, zu dokumentieren. Die hier zu absolvierenden Disziplinen sind ein Mix aus der Saisonleistung (RTF\/CTF), dem Streckenfahren mit Rennrad, Mountainbike oder Tourenrad sowie einem <a href=\"https:\/\/www.rc03-ilbenstadt.de\/?p=6002\" target=\"_blank\" rel=\"noopener\">Zeitfahren<\/a>. Die Ziele in Bronze, Silber oder Gold sind durchaus ambitioniert und n\u00f6tigen in allen Altersklassen und Stufen Respekt ab.<\/p>\n<p>40 aktive Radlerinnen und Radler des RC 03 Ilbenstadt, von denen sich 26 der Wertung gestellt haben,\u00a0 standen im Mittelpunkt unserer diesj\u00e4hrigen Saisonabschlussfeier und erwarteten mit Spannung die Saisonergebnisse, \u00fcber die schon im Vorfeld viel spekuliert worden war. Hier hatten einige schon gerechnet &#8230;<\/p>\n<p>Dem Ilbenst\u00e4dter B\u00fcrgerhaus hatten flei\u00dfige Helferinnen und Helfer viel von der K\u00fchle des Raumes durch eine ansprechende Dekoration genommen. In diesem Ambiente konnten wir zahlreiche Vereinsmitglieder und G\u00e4ste begr\u00fc\u00dfen, so Doris Hof, die Bundesehrengilde Mittelhessen mit ihrem Obmann Herbert Bender und dem BEG-Schatzmeister Horst K\u00f6hler, mit denen wir \u00fcber den Radsport freundschaftlich verbunden sind. Mit dem Sektempfang verband sich ein angeregter Austausch, der den Abend \u00fcber anhalten sollte. Und pl\u00f6tzlich war sie da! Leise, geschmeidig wie eine Raubkatze, passend mit einem Oberteil im Leopardenmuster bekleidet, war die &#8222;Landfrau Ursula Kraft&#8220; in den Saal gekommen und hatte das Publikum gestellt. Da gab es kein Entrinnen! Aus dem reichen Erfahrungsschatz der Landfrau, mit messerscharfem Urteilsverm\u00f6gen und \u00fcberraschenden Sichten auf Alltagsvorg\u00e4nge, regionale und \u00fcberregionale Ereignisse ausgestattet, der auch Radfahrer nicht unbeachtet in der Ecke stehen lie\u00df, wurde die Radlergemeinde auf das Vergn\u00fcglichste unterhalten. Auch der &#8222;Technikheini&#8220; wurde kurzzeitig Teil der Show, weil er zwar Bits und Bytes gesch\u00e4ftig in seinem Rechner herumsausen lie\u00df, diese aber nicht rechtzeitig zur akkustischen Untermalung des Vortrages \u00fcber die Lautsprecher ins Freie entlassen konnte. Trotzdem gelang die Show und deren zweiter Teil ging nicht minder vergn\u00fcglich mit Markus Karger alias Landfrau Ursula Kraft \u00fcber die B\u00fchne.<\/p>\n<p>Die Sportlerehrung r\u00fcckte immer wieder in unseren Focus:<br \/>\nIm Radtourenfahren konnten wir mit rund 36.000 Kilometern Vizemeister mit Radsportbezirk Taunus-Wetterau werden, dabei waren Johannes Contag und Dieter Kalb gemeinsam auf dem vierten Platz in der Einzelwertung CTF vorne dabei. Den Vizemeistertitel konnten wir auch im Radwandern in der BDR-Klasse 4 mit 11 bis 20 Wertungsteilnehmern erringen. Eine stolze Leistung, die wir trotz einiger R\u00fcckschl\u00e4ge in 2017 abrufen konnten.<\/p>\n<p>In der Vereinswertung haben die Fachbereichsleiter Sport, Wilhelm Schr\u00f6der f\u00fcr RTF\/CTF und Lutz Delling f\u00fcr das Radwandern auch respektable Leistungen gew\u00fcrdigt. Die Geehrten erhielten in Anerkennung ihrer Leistungen eine Urkunde und ein Duschtuch mit eingesticktem Vereinslogo und dem Schriftzug \u201eVereinsmeisterschaft 2017, Platzierung\/Klasse, Vor- und Zuname). Folgende Ehrungen wurden vorgenommen:<\/p>\n<p><strong>Damenklasse RTF\/CTF<\/strong><br \/>\n1. Platz: Marlene H\u00fcttl, 785 Kilometer<br \/>\n2. Platz: Inge Schr\u00f6der, 763 Kilometer<br \/>\n3. Platz: Inge Wiesk\u00e4mper, 455 Kilometer<\/p>\n<p><strong>Herrenklasse RTF\/CTF bis 60 Jahre<\/strong><br \/>\n1. Platz: Kurt L\u00f6chner, 3326 Kilometer<br \/>\n2. Platz: Dieter Herbert, 3211 Kilometer<br \/>\n3. Platz: Oliver Witt, 2381 Kilometer<\/p>\n<p><strong>Herrenklasse RTF\/CTF \u00fcber 60 Jahre<\/strong><br \/>\n1. Platz: Johannes Contag, 4633 Kilometer<br \/>\n2. Platz: Giovanni Di Rosa, 3164 Kilometer<br \/>\n3. Platz: Klaus Hochstadt, 2950 Kilometer<\/p>\n<p><strong>Radwandern Herren<\/strong><br \/>\n1. Platz: Johnannes Contag<br \/>\n2. Platz: Lutz Delling<\/p>\n<p><strong>Radwandern Damen<\/strong><br \/>\n1. Platz: Marlene H\u00fcttl<br \/>\n2. Platz: Inge Schr\u00f6der<\/p>\n<p><strong>Deutsche Radsportabzeichen (DRA)<\/strong><br \/>\nGiovanni Di Rosa, DRA in Gold<br \/>\nJohannes Contag, DRA in Gold<br \/>\nDieter Herbert, DRA in Gold<br \/>\nKlaus Hochstadt, DRA in Silber<br \/>\nKurt L\u00f6chner, DRA in Silber<\/p>\n<p>An dieser Stelle m\u00f6chten wir nochmals den Respekt f\u00fcr die Leistung zollen und die Gl\u00fcckw\u00fcnsche zur erreichten Platzierung aussprechen. Ausdr\u00fccklich danken wir den Helferinnen und Helfern, sowie den Mitwirkenden an dieser Saisonabschlussfeier, die dieser Sportlerehrung einen stimmungsvollen und w\u00fcrdigen Rahmen gegeben haben.<br \/>\nEin vergn\u00fcglicher Abend, angef\u00fcllt mit Unterhaltung, lebhaftem Gedankenaustausch und den ersten Planungen zur n\u00e4chsten Saison ging zu Ende. Wir w\u00fcnschen eine erfolgreiche und unfallfreie Radsportsaison 2017\/2018 und weiter Freude am Radsport.<\/p>\n<p>F\u00fcr den Vorstand des RC 03 Ilbenstadt<\/p>\n<p>Fachbereichsleiter Sport<br \/>\nLutz Delling und Wilhelm Schr\u00f6der<\/p>\n<p>Impressionen von der Saisonabschlussfeier mit Sportlerehrung:<\/p>\n<table>\n<tbody>\n<tr>\n<td style=\"vertical-align: top;\"><span style=\"font-size: 8px;\"><a href=\"https:\/\/www.rc03-ilbenstadt.de\/wp-content\/uploads\/2017\/11\/B-RC03-171118-063-Saisoanabschlussfeier-WEB.jpg\" rel=\"lightbox[6293]\"><img loading=\"lazy\" decoding=\"async\" class=\"alignleft size-thumbnail wp-image-6309\" src=\"https:\/\/www.rc03-ilbenstadt.de\/wp-content\/uploads\/2017\/11\/B-RC03-171118-063-Saisoanabschlussfeier-WEB-150x150.jpg\" alt=\"\" width=\"150\" height=\"150\" \/><\/a><\/span><\/td>\n<td style=\"vertical-align: top;\">\u00a0<a href=\"https:\/\/www.rc03-ilbenstadt.de\/wp-content\/uploads\/2015\/11\/Logo_RC03_final-150px_hoch.jpg\" rel=\"lightbox[6293]\"><img loading=\"lazy\" decoding=\"async\" class=\"alignleft size-thumbnail wp-image-4180\" src=\"https:\/\/www.rc03-ilbenstadt.de\/wp-content\/uploads\/2015\/11\/Logo_RC03_final-150px_hoch-141x150.jpg\" alt=\"\" width=\"141\" height=\"150\" \/><\/a><\/td>\n<td style=\"vertical-align: top;\"><span style=\"font-size: 8px;\"><a href=\"https:\/\/www.rc03-ilbenstadt.de\/wp-content\/uploads\/2017\/11\/B-RC03-171118-031-Saisoanabschlussfeier-WEB.jpg\" rel=\"lightbox[6293]\"><img loading=\"lazy\" decoding=\"async\" class=\"alignleft size-thumbnail wp-image-6305\" src=\"https:\/\/www.rc03-ilbenstadt.de\/wp-content\/uploads\/2017\/11\/B-RC03-171118-031-Saisoanabschlussfeier-WEB-150x150.jpg\" alt=\"\" width=\"150\" height=\"150\" \/><\/a><\/span><\/td>\n<\/tr>\n<tr>\n<td style=\"vertical-align: top;\" colspan=\"2\"><span style=\"font-size: 8px;\">nsere Vereinsmeister, Vizemeister und Drittplatzierte (von links):<br \/>\nJohannes Contag, Oliver Witt, Klaus Hochstadt, Lutz Delling, Kurt L\u00f6chner,<br \/>\nDieter Herbert, Giovanni Di Rosa, Hans Sch\u00f6niher (Vertreter des Vorstandes),<br \/>\nInge Schr\u00f6der, Inge wiesk\u00e4mper, Wilhelm Schr\u00f6der (Fachbereichsleiter Sport)<\/span><\/td>\n<td style=\"vertical-align: top;\"><span style=\"font-size: 8px;\">Die Bundesehrengilde &#8222;Mittelhessen&#8220;<\/span><br \/>\n<span style=\"font-size: 8px;\"> Obmann Herbert Bender (rechts)<\/span><br \/>\n<span style=\"font-size: 8px;\"> BEG Schatzmeister Horst K\u00e4\u00f6hler<\/span><br \/>\n<span style=\"font-size: 8px;\"> Zweiter von rechts, vorn)<\/span><\/td>\n<\/tr>\n<tr>\n<td style=\"vertical-align: top;\"><a href=\"https:\/\/www.rc03-ilbenstadt.de\/wp-content\/uploads\/2017\/11\/B-RC03-171118-067-Saisoanabschlussfeier-Bilder_I-WEB.jpg\" rel=\"lightbox[6293]\"><img loading=\"lazy\" decoding=\"async\" class=\"alignleft size-thumbnail wp-image-6311\" src=\"https:\/\/www.rc03-ilbenstadt.de\/wp-content\/uploads\/2017\/11\/B-RC03-171118-067-Saisoanabschlussfeier-Bilder_I-WEB-150x150.jpg\" alt=\"\" width=\"150\" height=\"150\" \/><\/a><\/td>\n<td style=\"vertical-align: top;\"><a href=\"https:\/\/www.rc03-ilbenstadt.de\/wp-content\/uploads\/2017\/11\/B-RC03-171118-069-Saisoanabschlussfeier-Bilder_I-WEB.jpg\" rel=\"lightbox[6293]\"><img loading=\"lazy\" decoding=\"async\" class=\"alignleft size-thumbnail wp-image-6313\" src=\"https:\/\/www.rc03-ilbenstadt.de\/wp-content\/uploads\/2017\/11\/B-RC03-171118-069-Saisoanabschlussfeier-Bilder_I-WEB-150x150.jpg\" alt=\"\" width=\"150\" height=\"150\" \/><\/a><\/td>\n<td><a href=\"https:\/\/www.rc03-ilbenstadt.de\/wp-content\/uploads\/2017\/11\/B-RC03-171118-002-Saisoanabschlussfeier-WEB.jpg\" rel=\"lightbox[6293]\"><img loading=\"lazy\" decoding=\"async\" class=\"alignleft size-thumbnail wp-image-6297\" src=\"https:\/\/www.rc03-ilbenstadt.de\/wp-content\/uploads\/2017\/11\/B-RC03-171118-002-Saisoanabschlussfeier-WEB-150x150.jpg\" alt=\"\" width=\"150\" height=\"150\" \/><\/a><\/td>\n<\/tr>\n<tr>\n<td><a href=\"https:\/\/www.rc03-ilbenstadt.de\/wp-content\/uploads\/2017\/11\/B-RC03-171118-009-Saisoanabschlussfeier-WEB.jpg\" rel=\"lightbox[6293]\"><img loading=\"lazy\" decoding=\"async\" class=\"alignleft size-thumbnail wp-image-6301\" src=\"https:\/\/www.rc03-ilbenstadt.de\/wp-content\/uploads\/2017\/11\/B-RC03-171118-009-Saisoanabschlussfeier-WEB-150x150.jpg\" alt=\"\" width=\"150\" height=\"150\" \/><\/a><\/td>\n<td><a href=\"https:\/\/www.rc03-ilbenstadt.de\/wp-content\/uploads\/2017\/11\/B-RC03-171118-012-Saisoanabschlussfeier-WEB.jpg\" rel=\"lightbox[6293]\"><img loading=\"lazy\" decoding=\"async\" class=\"alignleft size-thumbnail wp-image-6303\" src=\"https:\/\/www.rc03-ilbenstadt.de\/wp-content\/uploads\/2017\/11\/B-RC03-171118-012-Saisoanabschlussfeier-WEB-150x150.jpg\" alt=\"\" width=\"150\" height=\"150\" \/><\/a><\/td>\n<td><a href=\"https:\/\/www.rc03-ilbenstadt.de\/wp-content\/uploads\/2017\/11\/B-RC03-171118-006-Saisoanabschlussfeier-WEB.jpg\" rel=\"lightbox[6293]\"><img loading=\"lazy\" decoding=\"async\" class=\"alignleft size-thumbnail wp-image-6299\" src=\"https:\/\/www.rc03-ilbenstadt.de\/wp-content\/uploads\/2017\/11\/B-RC03-171118-006-Saisoanabschlussfeier-WEB-150x150.jpg\" alt=\"\" width=\"150\" height=\"150\" \/><\/a><\/td>\n<\/tr>\n<tr>\n<td><a href=\"https:\/\/www.rc03-ilbenstadt.de\/wp-content\/uploads\/2017\/11\/B-RC03-171118-008-Saisoanabschlussfeier-WEB.jpg\" rel=\"lightbox[6293]\"><img loading=\"lazy\" decoding=\"async\" class=\"alignleft size-thumbnail wp-image-6300\" src=\"https:\/\/www.rc03-ilbenstadt.de\/wp-content\/uploads\/2017\/11\/B-RC03-171118-008-Saisoanabschlussfeier-WEB-150x150.jpg\" alt=\"\" width=\"150\" height=\"150\" \/><\/a><\/td>\n<td><a href=\"https:\/\/www.rc03-ilbenstadt.de\/wp-content\/uploads\/2017\/11\/B-RC03-171118-081-Saisoanabschlussfeier-Bilder_I-WEB.jpg\" rel=\"lightbox[6293]\"><img loading=\"lazy\" decoding=\"async\" class=\"alignleft size-thumbnail wp-image-6314\" src=\"https:\/\/www.rc03-ilbenstadt.de\/wp-content\/uploads\/2017\/11\/B-RC03-171118-081-Saisoanabschlussfeier-Bilder_I-WEB-150x150.jpg\" alt=\"\" width=\"150\" height=\"150\" \/><\/a><\/td>\n<td><a href=\"https:\/\/www.rc03-ilbenstadt.de\/wp-content\/uploads\/2017\/11\/B-RC03-171118-044-Saisoanabschlussfeier-WEB.jpg\" rel=\"lightbox[6293]\"><img loading=\"lazy\" decoding=\"async\" class=\"alignleft size-thumbnail wp-image-6306\" src=\"https:\/\/www.rc03-ilbenstadt.de\/wp-content\/uploads\/2017\/11\/B-RC03-171118-044-Saisoanabschlussfeier-WEB-150x150.jpg\" alt=\"\" width=\"150\" height=\"150\" \/><\/a><\/td>\n<\/tr>\n<tr>\n<td><\/td>\n<td><\/td>\n<td><span style=\"font-size: 8px;\">Ende gut, Alles gut<br \/>\nUnser gesch\u00e4ftsf\u00fchrender Vorstand<br \/>\nLutz Delling und Hans Sch\u00f6niger<\/span><\/td>\n<\/tr>\n<\/tbody>\n<\/table>\n","protected":false},"excerpt":{"rendered":"<p>Wieder haben wir mit dem 15. Oktober ein Sportjahr abgeschlossen. So richtig gilt diese Aussage nur f\u00fcr das Radtourenfahren (RTF). Hier sind wir am 12. M\u00e4rz mit der RTF in Schl\u00fcchtern mit der ersten Kurbelumdrehung in die Saison gestartet. Jetzt &hellip; <a href=\"https:\/\/www.rc03-ilbenstadt.de\/?p=6293\">Weiterlesen <span class=\"meta-nav\">&rarr;<\/span><\/a><\/p>\n","protected":false},"author":9,"featured_media":6316,"comment_status":"open","ping_status":"open","sticky":false,"template":"","format":"standard","meta":{"_crdt_document":"","footnotes":""},"categories":[1],"tags":[],"class_list":["post-6293","post","type-post","status-publish","format-standard","has-post-thumbnail","hentry","category-allgemein"],"_links":{"self":[{"href":"https:\/\/www.rc03-ilbenstadt.de\/index.php?rest_route=\/wp\/v2\/posts\/6293","targetHints":{"allow":["GET"]}}],"collection":[{"href":"https:\/\/www.rc03-ilbenstadt.de\/index.php?rest_route=\/wp\/v2\/posts"}],"about":[{"href":"https:\/\/www.rc03-ilbenstadt.de\/index.php?rest_route=\/wp\/v2\/types\/post"}],"author":[{"embeddable":true,"href":"https:\/\/www.rc03-ilbenstadt.de\/index.php?rest_route=\/wp\/v2\/users\/9"}],"replies":[{"embeddable":true,"href":"https:\/\/www.rc03-ilbenstadt.de\/index.php?rest_route=%2Fwp%2Fv2%2Fcomments&post=6293"}],"version-history":[{"count":5,"href":"https:\/\/www.rc03-ilbenstadt.de\/index.php?rest_route=\/wp\/v2\/posts\/6293\/revisions"}],"predecessor-version":[{"id":6341,"href":"https:\/\/www.rc03-ilbenstadt.de\/index.php?rest_route=\/wp\/v2\/posts\/6293\/revisions\/6341"}],"wp:featuredmedia":[{"embeddable":true,"href":"https:\/\/www.rc03-ilbenstadt.de\/index.php?rest_route=\/wp\/v2\/media\/6316"}],"wp:attachment":[{"href":"https:\/\/www.rc03-ilbenstadt.de\/index.php?rest_route=%2Fwp%2Fv2%2Fmedia&parent=6293"}],"wp:term":[{"taxonomy":"category","embeddable":true,"href":"https:\/\/www.rc03-ilbenstadt.de\/index.php?rest_route=%2Fwp%2Fv2%2Fcategories&post=6293"},{"taxonomy":"post_tag","embeddable":true,"href":"https:\/\/www.rc03-ilbenstadt.de\/index.php?rest_route=%2Fwp%2Fv2%2Ftags&post=6293"}],"curies":[{"name":"wp","href":"https:\/\/api.w.org\/{rel}","templated":true}]}}