{"id":6396,"date":"2017-12-30T19:39:41","date_gmt":"2017-12-30T18:39:41","guid":{"rendered":"https:\/\/www.rc03-ilbenstadt.de\/?p=6396"},"modified":"2017-12-31T07:27:10","modified_gmt":"2017-12-31T06:27:10","slug":"zum-jahreswechsel-20917-2018","status":"publish","type":"post","link":"https:\/\/www.rc03-ilbenstadt.de\/?p=6396","title":{"rendered":"Zum Jahreswechsel 2017\/2018"},"content":{"rendered":"<p>danken wir allen Vereinsmitgliedern und Freunden f\u00fcr die Gemeinschaft und die vielf\u00e4ltige Unterst\u00fctzung im vergangenen Jahr. Wir haben einiges zusammen bewegt und wollen dies 2018 rund um den Radsport fortsetzen. Den Schwerpunkt legen wir auf die Vereinsentwicklung, wobei wir das Vereinsleben abseits des Radsportes ebenfalls im Blick behalten wollen. Es liegt an uns, aufzustehen, neu zu denken, neu anzufangen, neu zu leben. In diesem Sinne w\u00fcnschen wir Euch einen schwungvollen Jahreswechsel. Bleibt aktiv und gesund, unterst\u00fctzt diejenigen, die unserer Hilfe bed\u00fcrfen, den Blick nach vorn zu richten.<\/p>\n<p>Der Vorstand<\/p>\n<p><span style=\"font-size: 10px;\">Beitragsbild: \u00a9 floydine &#8211; www.fotolia.com<\/span><\/p>\n","protected":false},"excerpt":{"rendered":"<p>danken wir allen Vereinsmitgliedern und Freunden f\u00fcr die Gemeinschaft und die vielf\u00e4ltige Unterst\u00fctzung im vergangenen Jahr. Wir haben einiges zusammen bewegt und wollen dies 2018 rund um den Radsport fortsetzen. Den Schwerpunkt legen wir auf die Vereinsentwicklung, wobei wir das &hellip; <a href=\"https:\/\/www.rc03-ilbenstadt.de\/?p=6396\">Weiterlesen <span class=\"meta-nav\">&rarr;<\/span><\/a><\/p>\n","protected":false},"author":9,"featured_media":6395,"comment_status":"open","ping_status":"open","sticky":false,"template":"","format":"standard","meta":{"_crdt_document":"","footnotes":""},"categories":[1],"tags":[],"class_list":["post-6396","post","type-post","status-publish","format-standard","has-post-thumbnail","hentry","category-allgemein"],"_links":{"self":[{"href":"https:\/\/www.rc03-ilbenstadt.de\/index.php?rest_route=\/wp\/v2\/posts\/6396","targetHints":{"allow":["GET"]}}],"collection":[{"href":"https:\/\/www.rc03-ilbenstadt.de\/index.php?rest_route=\/wp\/v2\/posts"}],"about":[{"href":"https:\/\/www.rc03-ilbenstadt.de\/index.php?rest_route=\/wp\/v2\/types\/post"}],"author":[{"embeddable":true,"href":"https:\/\/www.rc03-ilbenstadt.de\/index.php?rest_route=\/wp\/v2\/users\/9"}],"replies":[{"embeddable":true,"href":"https:\/\/www.rc03-ilbenstadt.de\/index.php?rest_route=%2Fwp%2Fv2%2Fcomments&post=6396"}],"version-history":[{"count":5,"href":"https:\/\/www.rc03-ilbenstadt.de\/index.php?rest_route=\/wp\/v2\/posts\/6396\/revisions"}],"predecessor-version":[{"id":6404,"href":"https:\/\/www.rc03-ilbenstadt.de\/index.php?rest_route=\/wp\/v2\/posts\/6396\/revisions\/6404"}],"wp:featuredmedia":[{"embeddable":true,"href":"https:\/\/www.rc03-ilbenstadt.de\/index.php?rest_route=\/wp\/v2\/media\/6395"}],"wp:attachment":[{"href":"https:\/\/www.rc03-ilbenstadt.de\/index.php?rest_route=%2Fwp%2Fv2%2Fmedia&parent=6396"}],"wp:term":[{"taxonomy":"category","embeddable":true,"href":"https:\/\/www.rc03-ilbenstadt.de\/index.php?rest_route=%2Fwp%2Fv2%2Fcategories&post=6396"},{"taxonomy":"post_tag","embeddable":true,"href":"https:\/\/www.rc03-ilbenstadt.de\/index.php?rest_route=%2Fwp%2Fv2%2Ftags&post=6396"}],"curies":[{"name":"wp","href":"https:\/\/api.w.org\/{rel}","templated":true}]}}