{"id":6504,"date":"2018-02-11T11:01:48","date_gmt":"2018-02-11T10:01:48","guid":{"rendered":"https:\/\/www.rc03-ilbenstadt.de\/?p=6504"},"modified":"2018-04-04T08:41:15","modified_gmt":"2018-04-04T06:41:15","slug":"41-jahre-radtourenfahren-rtf-in-ilbenstadtauf-zur-fruehjahrs-rtf-oder-ctfsonntag-dem-25-maerz-2018","status":"publish","type":"post","link":"https:\/\/www.rc03-ilbenstadt.de\/?p=6504","title":{"rendered":"41 Jahre Radtourenfahren (RTF) in Ilbenstadt<br>Auf zur Fr\u00fchjahrs-RTF oder der Fr\u00fchjahrs-CTF<br>Sonntag, dem 25. M\u00e4rz 2018"},"content":{"rendered":"<p>Seit 41 Jahren ist der RC 03 Ilbenstadt in der Radtourenszene aktiv. J\u00e4hrlich wurden und werden RTF im Fr\u00fchjahr und im Herbst veranstaltet. Eine wachsende Beliebtheit erfahren unsere RTF auch aus den Reihen der Triathleten, die gerne ihren Trainingsplan f\u00fcr den n\u00e4chsten Triathlon damit bereichern.<br \/>\nIn diesem Jahr bieten wir zum zweiten Mal im Fr\u00fchjahr wieder eine Countrytourenfahrt (CTF) an. <!--more--><\/p>\n<table>\n<tbody>\n<tr>\n<td style=\"text-align: center; vertical-align: middle;\" scope=\"col\"><a href=\"https:\/\/www.rc03-ilbenstadt.de\/wp-content\/uploads\/2017\/01\/Button-Jetzt_Anmelden-Fotolia_91018992_S_KC.jpg\" target=\"_blank\"  rel=\"lightbox[6504] noopener\"><img loading=\"lazy\" decoding=\"async\" class=\"wp-image-5187 size-medium alignnone\" src=\"https:\/\/www.rc03-ilbenstadt.de\/wp-content\/uploads\/2017\/01\/Button-Jetzt_Anmelden-Fotolia_91018992_S_KC-300x288.jpg\" alt=\"\" width=\"300\" height=\"288\" srcset=\"https:\/\/www.rc03-ilbenstadt.de\/wp-content\/uploads\/2017\/01\/Button-Jetzt_Anmelden-Fotolia_91018992_S_KC-300x288.jpg 300w, https:\/\/www.rc03-ilbenstadt.de\/wp-content\/uploads\/2017\/01\/Button-Jetzt_Anmelden-Fotolia_91018992_S_KC.jpg 707w\" sizes=\"auto, (max-width: 300px) 100vw, 300px\" \/><\/a><\/td>\n<td style=\"text-align: left; vertical-align: middle;\" scope=\"col\">\n<ul>\n<li><a href=\"https:\/\/www.rc03-ilbenstadt.de\/?page_id=6407\" target=\"_blank\" rel=\"noopener\">41. RTF &#8222;Rund um Ilbenstadt&#8220;<\/a><br \/>\nam 25. M\u00e4rz 2018<\/li>\n<li><a href=\"https:\/\/www.rc03-ilbenstadt.de\/?page_id=6481\" target=\"_blank\" rel=\"noopener\">2. CTF &#8222;Wetterauer \u00c4cker- und W\u00e4ldertour&#8220;<\/a><br \/>\nam 25. M\u00e4rz 2018<\/li>\n<\/ul>\n<\/td>\n<\/tr>\n<tr>\n<td style=\"text-align: center; vertical-align: middle;\" scope=\"col\">Onlinevormeldung ab 21.03.2018, 12:00 Uhr geschlossen.<br \/>\nVereinsvormeldungen sind noch per E-Mail m\u00f6glich.<br \/>\nNachmeldungen am Start sind willkommen!<\/td>\n<td style=\"text-align: left; vertical-align: middle;\" scope=\"col\"><\/td>\n<\/tr>\n<\/tbody>\n<\/table>\n<p>Zur Ausschreibung geht es mit einem Klick auf die Touren. Die Sommer-RTF im Rahmen des Bundes-Radsport-Treffens und Herbst-RTF sind noch in Arbeit und werden in den n\u00e4chsten Tagen ausgeschrieben.<\/p>\n<p>Wir freuen uns auf Euch!<\/p>\n","protected":false},"excerpt":{"rendered":"<p>Seit 41 Jahren ist der RC 03 Ilbenstadt in der Radtourenszene aktiv. J\u00e4hrlich wurden und werden RTF im Fr\u00fchjahr und im Herbst veranstaltet. Eine wachsende Beliebtheit erfahren unsere RTF auch aus den Reihen der Triathleten, die gerne ihren Trainingsplan f\u00fcr &hellip; <a href=\"https:\/\/www.rc03-ilbenstadt.de\/?p=6504\">Weiterlesen <span class=\"meta-nav\">&rarr;<\/span><\/a><\/p>\n","protected":false},"author":9,"featured_media":6871,"comment_status":"open","ping_status":"open","sticky":false,"template":"","format":"standard","meta":{"_crdt_document":"","footnotes":""},"categories":[1],"tags":[],"class_list":["post-6504","post","type-post","status-publish","format-standard","has-post-thumbnail","hentry","category-allgemein"],"_links":{"self":[{"href":"https:\/\/www.rc03-ilbenstadt.de\/index.php?rest_route=\/wp\/v2\/posts\/6504","targetHints":{"allow":["GET"]}}],"collection":[{"href":"https:\/\/www.rc03-ilbenstadt.de\/index.php?rest_route=\/wp\/v2\/posts"}],"about":[{"href":"https:\/\/www.rc03-ilbenstadt.de\/index.php?rest_route=\/wp\/v2\/types\/post"}],"author":[{"embeddable":true,"href":"https:\/\/www.rc03-ilbenstadt.de\/index.php?rest_route=\/wp\/v2\/users\/9"}],"replies":[{"embeddable":true,"href":"https:\/\/www.rc03-ilbenstadt.de\/index.php?rest_route=%2Fwp%2Fv2%2Fcomments&post=6504"}],"version-history":[{"count":5,"href":"https:\/\/www.rc03-ilbenstadt.de\/index.php?rest_route=\/wp\/v2\/posts\/6504\/revisions"}],"predecessor-version":[{"id":6874,"href":"https:\/\/www.rc03-ilbenstadt.de\/index.php?rest_route=\/wp\/v2\/posts\/6504\/revisions\/6874"}],"wp:featuredmedia":[{"embeddable":true,"href":"https:\/\/www.rc03-ilbenstadt.de\/index.php?rest_route=\/wp\/v2\/media\/6871"}],"wp:attachment":[{"href":"https:\/\/www.rc03-ilbenstadt.de\/index.php?rest_route=%2Fwp%2Fv2%2Fmedia&parent=6504"}],"wp:term":[{"taxonomy":"category","embeddable":true,"href":"https:\/\/www.rc03-ilbenstadt.de\/index.php?rest_route=%2Fwp%2Fv2%2Fcategories&post=6504"},{"taxonomy":"post_tag","embeddable":true,"href":"https:\/\/www.rc03-ilbenstadt.de\/index.php?rest_route=%2Fwp%2Fv2%2Ftags&post=6504"}],"curies":[{"name":"wp","href":"https:\/\/api.w.org\/{rel}","templated":true}]}}