{"id":6864,"date":"2018-04-03T17:05:01","date_gmt":"2018-04-03T15:05:01","guid":{"rendered":"https:\/\/www.rc03-ilbenstadt.de\/?p=6864"},"modified":"2018-04-05T06:44:10","modified_gmt":"2018-04-05T04:44:10","slug":"bericht-zu-unseren-fruehjahrsradtouren-am-sonntag-dem-25-maerz-201841-rtf-rund-um-ilbenstadt2-ctf-wetterauer-aecker-und-waeldertour","status":"publish","type":"post","link":"https:\/\/www.rc03-ilbenstadt.de\/?p=6864","title":{"rendered":"Bericht zu unseren Fr\u00fchjahrsradtouren <br>am Sonntag, dem 25. M\u00e4rz 2018<br>41. RTF &#8222;Rund um Ilbenstadt&#8220;<br>2. CTF &#8222;Wetterauer \u00c4cker- und W\u00e4ldertour&#8220;"},"content":{"rendered":"<p>Wir sind \u00fcberw\u00e4ltigt, das Wetter hat mitgespielt. Noch zu Wochenbeginn wurden wir aus allen Ecken vor schlechtem Wetter gewarnt. Es wurden uns die Absage der Touren, ein stark reduzierter Einkauf, den Verzicht auf das Zelt hinter der Halle und vieles mehr empfohlen. Unverdrossen verfolgten wir <!--more-->unsere Planungen weiter und hingen optimistisch an den relativ postiven Wettervorhersagen, trotz Schneefalls, Frost, Regen und Wind in der Woche davor. Selbst am Samstag fiel noch Regen.<\/p>\n<p>Und dann zeigte sich der Sonntag mit blauem, wolkenlosen Himmel. Wenn auch die Temperaturen noch im sehr niedrigen einstelligen Bereich lagen, zog es schon sehr fr\u00fch die ersten gut eingepackten Radlerinnen und Radler zum Start nach Ilbenstadt. Die Freude \u00fcber diesen tollen Tag war auf allen Seiten zu sp\u00fcren. Endlich konnte man sich bei herrlichem Sonnenschein in den Sattel schwingen und zog seine Bahnen durch die Wetterau, belohnt auch von den ersten Pflanzen, die ihr Gr\u00fcn, den harten Bedingungen der letzten Wochen zum Trotz, pr\u00e4sentierten. Wir werden in diesem Jahr noch viele Radtouren in der Wetterau erleben und das immer wieder faszinierende Wechselspiel von Wild- und Kulturpflanzen im Laufe der Jahreszeiten in uns aufnehmen k\u00f6nnen. Auf den verkehrsarmen RTF-Strecken \u00fcber 44, 74 und 114 Kilometern folgten wir zun\u00e4chst dem Wettertal bis hin nach Griedel, um \u00fcber Gambach, M\u00fcnzenberg und Lich bis fast nach Gr\u00fcnberg zu pedalieren. Hier gab es wegen Sta\u00dfenbauarbeiten im Bereich Lauter eine Strecken\u00e4nderung, die m\u00f6glicherweise fest ins Programm \u00fcbernommen wird. Hier erreichten wir \u00fcber Ettingshausen, M\u00fcnster und Wetterfeld den Kontroll- und Verpflegungspunkt in Laubach. Die n\u00e4chste Kontroll- und Verpflegungsstelle hatten wir in Melbach. Die dortige Besatzung hatte alle H\u00e4nde voll zu tun, liefen doch alle drei RTF-Strecken und zus\u00e4tzlich noch zweimal die CTF hier durch. Alle konnten verpflegt werden, Bananen, Riegel, Kuchen und Getr\u00e4nke waren ausreichend vorhanden. Eine Kuriosit\u00e4t am Rande: Unsere gemietete Toilettenanlage, ein Pkw-Anh\u00e4nger mit zwei Mobiltoiletten eines Anbieters aus Grebenhain, war laut unserem Kontrollstelleleiter das meistfotografierte Objekt am Ort &#8230; Die Toiletten am Kontrollort in M\u00fcnzenburg, erfuhren diese Aufmerksamkeit nicht.<\/p>\n<table>\n<tbody>\n<tr>\n<td><a href=\"https:\/\/www.rc03-ilbenstadt.de\/wp-content\/uploads\/2018\/04\/B-RC03-RTF-180325-033-RC03-ILbenstadt-Lutz-WEB.jpg\" rel=\"lightbox[6864]\"><img loading=\"lazy\" decoding=\"async\" class=\"size-thumbnail wp-image-6884 aligncenter\" src=\"https:\/\/www.rc03-ilbenstadt.de\/wp-content\/uploads\/2018\/04\/B-RC03-RTF-180325-033-RC03-ILbenstadt-Lutz-WEB-150x150.jpg\" alt=\"\" width=\"150\" height=\"150\" \/><\/a><\/td>\n<td><a href=\"https:\/\/www.rc03-ilbenstadt.de\/wp-content\/uploads\/2018\/04\/B-RC03-RTF-180325-030-RC03-ILbenstadt-Lutz-WEB.jpg\" rel=\"lightbox[6864]\"><img loading=\"lazy\" decoding=\"async\" class=\"size-thumbnail wp-image-6882 aligncenter\" src=\"https:\/\/www.rc03-ilbenstadt.de\/wp-content\/uploads\/2018\/04\/B-RC03-RTF-180325-030-RC03-ILbenstadt-Lutz-WEB-150x150.jpg\" alt=\"\" width=\"150\" height=\"150\" \/><\/a><\/td>\n<td><a href=\"https:\/\/www.rc03-ilbenstadt.de\/wp-content\/uploads\/2018\/04\/B-RC03-RTF-180325-016-RC03-ILbenstadt-Lutz-WEB.jpg\" rel=\"lightbox[6864]\"><img loading=\"lazy\" decoding=\"async\" class=\"size-thumbnail wp-image-6878 aligncenter\" src=\"https:\/\/www.rc03-ilbenstadt.de\/wp-content\/uploads\/2018\/04\/B-RC03-RTF-180325-016-RC03-ILbenstadt-Lutz-WEB-150x150.jpg\" alt=\"\" width=\"150\" height=\"150\" \/><\/a><\/td>\n<\/tr>\n<\/tbody>\n<\/table>\n<p>Die CTF folgte weitgehend auf den bew\u00e4hrten Routen \u00fcber 37 und 61 km des Vorjahres. An eine CTF-Streckenf\u00fchrung werden die unterschiedlichsten Erwartungen gekn\u00fcpft. Der Hardcore-Mountainbikespezialist wird hier nicht auf seine Kosten kommen, es sei denn, auch er wollte eine entspannte Fr\u00fchjahrstour genie\u00dfen. Wir m\u00fcssen mit dem Gel\u00e4nde leben, das wir im weiteren und n\u00e4heren Umfeld unseres Vereinssitzes vorfinden. Doch auch hier h\u00e4lt die wellige Wetterau die ein oder andere \u00dcberraschung bereit, die an Ausdauer und das fahrerische K\u00f6nnen mehr Anforderungen stellt, als dies von einzelnen Fahrerinnen und Fahrern auf ihren Mountainbikes, Querfeldein- oder Trekkingr\u00e4dern erwartet wurde. Neben vielen befestigten Strecken waren auch naturbelassene Wege im Programm, die an manchen Stellen ein weiches Wasser-\/Erdegemisch aufwiesen, das Fahrtechnik und die Technik des Fahrrades forderten. Auch waren Fahrerinnen, Fahrer und Sportger\u00e4t nicht mehr sauber zu nennen. Sicher h\u00e4tten wir beim Ausschildern die Strecke schon entsch\u00e4rfen k\u00f6nnen, doch wollten dies alle Teilnehmer? Einer wollte dies ganz sicher nicht. Unsere Genehmigungsbeh\u00f6rde in Sachen Naturschutz hat uns explizit darauf hingewiesen, dass die kleinste Plan\u00e4nderung eine neue Genehmigungserfordernis nach sich ziehen wird.<br \/>\nDie fehlende Fahrradreinigungsanlage am Ziel war dem Frostschutz geschuldet. In den Hallen war kurzfristig kein Au\u00dfenwasserhahn in Betrieb zu setzen, obwohl dies als Wunsch an die Stadt herangetragen worden war. Entgegen fr\u00fcheren Zeiten, wo Duschk\u00f6pfe auch mal Schlauchanschl\u00fcssen gewichen sind, ist in vandalensicher gemachten Hallen dem ein Riegel vorgeschoben.<br \/>\nWir hoffen dennoch, dass die abwechslungsreiche, sonnendurchflutete Wetterau f\u00fcr kleinere \u00c4rgernisse entsch\u00e4digt hat. F\u00fcr 2019 werden wir einige Strecken\u00e4nderungen schon vornehmen.<\/p>\n<table>\n<tbody>\n<tr>\n<td><a href=\"https:\/\/www.rc03-ilbenstadt.de\/wp-content\/uploads\/2018\/04\/B-RC03-RTF-180325-014-RC03-ILbenstadt-Lutz-WEB.jpg\" rel=\"lightbox[6864]\"><img loading=\"lazy\" decoding=\"async\" class=\"size-thumbnail wp-image-6877 aligncenter\" src=\"https:\/\/www.rc03-ilbenstadt.de\/wp-content\/uploads\/2018\/04\/B-RC03-RTF-180325-014-RC03-ILbenstadt-Lutz-WEB-150x150.jpg\" alt=\"\" width=\"150\" height=\"150\" \/><\/a><\/td>\n<td><a href=\"https:\/\/www.rc03-ilbenstadt.de\/wp-content\/uploads\/2018\/04\/B-RC03-RTF-180325-017-RC03-ILbenstadt-Lutz-WEB.jpg\" rel=\"lightbox[6864]\"><img loading=\"lazy\" decoding=\"async\" class=\"size-thumbnail wp-image-6879 aligncenter\" src=\"https:\/\/www.rc03-ilbenstadt.de\/wp-content\/uploads\/2018\/04\/B-RC03-RTF-180325-017-RC03-ILbenstadt-Lutz-WEB-150x150.jpg\" alt=\"\" width=\"150\" height=\"150\" \/><\/a><\/td>\n<td><a href=\"https:\/\/www.rc03-ilbenstadt.de\/wp-content\/uploads\/2018\/04\/B-RC03-RTF-180325-031-RC03-ILbenstadt-Lutz-WEB.jpg\" rel=\"lightbox[6864]\"><img loading=\"lazy\" decoding=\"async\" class=\"size-thumbnail wp-image-6883 aligncenter\" src=\"https:\/\/www.rc03-ilbenstadt.de\/wp-content\/uploads\/2018\/04\/B-RC03-RTF-180325-031-RC03-ILbenstadt-Lutz-WEB-150x150.jpg\" alt=\"\" width=\"150\" height=\"150\" \/><\/a><\/td>\n<\/tr>\n<\/tbody>\n<\/table>\n<p>615 unerschrockene Pedaleurinnen und Pedaleure hatten den Weg zu uns gefunden. Dabei gingen 65 an den CTF-Start, wogegen die Mehrzahl eine der RTF-Strecken unter die R\u00e4der nahm.<br \/>\nUnsere Helferinnen und Helfer, die zum Teil schon Tage vorher mit Vorbereitungen befasst waren, hatten einen langen Tag. Ihnen geb\u00fchrt der Dank zur Organisation und Durchf\u00fchrung unserer Radtouren. Ohne das ehrenamtliche Engagement w\u00e4re dieses Sportangebot nicht m\u00f6glich. Deshalb auch hier unser Apell an alle: Kommt in die Vereine! Erfahrt hier Gemeinschaft, begebt Euch in die gro\u00dfe Familie der radfahrenden Breitensportler und gebt ein- oder zweimal im Jahr durch Euren Helferinnen- und Helfereinsatz\u00a0 etwas an diese Breitensportfamilie zur\u00fcck. La\u00dft unseren Sport leben!<\/p>\n<table>\n<tbody>\n<tr>\n<td><a href=\"https:\/\/www.rc03-ilbenstadt.de\/wp-content\/uploads\/2018\/04\/B-RC03-RTF-180325-064-RC03-ILbenstadt-Giovanni-WEB.jpg\" rel=\"lightbox[6864]\"><img loading=\"lazy\" decoding=\"async\" class=\"size-thumbnail wp-image-6888 aligncenter\" src=\"https:\/\/www.rc03-ilbenstadt.de\/wp-content\/uploads\/2018\/04\/B-RC03-RTF-180325-064-RC03-ILbenstadt-Giovanni-WEB-150x150.jpg\" alt=\"\" width=\"150\" height=\"150\" \/><\/a><\/td>\n<td><a href=\"https:\/\/www.rc03-ilbenstadt.de\/wp-content\/uploads\/2018\/04\/B-RC03-RTF-180325-035-RC03-ILbenstadt-Lutz-WEB.jpg\" rel=\"lightbox[6864]\"><img loading=\"lazy\" decoding=\"async\" class=\"size-thumbnail wp-image-6885 aligncenter\" src=\"https:\/\/www.rc03-ilbenstadt.de\/wp-content\/uploads\/2018\/04\/B-RC03-RTF-180325-035-RC03-ILbenstadt-Lutz-WEB-150x150.jpg\" alt=\"\" width=\"150\" height=\"150\" \/><\/a><\/td>\n<td><a href=\"https:\/\/www.rc03-ilbenstadt.de\/wp-content\/uploads\/2018\/04\/B-RC03-RTF-180325-007-RC03-ILbenstadt-Lutz-WEB.jpg\" rel=\"lightbox[6864]\"><img loading=\"lazy\" decoding=\"async\" class=\"size-thumbnail wp-image-6892 aligncenter\" src=\"https:\/\/www.rc03-ilbenstadt.de\/wp-content\/uploads\/2018\/04\/B-RC03-RTF-180325-007-RC03-ILbenstadt-Lutz-WEB-150x150.jpg\" alt=\"\" width=\"150\" height=\"150\" \/><\/a><\/td>\n<\/tr>\n<\/tbody>\n<\/table>\n<p>Jetzt bleibt der Bericht zur Siegerehrung, die traditionell durch ein Gru\u00dfwort des B\u00fcrgermeisters der Stadt Niddatal, Herrn Dr. Bernhardt Hertel, eingeleitet wurde.<br \/>\nMit einer 21-k\u00f6pfigen Gruppe hat das Bike Rite Team aus Bad Vilbel den ersten Platz bei den Privatmannschaften RTF belegt. Unsere Gl\u00fcckw\u00fcnsche daf\u00fcr und Anerkennung an Jens Bitterlich, der das Team zu dieser Veranstaltung gef\u00fchrt hat.<\/p>\n<p>Im Wettbewerb der BDR-Vereine hatte in der RTF-Wertung in diesem Jahr der RV Wanderlust Gambach die Nase vorn, der 15 Teilnehmer gemeldet hatte und mit 13 tats\u00e4chlich gestartet war. Es folgten die TGS-Hausen (8 Starter) auf dem zweiten Platz und der RSC Bimbach\u00a0(7 Starter) auf dem dritten Platz.<br \/>\nIn der CTF-Wertung war auch in diesem Jahr das Radteam Edelwei\u00df Nieder-W\u00f6llstadt mit 11 Starterinnen und Startern nicht zu schlagen. Den zweiten Platz erk\u00e4mpfte sich der RV Germania Hungen (7 Starter) und auf dem dritten Platz fand sich der RV Ober-M\u00f6rlen (4 Starter) wieder.<br \/>\nWir gratulieren den Platzierten herzlich und hoffen, dass wir uns bei den n\u00e4chsten Veranstaltungen gesund wiedersehen.<\/p>\n<table>\n<tbody>\n<tr>\n<td><a href=\"https:\/\/www.rc03-ilbenstadt.de\/wp-content\/uploads\/2018\/04\/B-RC03-RTF-180325-058-RC03-ILbenstadt-Giovanni-WEB.jpg\" rel=\"lightbox[6864]\"><img loading=\"lazy\" decoding=\"async\" class=\"size-thumbnail wp-image-6887 aligncenter\" src=\"https:\/\/www.rc03-ilbenstadt.de\/wp-content\/uploads\/2018\/04\/B-RC03-RTF-180325-058-RC03-ILbenstadt-Giovanni-WEB-150x150.jpg\" alt=\"\" width=\"150\" height=\"150\" \/><\/a><\/td>\n<td><a href=\"https:\/\/www.rc03-ilbenstadt.de\/wp-content\/uploads\/2018\/04\/B-RC03-RTF-180325-039-RC03-ILbenstadt-Lutz-WEB.jpg\" rel=\"lightbox[6864]\"><img loading=\"lazy\" decoding=\"async\" class=\"aligncenter wp-image-6886 size-thumbnail\" src=\"https:\/\/www.rc03-ilbenstadt.de\/wp-content\/uploads\/2018\/04\/B-RC03-RTF-180325-039-RC03-ILbenstadt-Lutz-WEB-150x150.jpg\" alt=\"\" width=\"150\" height=\"150\" \/><\/a><\/td>\n<td><a href=\"https:\/\/www.rc03-ilbenstadt.de\/wp-content\/uploads\/2018\/04\/B-RC03-RTF-180325-081-RC03-ILbenstadt-Giovanni-WEB.jpg\" rel=\"lightbox[6864]\"><img loading=\"lazy\" decoding=\"async\" class=\"aligncenter wp-image-6889 size-thumbnail\" src=\"https:\/\/www.rc03-ilbenstadt.de\/wp-content\/uploads\/2018\/04\/B-RC03-RTF-180325-081-RC03-ILbenstadt-Giovanni-WEB-150x150.jpg\" alt=\"\" width=\"150\" height=\"150\" \/><\/a><\/td>\n<\/tr>\n<\/tbody>\n<\/table>\n<p>Bei dem Wetter hielt es nur wenige in der Halle. Im und vor dem Zelt fanden sich viele ein und verbrachten bei Grillgut, Erbsensuppe, k\u00fchlen Getr\u00e4nken oder einer Kaffeerunde noch Zeit miteinander. Der Gespr\u00e4chsbedarf am Saisonbeginn ist gro\u00df. Die Winterzeit wurde nachbereitet, Technik und Leistung thematisiert, Radtouren und Urlaubsvorhaben besprochen, sowie Verabredungen getroffen. Man konnte aber auch nur so in der Sonne sitzen und die Zeit genie\u00dfen.<\/p>\n<p>Sehen wir uns bei den n\u00e4chsten RTF des RC 03 &#8211; am 25. Juli beim Bundes-Radsport-Treffen oder am 9. September wieder in Ilbenstadt?! Wir freuen uns auf Euch.<\/p>\n<p><strong>\u00a0<\/strong><\/p>\n","protected":false},"excerpt":{"rendered":"<p>Wir sind \u00fcberw\u00e4ltigt, das Wetter hat mitgespielt. Noch zu Wochenbeginn wurden wir aus allen Ecken vor schlechtem Wetter gewarnt. Es wurden uns die Absage der Touren, ein stark reduzierter Einkauf, den Verzicht auf das Zelt hinter der Halle und vieles &hellip; <a href=\"https:\/\/www.rc03-ilbenstadt.de\/?p=6864\">Weiterlesen <span class=\"meta-nav\">&rarr;<\/span><\/a><\/p>\n","protected":false},"author":9,"featured_media":6889,"comment_status":"open","ping_status":"open","sticky":false,"template":"","format":"standard","meta":{"_crdt_document":"","footnotes":""},"categories":[1],"tags":[],"class_list":["post-6864","post","type-post","status-publish","format-standard","has-post-thumbnail","hentry","category-allgemein"],"_links":{"self":[{"href":"https:\/\/www.rc03-ilbenstadt.de\/index.php?rest_route=\/wp\/v2\/posts\/6864","targetHints":{"allow":["GET"]}}],"collection":[{"href":"https:\/\/www.rc03-ilbenstadt.de\/index.php?rest_route=\/wp\/v2\/posts"}],"about":[{"href":"https:\/\/www.rc03-ilbenstadt.de\/index.php?rest_route=\/wp\/v2\/types\/post"}],"author":[{"embeddable":true,"href":"https:\/\/www.rc03-ilbenstadt.de\/index.php?rest_route=\/wp\/v2\/users\/9"}],"replies":[{"embeddable":true,"href":"https:\/\/www.rc03-ilbenstadt.de\/index.php?rest_route=%2Fwp%2Fv2%2Fcomments&post=6864"}],"version-history":[{"count":5,"href":"https:\/\/www.rc03-ilbenstadt.de\/index.php?rest_route=\/wp\/v2\/posts\/6864\/revisions"}],"predecessor-version":[{"id":6911,"href":"https:\/\/www.rc03-ilbenstadt.de\/index.php?rest_route=\/wp\/v2\/posts\/6864\/revisions\/6911"}],"wp:featuredmedia":[{"embeddable":true,"href":"https:\/\/www.rc03-ilbenstadt.de\/index.php?rest_route=\/wp\/v2\/media\/6889"}],"wp:attachment":[{"href":"https:\/\/www.rc03-ilbenstadt.de\/index.php?rest_route=%2Fwp%2Fv2%2Fmedia&parent=6864"}],"wp:term":[{"taxonomy":"category","embeddable":true,"href":"https:\/\/www.rc03-ilbenstadt.de\/index.php?rest_route=%2Fwp%2Fv2%2Fcategories&post=6864"},{"taxonomy":"post_tag","embeddable":true,"href":"https:\/\/www.rc03-ilbenstadt.de\/index.php?rest_route=%2Fwp%2Fv2%2Ftags&post=6864"}],"curies":[{"name":"wp","href":"https:\/\/api.w.org\/{rel}","templated":true}]}}