{"id":6951,"date":"2018-04-16T21:18:28","date_gmt":"2018-04-16T19:18:28","guid":{"rendered":"https:\/\/www.rc03-ilbenstadt.de\/?p=6951"},"modified":"2018-04-21T12:38:14","modified_gmt":"2018-04-21T10:38:14","slug":"ilbenstaedter-radtourenkultour-industriekultur-und-kurbetrieb-in-bad-nauheimein-angebot-der-kolpingjugend-und-des-rc-03-ilbenstadtzum-28-april-2018","status":"publish","type":"post","link":"https:\/\/www.rc03-ilbenstadt.de\/?p=6951","title":{"rendered":"Ilbenst\u00e4dter Radtouren<br>KulTour &#8222;Industriekultur und Kurbetrieb <br>in Bad Nauheim&#8220;<br>Ein Angebot der Kolpingjugend und des RC 03<br>zum 28. April 2018"},"content":{"rendered":"<p>Erneut k\u00f6nnen wir mit unserem engagierten Partner, der <a href=\"https:\/\/dcms.bistummainz.de\/bm\/dcms\/sites\/pfarreien\/dekanat-wetterau-west\/ilbenstadt\/pfarrei\/Jugend\/index.html\" target=\"_blank\" rel=\"noopener\">Kolpingjugend in Ilbenstadt<\/a> eine interessante Radtour anbieten.\u00a0Unser Ziel, mit\u00a0 gesundheits- und kulturorientiertem Radfahren in der Gruppe die Freude am Radsport auf einem leistungsangepassten, geselligen Niveau weiterzugeben, wird\u00a0<!--more--> auch mit dieser Tour ideal getroffen. Eine katholische Jugendgruppe, den Zielen Adolph Kolpings verpflichtet, und ein Radsportverein passen zwar auf den ersten Blick nicht zusammen. Doch die Freude an der Bewegung, sportlich aktiv Gemeinschaft zu erfahren und dies mit landschaftlich und kulturell reizvollen Zielen zu verbinden, eint. So wollen wir gemeinsam zu unserem neuen Ziel &#8211; Bad Nauheim &#8211; aufbrechen und laden herzlich dazu ein.<span id=\"more-5715\"><\/span><\/p>\n<p><strong>Wir treffen uns am Samstag, dem 28. April 2018 um 11:30 Uhr am Wetterauer Dom, der weithin sichtbaren Ilbenst\u00e4dter Basilika.<br \/>\n<\/strong>Das Wetter, auch wenn es April ist, wird uns nicht aus der Bahn werfen. Wir glauben fest an gutes Radfahrwetter, einen ereignisreichen Tag mit vielen neuen Erfahrungen.<\/p>\n<p><strong>Tourverlauf:<br \/>\n<\/strong>Zum Streckenverlauf lassen wir die unten stehende Karte, die wir auf dem <a href=\"https:\/\/www.gpsies.com\/map.do?fileId=qqixqrymukljlfiy\" target=\"_blank\" rel=\"noopener\">Routenportal GPSies<\/a> hinterlegt haben, sprechen. Die Pr\u00e4misse war, die Strecke verkehrsarm zu f\u00fchren und relativ kurz zu halten. Friedberg war m\u00f6glichst zu umgehen; Umgehungsstra\u00dfen und Bahnlinie gaben Querungsm\u00f6glichkeiten vor.<\/p>\n<p>Unser Ziel ist Bad Nauheim, die Gesundheitsstadt mit bewegter, wechselvoller und vor allem hochinteressanter Geschichte. Dieser n\u00e4hern wir uns per Rad und werden einen kleinen Einblick erhalten, der sicherlich Interesse wecken kann, das \u00fcber den Tag hinaus geht. Bad Nauheim, die <a href=\"https:\/\/www.bad-nauheim.de\/fileadmin\/user_upload\/Route_der_Industriekultur_Bad_Nauheim.pdf\" target=\"_blank\" rel=\"noopener\">Industriestadt<\/a>? Ja, etwa f\u00fcnf Jahrhunderte vor Christus haben Kelten fast im industriellen Ma\u00dfstab Salz durch Sieden gewonnen. Das wei\u00dfe Gold, die Lebensader des Ortes durch die Jahrtausende. Heute sehen wir nur noch die Salzgewinnungsanlagen des 18. und 19. Jahrhunderts, denen das <a href=\"https:\/\/de.wikipedia.org\/wiki\/Zechsteinmeer\" target=\"_blank\" rel=\"noopener\">Zechsteinmeer<\/a> mit seinen zur\u00fcckgelassenen Steinsalzlagern den wirtschaftlichen Genickschlag versetzten. Mit der Entdeckung der heilsamen Wirkung der Sole fing man diese Entwicklung mit einem prosperierenden Kurbetrieb mit internationaler Bedeutung auf. Kurz nach der Wende zum 20. Jahrhundert entstand das pr\u00e4chtige Jugendstilensemble Sprudelhof mit Badeh\u00e4usern, die Trinkkuranlage und vieles mehr. Gehen wir auf Entdeckungsreise!<\/p>\n<p>Sei Teil der Kolping-\/RC 03 \u2013 Radtour!<br \/>\nZur besseren Planung erbitten wir eine kurze Information \u00fcber Deine Teilnahmeabsicht. Diese kannst Du gerne per <a href=\"mailto:radwandern@rc03-ilbenstadt.de\" target=\"_blank\" rel=\"noopener noreferrer\">E-Mail<\/a> abgeben.<br \/>\nCaroline Denkler, Telefon 0178 409 23 75 und Lutz Delling, Telefon 06034 86 47 stehen f\u00fcr R\u00fcckfragen und weitere Informationen zur Verf\u00fcgung.<\/p>\n<p>Euer Radwanderteam<br \/>\nvon Kolpingjugend und RC 03 Ilbenstadt<\/p>\n<p><a href=\"https:\/\/www.rc03-ilbenstadt.de\/wp-content\/uploads\/2018\/04\/RC03-RW-180428-BadNauheim-Flyer_01-opt.pdf\" target=\"_blank\" rel=\"noopener\">Flyerdownload<\/a><\/p>\n<p>Streckeninformation:<br \/>\n<iframe loading=\"lazy\" class=\"gpsies\" src=\"\/\/www.gpsies.com\/mapOnly.do?fileId=qqixqrymukljlfiy\" width=\"600%\" height=\"400\" frameborder=\"0\" marginwidth=\"0\" marginheight=\"0\" scrolling=\"no\"><\/iframe><\/p>\n","protected":false},"excerpt":{"rendered":"<p>Erneut k\u00f6nnen wir mit unserem engagierten Partner, der Kolpingjugend in Ilbenstadt eine interessante Radtour anbieten.\u00a0Unser Ziel, mit\u00a0 gesundheits- und kulturorientiertem Radfahren in der Gruppe die Freude am Radsport auf einem leistungsangepassten, geselligen Niveau weiterzugeben, wird\u00a0<\/p>\n","protected":false},"author":9,"featured_media":4738,"comment_status":"open","ping_status":"open","sticky":false,"template":"","format":"standard","meta":{"_crdt_document":"","footnotes":""},"categories":[1],"tags":[],"class_list":["post-6951","post","type-post","status-publish","format-standard","has-post-thumbnail","hentry","category-allgemein"],"_links":{"self":[{"href":"https:\/\/www.rc03-ilbenstadt.de\/index.php?rest_route=\/wp\/v2\/posts\/6951","targetHints":{"allow":["GET"]}}],"collection":[{"href":"https:\/\/www.rc03-ilbenstadt.de\/index.php?rest_route=\/wp\/v2\/posts"}],"about":[{"href":"https:\/\/www.rc03-ilbenstadt.de\/index.php?rest_route=\/wp\/v2\/types\/post"}],"author":[{"embeddable":true,"href":"https:\/\/www.rc03-ilbenstadt.de\/index.php?rest_route=\/wp\/v2\/users\/9"}],"replies":[{"embeddable":true,"href":"https:\/\/www.rc03-ilbenstadt.de\/index.php?rest_route=%2Fwp%2Fv2%2Fcomments&post=6951"}],"version-history":[{"count":6,"href":"https:\/\/www.rc03-ilbenstadt.de\/index.php?rest_route=\/wp\/v2\/posts\/6951\/revisions"}],"predecessor-version":[{"id":6968,"href":"https:\/\/www.rc03-ilbenstadt.de\/index.php?rest_route=\/wp\/v2\/posts\/6951\/revisions\/6968"}],"wp:featuredmedia":[{"embeddable":true,"href":"https:\/\/www.rc03-ilbenstadt.de\/index.php?rest_route=\/wp\/v2\/media\/4738"}],"wp:attachment":[{"href":"https:\/\/www.rc03-ilbenstadt.de\/index.php?rest_route=%2Fwp%2Fv2%2Fmedia&parent=6951"}],"wp:term":[{"taxonomy":"category","embeddable":true,"href":"https:\/\/www.rc03-ilbenstadt.de\/index.php?rest_route=%2Fwp%2Fv2%2Fcategories&post=6951"},{"taxonomy":"post_tag","embeddable":true,"href":"https:\/\/www.rc03-ilbenstadt.de\/index.php?rest_route=%2Fwp%2Fv2%2Ftags&post=6951"}],"curies":[{"name":"wp","href":"https:\/\/api.w.org\/{rel}","templated":true}]}}