{"id":8018,"date":"2019-11-14T16:38:34","date_gmt":"2019-11-14T15:38:34","guid":{"rendered":"https:\/\/www.rc03-ilbenstadt.de\/?p=8018"},"modified":"2019-11-15T06:24:15","modified_gmt":"2019-11-15T05:24:15","slug":"ilbenstaedter-radtourenradwanderung-von-assenheim-nach-ortenbergkurzbericht","status":"publish","type":"post","link":"https:\/\/www.rc03-ilbenstadt.de\/?p=8018","title":{"rendered":"Ilbenst\u00e4dter Radtouren<br>Radwanderung von Assenheim nach Ortenberg<br>Kurzbericht"},"content":{"rendered":"<p>Wer wollte sich heute \u00fcber die Tour nach Ortenberg beschweren. Frisches Kaiserwetter begleitete die 10-k\u00f6pfige, warm eingepackte Truppe nach Ortenberg und wieder zur\u00fcck. Der Regen der letzten Woche ist damit nicht mehr im Ged\u00e4chtnis pr\u00e4sent. Die im Sonnenlicht badende Wetterau begleitete die Pedalritter bis in die Ausl\u00e4ufer des Vogelsberges und zur\u00fcck, ein wahrhaft <!--more-->tolles Erlebnis. Ortenberg hatte die Radlerinnen und Radler gut aufgenommen und verw\u00f6hnte zur Rast beim Freche B\u00e4cker nicht nur den Gaumen sondern auch das Auge.<br \/>\nInsgesamt wurden 64 Kilometer bew\u00e4ltigt. Da fragt man sich hin und wieder, wo das Tourenportal die 4 Mehrkilometer versteckt hatte, hielt man sich doch an die zuvor ausgekundschaftete Strecke.<\/p>\n<p>Die n\u00e4chste Tour soll uns in den Taunus f\u00fchren. Wir w\u00fcnschen unserem Radwanderfachwart Erwin Loscher wieder einen guten Riecher f\u00fcr bestes Radfahrwetter und eine z\u00fcndende Idee f\u00fcr eine sch\u00f6ne Strecke. Er nimmt gerne Anregungen entgegen.<br \/>\nWir sehen uns wieder zur n\u00e4chsten Tour beim RC 03 Ilbenstadt.<\/p>\n<p><strong>Die Unentwegten:<br \/>\n<a href=\"https:\/\/www.rc03-ilbenstadt.de\/wp-content\/uploads\/2019\/11\/B-RC03-RW-191114-Assenheim_Ortenberg.jpg\" rel=\"lightbox[8018]\"><img loading=\"lazy\" decoding=\"async\" class=\"size-thumbnail wp-image-8025 alignleft\" src=\"https:\/\/www.rc03-ilbenstadt.de\/wp-content\/uploads\/2019\/11\/B-RC03-RW-191114-Assenheim_Ortenberg-150x150.jpg\" alt=\"\" width=\"150\" height=\"150\" \/><\/a><br \/>\n<\/strong><\/p>\n","protected":false},"excerpt":{"rendered":"<p>Wer wollte sich heute \u00fcber die Tour nach Ortenberg beschweren. Frisches Kaiserwetter begleitete die 10-k\u00f6pfige, warm eingepackte Truppe nach Ortenberg und wieder zur\u00fcck. Der Regen der letzten Woche ist damit nicht mehr im Ged\u00e4chtnis pr\u00e4sent. Die im Sonnenlicht badende Wetterau &hellip; <a href=\"https:\/\/www.rc03-ilbenstadt.de\/?p=8018\">Weiterlesen <span class=\"meta-nav\">&rarr;<\/span><\/a><\/p>\n","protected":false},"author":9,"featured_media":4738,"comment_status":"open","ping_status":"open","sticky":false,"template":"","format":"standard","meta":{"_crdt_document":"","footnotes":""},"categories":[1],"tags":[],"class_list":["post-8018","post","type-post","status-publish","format-standard","has-post-thumbnail","hentry","category-allgemein"],"_links":{"self":[{"href":"https:\/\/www.rc03-ilbenstadt.de\/index.php?rest_route=\/wp\/v2\/posts\/8018","targetHints":{"allow":["GET"]}}],"collection":[{"href":"https:\/\/www.rc03-ilbenstadt.de\/index.php?rest_route=\/wp\/v2\/posts"}],"about":[{"href":"https:\/\/www.rc03-ilbenstadt.de\/index.php?rest_route=\/wp\/v2\/types\/post"}],"author":[{"embeddable":true,"href":"https:\/\/www.rc03-ilbenstadt.de\/index.php?rest_route=\/wp\/v2\/users\/9"}],"replies":[{"embeddable":true,"href":"https:\/\/www.rc03-ilbenstadt.de\/index.php?rest_route=%2Fwp%2Fv2%2Fcomments&post=8018"}],"version-history":[{"count":5,"href":"https:\/\/www.rc03-ilbenstadt.de\/index.php?rest_route=\/wp\/v2\/posts\/8018\/revisions"}],"predecessor-version":[{"id":8026,"href":"https:\/\/www.rc03-ilbenstadt.de\/index.php?rest_route=\/wp\/v2\/posts\/8018\/revisions\/8026"}],"wp:featuredmedia":[{"embeddable":true,"href":"https:\/\/www.rc03-ilbenstadt.de\/index.php?rest_route=\/wp\/v2\/media\/4738"}],"wp:attachment":[{"href":"https:\/\/www.rc03-ilbenstadt.de\/index.php?rest_route=%2Fwp%2Fv2%2Fmedia&parent=8018"}],"wp:term":[{"taxonomy":"category","embeddable":true,"href":"https:\/\/www.rc03-ilbenstadt.de\/index.php?rest_route=%2Fwp%2Fv2%2Fcategories&post=8018"},{"taxonomy":"post_tag","embeddable":true,"href":"https:\/\/www.rc03-ilbenstadt.de\/index.php?rest_route=%2Fwp%2Fv2%2Ftags&post=8018"}],"curies":[{"name":"wp","href":"https:\/\/api.w.org\/{rel}","templated":true}]}}