{"id":8028,"date":"2019-11-18T11:38:57","date_gmt":"2019-11-18T10:38:57","guid":{"rendered":"https:\/\/www.rc03-ilbenstadt.de\/?p=8028"},"modified":"2019-12-02T22:49:14","modified_gmt":"2019-12-02T21:49:14","slug":"8028","status":"publish","type":"post","link":"https:\/\/www.rc03-ilbenstadt.de\/?p=8028","title":{"rendered":"Ilbenst\u00e4dter Radtouren<br>Radwanderung von Assenheim nach Mark\u00f6bel<br>am Mittwoch, den 20. November 2019"},"content":{"rendered":"<p><strong>Liebe Mitglieder und Freunde des RC 03 Ilbenstadt,<\/strong><\/p>\n<p>unser Radwanderfachwart Erwin Loscher hat wieder Mark\u00f6bel mit modifizierter Strecke ins Visier genommen\u00a0 Zahlreiche Tiefs tummeln sich rund um Ilbenstadt. Sie beeinflussen sich gegenseitig so, dass unsere Radfahrstrecke niederschlagsfrei bleiben wird. Auch die Sonne soll ausreichend Wolkenl\u00fccken finden, um die Landschaft der Wetterau mit ihren Strahlen zu w\u00e4rmen. Mit diesen <!--more-->Aussichten gehen wir an den Start<\/p>\n<p><strong>am Mittwoch, den 20. November 2019 <\/strong><br \/>\n<strong>um 10:00 Uhr am B\u00fcrgerhaus in Assenheim<\/strong><br \/>\n<strong>und <\/strong><br \/>\n<strong>um 10:15 Uhr am 2. Startort, der Niddabr\u00fccke in Ilbenstadt.<\/strong><\/p>\n<p>\u00dcber 90 % der Tour f\u00fchren uns abseits des Stra\u00dfenverkehrs auf Rad-, Feld- und Forstwegen<span id=\"more-7556\"><\/span> in die Wetterauer Landschaft. Wir folgen zun\u00e4chst dem Niddaradweg nach Gronau, um dann \u00fcber Niederdorfelden auf die Hohe Stra\u00dfe zu gelangen. Dieser historischen Stra\u00dfe folgen wir bis Mark\u00f6bel. In <a href=\"https:\/\/de.wikipedia.org\/wiki\/Mark%C3%B6bel\" target=\"_blank\" rel=\"noopener noreferrer\">Mark\u00f6bel<\/a>, das 839 erstmals urkundlich erw\u00e4hnt wurde \u2013 Kaiser Ludwig der Fromme \u00fcbertrug den Ort samt lebendem Inventar einem Getreuen zum Besitz \u2013 ist eine Kaffeepause in einer \u00f6rtlichen B\u00e4ckerei geplant. Mit Elan geht es dann ein kurzes St\u00fcck auf den Limesradweg, den wir aber schnell in Richtung Eichen verlassen. Durch Feld und Wald fahren wir Assenheim entgegen. An der Wickst\u00e4dter Niddabr\u00fccke biegen wir links ab. Noch ein paar Kurbelwirbel und wir sind wieder in Assenheim zur\u00fcck.<\/p>\n<p>Wir freuen uns auf eine rege Teilnahme. Gutes Wetter ist bestellt.<br \/>\nErwin Loscher ist f\u00fcr R\u00fcckfragen unter der Telefonnummer 01512 02 30 745 erreichbar.<\/p>\n<p>F\u00fcr das Radwanderteam<\/p>\n<p>Wilhelm Schr\u00f6der<br \/>\nFachbereichsleiter Kommunikation und Sport (RTF\/CTF)<\/p>\n<p><a href=\"https:\/\/www.gpsies.com\/map.do?fileId=ougrbovfragnuxvx\" target=\"_blank\" rel=\"noopener noreferrer\">Zur Strecke Assenheim &#8211; Mark\u00f6bel &#8211; Assenheim:<\/a><br \/>\n<iframe loading=\"lazy\" class=\"gpsies\" src=\"\/\/www.gpsies.com\/mapOnly.do?fileId=ougrbovfragnuxvx\" width=\"600\" height=\"400\" frameborder=\"0\" marginwidth=\"0\" marginheight=\"0\" scrolling=\"no\"><\/iframe><\/p>\n<p><strong>Impressionen von der Tour<\/strong><br \/>\nBild und Beitragsbild vom Obertor in Mark\u00f6bel:<br \/>\nJacquesverlaeken [CC BY-SA 3.0 (https:\/\/creativecommons.org\/licenses\/by-sa\/3.0)]<\/p>\n<table style=\"border-collapse: collapse; width: 100%; height: 222px;\">\n<tbody>\n<tr style=\"height: 174px;\">\n<td style=\"width: 33.3333%; height: 174px;\"><a href=\"https:\/\/www.rc03-ilbenstadt.de\/wp-content\/uploads\/2019\/11\/B-RC03-RW-191120-Assenheim-Mark\u00f6bel_Obertor-WEB.jpg\" rel=\"lightbox[8028]\"><img loading=\"lazy\" decoding=\"async\" class=\"aligncenter size-thumbnail wp-image-8038\" src=\"https:\/\/www.rc03-ilbenstadt.de\/wp-content\/uploads\/2019\/11\/B-RC03-RW-191120-Assenheim-Mark\u00f6bel_Obertor-WEB-150x150.jpg\" alt=\"\" width=\"150\" height=\"150\" \/><\/a><\/td>\n<td style=\"width: 33.3333%; height: 174px;\"><\/td>\n<td style=\"width: 33.3333%; height: 174px;\"><\/td>\n<\/tr>\n<tr style=\"height: 24px;\">\n<td style=\"width: 33.3333%; height: 24px;\"><\/td>\n<td style=\"width: 33.3333%; height: 24px;\"><\/td>\n<td style=\"width: 33.3333%; height: 24px;\"><\/td>\n<\/tr>\n<tr style=\"height: 24px;\">\n<td style=\"width: 33.3333%; height: 24px;\"><\/td>\n<td style=\"width: 33.3333%; height: 24px;\"><\/td>\n<td style=\"width: 33.3333%; height: 24px;\"><\/td>\n<\/tr>\n<\/tbody>\n<\/table>\n","protected":false},"excerpt":{"rendered":"<p>Liebe Mitglieder und Freunde des RC 03 Ilbenstadt, unser Radwanderfachwart Erwin Loscher hat wieder Mark\u00f6bel mit modifizierter Strecke ins Visier genommen\u00a0 Zahlreiche Tiefs tummeln sich rund um Ilbenstadt. Sie beeinflussen sich gegenseitig so, dass unsere Radfahrstrecke niederschlagsfrei bleiben wird. Auch &hellip; <a href=\"https:\/\/www.rc03-ilbenstadt.de\/?p=8028\">Weiterlesen <span class=\"meta-nav\">&rarr;<\/span><\/a><\/p>\n","protected":false},"author":9,"featured_media":8038,"comment_status":"open","ping_status":"open","sticky":false,"template":"","format":"standard","meta":{"_crdt_document":"","footnotes":""},"categories":[1],"tags":[],"class_list":["post-8028","post","type-post","status-publish","format-standard","has-post-thumbnail","hentry","category-allgemein"],"_links":{"self":[{"href":"https:\/\/www.rc03-ilbenstadt.de\/index.php?rest_route=\/wp\/v2\/posts\/8028","targetHints":{"allow":["GET"]}}],"collection":[{"href":"https:\/\/www.rc03-ilbenstadt.de\/index.php?rest_route=\/wp\/v2\/posts"}],"about":[{"href":"https:\/\/www.rc03-ilbenstadt.de\/index.php?rest_route=\/wp\/v2\/types\/post"}],"author":[{"embeddable":true,"href":"https:\/\/www.rc03-ilbenstadt.de\/index.php?rest_route=\/wp\/v2\/users\/9"}],"replies":[{"embeddable":true,"href":"https:\/\/www.rc03-ilbenstadt.de\/index.php?rest_route=%2Fwp%2Fv2%2Fcomments&post=8028"}],"version-history":[{"count":5,"href":"https:\/\/www.rc03-ilbenstadt.de\/index.php?rest_route=\/wp\/v2\/posts\/8028\/revisions"}],"predecessor-version":[{"id":8061,"href":"https:\/\/www.rc03-ilbenstadt.de\/index.php?rest_route=\/wp\/v2\/posts\/8028\/revisions\/8061"}],"wp:featuredmedia":[{"embeddable":true,"href":"https:\/\/www.rc03-ilbenstadt.de\/index.php?rest_route=\/wp\/v2\/media\/8038"}],"wp:attachment":[{"href":"https:\/\/www.rc03-ilbenstadt.de\/index.php?rest_route=%2Fwp%2Fv2%2Fmedia&parent=8028"}],"wp:term":[{"taxonomy":"category","embeddable":true,"href":"https:\/\/www.rc03-ilbenstadt.de\/index.php?rest_route=%2Fwp%2Fv2%2Fcategories&post=8028"},{"taxonomy":"post_tag","embeddable":true,"href":"https:\/\/www.rc03-ilbenstadt.de\/index.php?rest_route=%2Fwp%2Fv2%2Ftags&post=8028"}],"curies":[{"name":"wp","href":"https:\/\/api.w.org\/{rel}","templated":true}]}}