{"id":8047,"date":"2019-11-28T12:05:20","date_gmt":"2019-11-28T11:05:20","guid":{"rendered":"https:\/\/www.rc03-ilbenstadt.de\/?p=8047"},"modified":"2019-12-02T22:48:04","modified_gmt":"2019-12-02T21:48:04","slug":"ilbenstaedter-radtourenradwanderung-von-assenheim-zum-kloster-arnsburgam-samstag-dem-30-november-2019","status":"publish","type":"post","link":"https:\/\/www.rc03-ilbenstadt.de\/?p=8047","title":{"rendered":"Ilbenst\u00e4dter Radtouren<br>Radwanderung von Assenheim zum Kloster Arnsburg<br>am Samstag, dem 30. November 2019"},"content":{"rendered":"<p><strong>Liebe Mitglieder und Freunde des RC 03 Ilbenstadt,<\/strong><\/p>\n<p>Sonnig und frisch, so k\u00f6nnen wir das Wetter am Samstag kurz und knackig beschreiben. Die Temperaturen bleiben im einstelligen Bereich, doch sind wir ein ganzes St\u00fcck vom Gefrierpunkt entfernt. Wer sich mit unserem Radwanderfachwart Erwin Loscher den w\u00e4rmenden Sonnenstrahlen in der sp\u00e4therbstlichen Wetterau aussetzen m\u00f6chte, startet <!--more--><\/p>\n<p><strong>am Samstag, dem 30. November 2019 <\/strong><br \/>\n<strong>um 10:00 Uhr am B\u00fcrgerhaus in Assenheim<\/strong><br \/>\n<strong>oder <\/strong><br \/>\n<strong>um 10:45 Uhr am 2. Startort, dem Beienheimer Kreisel am Ortsausgang in Richtung Dorheim<\/strong><strong>.<\/strong><\/p>\n<p>Von Assenheim aus fahren wir \u00fcber gewohnte Pfade in die &#8222;B\u00e4renschweiz&#8220;, die Bruchenbr\u00fcckener h\u00f6ren auch auf Spitznamen, und weiter \u00fcber Bauerheim nach Beienheim. Dort werden sicherlich Radlerinnen und Radler aus dem Raum Bingenheim zu uns sto\u00dfen. Gemeinsam wird hinter Melbach die R\u00f6merstra\u00dfe unter die R\u00e4der genommen. Hier sind wir mitten in der Geschichte rund um Kloster Arnsburg, die auch mit einem r\u00f6mischen Kohortenkastell begann. 90 n.Chr. zogen die R\u00f6mer ab und hinterlie\u00dfen das Kastell als &#8222;Steinbruch&#8220;, der von weltlichen und geistlichen M\u00e4chten weidlich genutzt wurde. Bis in die Neuzeit wogten die Besitzverh\u00e4ltnisse, meistens religi\u00f6s gepr\u00e4gt, hin und her bis schlie\u00dflich nach 1803 der Graf von Solms-Laubach wieder stolzer Besitzer der Gem\u00e4uer war. Heute ist Kloster Arnsburg ein Licher Stadtteil. Wer sich in die Geschichte vertiefen m\u00f6chte, findet in <a href=\"https:\/\/de.wikipedia.org\/wiki\/Kloster_Arnsburg\" target=\"_blank\" rel=\"noopener noreferrer\">Wikipedia<\/a> und der <a href=\"http:\/\/www.lich.de\/kultur-tourismus\/steckbriefgeschichte\/stadtteile\/kloster-arnsburg\/\" target=\"_blank\" rel=\"noopener noreferrer\">Seite der Stadt Lich<\/a> reichlich Futter.<br \/>\nKloster Arnsburg ist auch ein Ort des Innehaltens, des Gedenkens. 1959 wurde hier ein Kriegsopferfriedhof angelegt, auf dem neben Soldaten, Kriegsgefangene, Fremdarbeiter und viele Opfer der nationalsozialistischen Herrschaft, ihre letzte Ruhest\u00e4tte gefunden haben.<\/p>\n<p>Nach einer Rast brechen wir wieder auf, fahren bis Muschenheim ein St\u00fcck auf dem Limesradweg, durchqueren den Wald nach Bellersheim und k\u00f6nnen einen Blick auf das Naturparadies &#8222;Barbarasee&#8220; werfen. Dieser See ist vor fl\u00fcchtigen Blicken verborgen und der Zugang ist zum Schutz von Flora und Fauna streng geregelt. Von dort ist es zum W\u00f6lfersheimer See und zum Pfaffensee nicht mehr weit. Mit der Umrundung des Bergwerksees bei Dorn-Assenheim haben wir nahezu die H\u00e4lfte der Wetterauer Seenplatte nebenbei erfahren. Von hier ist es nur noch ein &#8222;Katzensprung&#8220; bis Assenheim. Rund 66 Kilometer werden wir die sonnendurchflutete Wetterau genie\u00dfen, eine Landschaft deren Felder \u00fcberwiegend frisch bestellt sind, wo die ein oder andere Zuckerr\u00fcbenmiete noch auf ihren Abtransport wartet. Tolle Eindr\u00fccke warten, Natur und Kultur sind bereit.<\/p>\n<p>Wir freuen uns auf eine rege Teilnahme. Gutes Wetter ist bestellt.<br \/>\nErwin Loscher ist f\u00fcr R\u00fcckfragen unter der Telefonnummer 01512 02 30 745 erreichbar.<\/p>\n<p>F\u00fcr das Radwanderteam<\/p>\n<p>Wilhelm Schr\u00f6der<br \/>\nFachbereichsleiter Kommunikation und Sport (RTF\/CTF)<\/p>\n<p><a href=\"https:\/\/www.gpsies.com\/map.do?fileId=fplkqyilpfomaapy\" target=\"_blank\" rel=\"noopener noreferrer\">Zur Strecke Assenheim &#8211; Kloster Arnsburg &#8211; Assenheim:<\/a><br \/>\n<iframe loading=\"lazy\" class=\"gpsies\" src=\"\/\/www.gpsies.com\/mapOnly.do?fileId=fplkqyilpfomaapy\" width=\"600\" height=\"400\" frameborder=\"0\" marginwidth=\"0\" marginheight=\"0\" scrolling=\"no\"><span style=\"display: inline-block; width: 0px; overflow: hidden; line-height: 0;\" data-mce-type=\"bookmark\" class=\"mce_SELRES_start\">\ufeff<\/span><\/iframe><\/p>\n","protected":false},"excerpt":{"rendered":"<p>Liebe Mitglieder und Freunde des RC 03 Ilbenstadt, Sonnig und frisch, so k\u00f6nnen wir das Wetter am Samstag kurz und knackig beschreiben. Die Temperaturen bleiben im einstelligen Bereich, doch sind wir ein ganzes St\u00fcck vom Gefrierpunkt entfernt. Wer sich mit &hellip; <a href=\"https:\/\/www.rc03-ilbenstadt.de\/?p=8047\">Weiterlesen <span class=\"meta-nav\">&rarr;<\/span><\/a><\/p>\n","protected":false},"author":9,"featured_media":2048,"comment_status":"open","ping_status":"open","sticky":false,"template":"","format":"standard","meta":{"_crdt_document":"","footnotes":""},"categories":[1],"tags":[],"class_list":["post-8047","post","type-post","status-publish","format-standard","has-post-thumbnail","hentry","category-allgemein"],"_links":{"self":[{"href":"https:\/\/www.rc03-ilbenstadt.de\/index.php?rest_route=\/wp\/v2\/posts\/8047","targetHints":{"allow":["GET"]}}],"collection":[{"href":"https:\/\/www.rc03-ilbenstadt.de\/index.php?rest_route=\/wp\/v2\/posts"}],"about":[{"href":"https:\/\/www.rc03-ilbenstadt.de\/index.php?rest_route=\/wp\/v2\/types\/post"}],"author":[{"embeddable":true,"href":"https:\/\/www.rc03-ilbenstadt.de\/index.php?rest_route=\/wp\/v2\/users\/9"}],"replies":[{"embeddable":true,"href":"https:\/\/www.rc03-ilbenstadt.de\/index.php?rest_route=%2Fwp%2Fv2%2Fcomments&post=8047"}],"version-history":[{"count":5,"href":"https:\/\/www.rc03-ilbenstadt.de\/index.php?rest_route=\/wp\/v2\/posts\/8047\/revisions"}],"predecessor-version":[{"id":8060,"href":"https:\/\/www.rc03-ilbenstadt.de\/index.php?rest_route=\/wp\/v2\/posts\/8047\/revisions\/8060"}],"wp:featuredmedia":[{"embeddable":true,"href":"https:\/\/www.rc03-ilbenstadt.de\/index.php?rest_route=\/wp\/v2\/media\/2048"}],"wp:attachment":[{"href":"https:\/\/www.rc03-ilbenstadt.de\/index.php?rest_route=%2Fwp%2Fv2%2Fmedia&parent=8047"}],"wp:term":[{"taxonomy":"category","embeddable":true,"href":"https:\/\/www.rc03-ilbenstadt.de\/index.php?rest_route=%2Fwp%2Fv2%2Fcategories&post=8047"},{"taxonomy":"post_tag","embeddable":true,"href":"https:\/\/www.rc03-ilbenstadt.de\/index.php?rest_route=%2Fwp%2Fv2%2Ftags&post=8047"}],"curies":[{"name":"wp","href":"https:\/\/api.w.org\/{rel}","templated":true}]}}