{"id":8059,"date":"2019-12-02T22:52:24","date_gmt":"2019-12-02T21:52:24","guid":{"rendered":"https:\/\/www.rc03-ilbenstadt.de\/?p=8059"},"modified":"2019-12-02T22:54:12","modified_gmt":"2019-12-02T21:54:12","slug":"ilbenstaedter-radtourenradwanderung-von-assenheim-nach-schwanheimam-mittwoch-den-4-dezember-2019","status":"publish","type":"post","link":"https:\/\/www.rc03-ilbenstadt.de\/?p=8059","title":{"rendered":"Ilbenst\u00e4dter Radtouren<br>Radwanderung von Assenheim nach Schwanheim (Gr\u00fcng\u00fcrteltour!)<br>am Mittwoch, den 4. Dezember 2019"},"content":{"rendered":"<p><strong>Liebe Mitglieder und Freunde des RC 03 Ilbenstadt,<\/strong><\/p>\n<p>der Winter nimmt uns langsam in den Griff. Wir trotzen den winterlichen Temperaturen, die sich langsam dem Gefrierpunkt n\u00e4hern. Sonne pur und wenige Nebelschwaden in den Niederungen verzaubern die Landschaft. Dazu starten wir <!--more--><\/p>\n<p><strong>am Mittwoch, dem 4. Dezember 2019 <\/strong><br \/>\n<strong>um 10:00 Uhr am B\u00fcrgerhaus in Assenheim<\/strong><br \/>\n<strong>oder <\/strong><br \/>\n<strong>um 10:10 Uhr am 2. Startort, der Ilbenst\u00e4dter Niddabr\u00fccke.<\/strong><\/p>\n<p><strong>Die Bingenheimer Gruppe startet um 09:15 Uhr am Bahn\u00fcbergang in Reichelsheim<\/strong><br \/>\n<strong>und geht um 10:00 Uhr in Assenheim mit an den gemeinsamen Start.<\/strong><\/p>\n<p>Wir folgen der Nidda, sehen, wie das Leben am Wasser sich langsam regt und die Sonne die Nebelschwaden verdr\u00e4ngt. In Gronau wenden wir uns Bergen zu. Hier treffen wir auf den Frankfurter Gr\u00fcng\u00fcrtelradweg. An dieser Stelle noch etwas \u00fcber diesen tollen Radweg zu sagen, hie\u00dfe Eulen nach Athen zu tragen, haben wir doch diese Tour <a href=\"https:\/\/www.rc03-ilbenstadt.de\/?p=3108\" target=\"_blank\" rel=\"noopener noreferrer\">2014<\/a>, <a href=\"https:\/\/www.rc03-ilbenstadt.de\/?p=3648\" target=\"_blank\" rel=\"noopener noreferrer\">2015<\/a> und <a href=\"https:\/\/www.rc03-ilbenstadt.de\/?p=5724\" target=\"_blank\" rel=\"noopener noreferrer\">2017<\/a> schon im Programm gehabt. Jetzt wollen wir nur eine Teilstrecke des Gr\u00fcng\u00fcrtelradweges fahren. Gleich zu dessen Beginn geht es \u00fcber eine Gef\u00e4llstrecke, die man in rasanter Fahrt nehmen kann, nach Enkheim und weiter nach Fechenheim. Der Arthur-von-Weinberg-Steg erm\u00f6glicht uns die \u00dcberquerung des Maines. Am Mainufer geht es westw\u00e4rts. Am Rudererdorf Oberrad verlassen wir das Mainufer und streben dem Frankfurter Stadtwald zu. Die Baustelle zum Neubau des Goetheturms lassen wir links liegen und arbeiten uns \u00fcber die Oberschweinstiege nach Frankfurt-Schwanheim vor. Endlich, die geplante Rast. Die Einkehr beim <a href=\"https:\/\/frankfurterhof-seppche.de\/5\/home-startseite\" target=\"_blank\" rel=\"noopener noreferrer\">Seppche<\/a> ist das Ziel.<br \/>\nGest\u00e4rkt geht es auf den R\u00fcckweg. Wir fahren direkt an das s\u00fcdliche Mainufer und biegen in Sachsenhausen zum Lokalbahnhof ab. Die S-Bahn bringt uns nach W\u00f6llstadt. Ilbenstadt, Assenheim oder Bingenheim sind schnell erreicht, Eine unterhaltsame Radtour von etwa 63 Kilometern liegt dann hinter uns.<\/p>\n<p>Wir freuen uns auf eine rege Teilnahme. Gutes Wetter ist bestellt.<br \/>\nErwin Loscher ist f\u00fcr R\u00fcckfragen unter der Telefonnummer 01512 02 30 745 erreichbar.<\/p>\n<p>F\u00fcr das Radwanderteam<\/p>\n<p>Wilhelm Schr\u00f6der<br \/>\nFachbereichsleiter Kommunikation und Sport (RTF\/CTF)<\/p>\n<p><a href=\"https:\/\/www.gpsies.com\/map.do?fileId=avoxdrfvwtulqcck\" target=\"_blank\" rel=\"noopener noreferrer\">Zur Strecke Assenheim \u2013 Frankfurt-Schwanheim \u2013 Assenheim:<\/a><br \/>\n<iframe loading=\"lazy\" class=\"gpsies\" src=\"\/\/www.gpsies.com\/mapOnly.do?fileId=avoxdrfvwtulqcck\" width=\"600\" height=\"400\" frameborder=\"0\" marginwidth=\"0\" marginheight=\"0\" scrolling=\"no\"><span style=\"display: inline-block; width: 0px; overflow: hidden; line-height: 0;\" data-mce-type=\"bookmark\" class=\"mce_SELRES_start\">\ufeff<\/span><\/iframe><\/p>\n","protected":false},"excerpt":{"rendered":"<p>Liebe Mitglieder und Freunde des RC 03 Ilbenstadt, der Winter nimmt uns langsam in den Griff. Wir trotzen den winterlichen Temperaturen, die sich langsam dem Gefrierpunkt n\u00e4hern. Sonne pur und wenige Nebelschwaden in den Niederungen verzaubern die Landschaft. Dazu starten &hellip; <a href=\"https:\/\/www.rc03-ilbenstadt.de\/?p=8059\">Weiterlesen <span class=\"meta-nav\">&rarr;<\/span><\/a><\/p>\n","protected":false},"author":9,"featured_media":4738,"comment_status":"open","ping_status":"open","sticky":false,"template":"","format":"standard","meta":{"_crdt_document":"","footnotes":""},"categories":[1],"tags":[],"class_list":["post-8059","post","type-post","status-publish","format-standard","has-post-thumbnail","hentry","category-allgemein"],"_links":{"self":[{"href":"https:\/\/www.rc03-ilbenstadt.de\/index.php?rest_route=\/wp\/v2\/posts\/8059","targetHints":{"allow":["GET"]}}],"collection":[{"href":"https:\/\/www.rc03-ilbenstadt.de\/index.php?rest_route=\/wp\/v2\/posts"}],"about":[{"href":"https:\/\/www.rc03-ilbenstadt.de\/index.php?rest_route=\/wp\/v2\/types\/post"}],"author":[{"embeddable":true,"href":"https:\/\/www.rc03-ilbenstadt.de\/index.php?rest_route=\/wp\/v2\/users\/9"}],"replies":[{"embeddable":true,"href":"https:\/\/www.rc03-ilbenstadt.de\/index.php?rest_route=%2Fwp%2Fv2%2Fcomments&post=8059"}],"version-history":[{"count":3,"href":"https:\/\/www.rc03-ilbenstadt.de\/index.php?rest_route=\/wp\/v2\/posts\/8059\/revisions"}],"predecessor-version":[{"id":8064,"href":"https:\/\/www.rc03-ilbenstadt.de\/index.php?rest_route=\/wp\/v2\/posts\/8059\/revisions\/8064"}],"wp:featuredmedia":[{"embeddable":true,"href":"https:\/\/www.rc03-ilbenstadt.de\/index.php?rest_route=\/wp\/v2\/media\/4738"}],"wp:attachment":[{"href":"https:\/\/www.rc03-ilbenstadt.de\/index.php?rest_route=%2Fwp%2Fv2%2Fmedia&parent=8059"}],"wp:term":[{"taxonomy":"category","embeddable":true,"href":"https:\/\/www.rc03-ilbenstadt.de\/index.php?rest_route=%2Fwp%2Fv2%2Fcategories&post=8059"},{"taxonomy":"post_tag","embeddable":true,"href":"https:\/\/www.rc03-ilbenstadt.de\/index.php?rest_route=%2Fwp%2Fv2%2Ftags&post=8059"}],"curies":[{"name":"wp","href":"https:\/\/api.w.org\/{rel}","templated":true}]}}