{"id":8079,"date":"2019-12-30T21:39:32","date_gmt":"2019-12-30T20:39:32","guid":{"rendered":"https:\/\/www.rc03-ilbenstadt.de\/?p=8079"},"modified":"2019-12-30T21:40:50","modified_gmt":"2019-12-30T20:40:50","slug":"zum-jahreswechsel-2019-2020","status":"publish","type":"post","link":"https:\/\/www.rc03-ilbenstadt.de\/?p=8079","title":{"rendered":"Zum Jahreswechsel 2019\/2020"},"content":{"rendered":"<p>w\u00fcnschen wir unseren Mitgliedern und Freunden einen guten Rutsch. Kommt mit Schwung im neuen Jahr an, bleibt gesund und aktiv.<\/p>\n<p>Die Vorbereitungen f\u00fcr das Jahr 2020 laufen bereits auf Hochtouren. Die Wertungskarten f\u00fcr RTF und CTF sind bestellt, das Radwanderteam steckt mitten in der Arbeit f\u00fcr die Planungen von Tages- und Mehrtagestouren. Die Pl\u00e4ne <!--more-->f\u00fcr das Vereinsjahr werden bis Mitte Januar vorgestellt werden.<\/p>\n<p>Wir sind optimistisch, dass auf unsere Gemeinschaft ein tolles Jahr mit vielen Aktivit\u00e4ten mit und ohne Rad wartet.<\/p>\n<p>F\u00fcr den Vorstand des RC 03 Ilbenstadt<br \/>\nMit sportlichen Gr\u00fc\u00dfen<\/p>\n<p>Wilhelm Schr\u00f6der<br \/>\nFachbereichsleiter \u00d6ffentlichkeitsarbeit und Sport<\/p>\n<p>Beitragsbild: \u00a9 floydine \u2013 www.fotolia.com<\/p>\n","protected":false},"excerpt":{"rendered":"<p>w\u00fcnschen wir unseren Mitgliedern und Freunden einen guten Rutsch. Kommt mit Schwung im neuen Jahr an, bleibt gesund und aktiv. Die Vorbereitungen f\u00fcr das Jahr 2020 laufen bereits auf Hochtouren. Die Wertungskarten f\u00fcr RTF und CTF sind bestellt, das Radwanderteam &hellip; <a href=\"https:\/\/www.rc03-ilbenstadt.de\/?p=8079\">Weiterlesen <span class=\"meta-nav\">&rarr;<\/span><\/a><\/p>\n","protected":false},"author":9,"featured_media":8078,"comment_status":"open","ping_status":"open","sticky":false,"template":"","format":"standard","meta":{"_crdt_document":"","footnotes":""},"categories":[1],"tags":[],"class_list":["post-8079","post","type-post","status-publish","format-standard","has-post-thumbnail","hentry","category-allgemein"],"_links":{"self":[{"href":"https:\/\/www.rc03-ilbenstadt.de\/index.php?rest_route=\/wp\/v2\/posts\/8079","targetHints":{"allow":["GET"]}}],"collection":[{"href":"https:\/\/www.rc03-ilbenstadt.de\/index.php?rest_route=\/wp\/v2\/posts"}],"about":[{"href":"https:\/\/www.rc03-ilbenstadt.de\/index.php?rest_route=\/wp\/v2\/types\/post"}],"author":[{"embeddable":true,"href":"https:\/\/www.rc03-ilbenstadt.de\/index.php?rest_route=\/wp\/v2\/users\/9"}],"replies":[{"embeddable":true,"href":"https:\/\/www.rc03-ilbenstadt.de\/index.php?rest_route=%2Fwp%2Fv2%2Fcomments&post=8079"}],"version-history":[{"count":3,"href":"https:\/\/www.rc03-ilbenstadt.de\/index.php?rest_route=\/wp\/v2\/posts\/8079\/revisions"}],"predecessor-version":[{"id":8082,"href":"https:\/\/www.rc03-ilbenstadt.de\/index.php?rest_route=\/wp\/v2\/posts\/8079\/revisions\/8082"}],"wp:featuredmedia":[{"embeddable":true,"href":"https:\/\/www.rc03-ilbenstadt.de\/index.php?rest_route=\/wp\/v2\/media\/8078"}],"wp:attachment":[{"href":"https:\/\/www.rc03-ilbenstadt.de\/index.php?rest_route=%2Fwp%2Fv2%2Fmedia&parent=8079"}],"wp:term":[{"taxonomy":"category","embeddable":true,"href":"https:\/\/www.rc03-ilbenstadt.de\/index.php?rest_route=%2Fwp%2Fv2%2Fcategories&post=8079"},{"taxonomy":"post_tag","embeddable":true,"href":"https:\/\/www.rc03-ilbenstadt.de\/index.php?rest_route=%2Fwp%2Fv2%2Ftags&post=8079"}],"curies":[{"name":"wp","href":"https:\/\/api.w.org\/{rel}","templated":true}]}}