{"id":8306,"date":"2020-02-25T08:23:02","date_gmt":"2020-02-25T07:23:02","guid":{"rendered":"https:\/\/www.rc03-ilbenstadt.de\/?p=8306"},"modified":"2020-03-14T06:09:54","modified_gmt":"2020-03-14T05:09:54","slug":"rad-und-countrytourenfahren-rtf-ctf-am-22-maerz-2020der-start-in-den-fruehling-auf-rennrad-oder-mountainbikedie-wetterau-wartet","status":"publish","type":"post","link":"https:\/\/www.rc03-ilbenstadt.de\/?p=8306","title":{"rendered":"Rad- und Countrytourenfahren (RTF\/CTF)<br> am Sonntag, dem 22. M\u00e4rz 2020<br>Der Start in den Fr\u00fchling auf Rennrad oder Mountainbike &#8211; Die Wetterau wartet!"},"content":{"rendered":"<p><strong><span style=\"color: #ff0000; font-size: 14px;\">Direkt zur Ausschreibung <a href=\"https:\/\/www.rc03-ilbenstadt.de\/?page_id=8150\" target=\"_blank\" rel=\"noopener noreferrer\">RTF<\/a> und\/oder <a href=\"https:\/\/www.rc03-ilbenstadt.de\/?page_id=8186\" target=\"_blank\" rel=\"noopener noreferrer\">CTF<\/a><\/span><\/strong><\/p>\n<p><span style=\"color: #ff0000;\"><strong>Absage unserer RTF und CTF<br \/>\nDie Einschr\u00e4nkungen des \u00f6ffentlichen Lebens durch die Coronaviruskrise f\u00fchrte zu der Absage.<br \/>\nWir bitten um Verst\u00e4ndnis und hoffen mit Euch, dass die Krise alsbald \u00fcberwunden ist.<br \/>\n<\/strong><\/span><\/p>\n<p>Am 20. M\u00e4rz beginnt in aller Herrgottsfr\u00fch um 04:49 Uhr der kalendarische Fr\u00fchling in unseren Breiten. Aktuell leidet er an Schlaflosigkeit, denn er ist mit seinen Boten schon da: Blattknospen zeigen sich zur Entfaltung bereit, Krokusse, Schneegl\u00f6ckchen, G\u00e4nsebl\u00fcmchen allenthalben. Auch die Tierwelt hat vor den allzu milden Temperaturen kapituliert, Winterschlafe werden verk\u00fcrzt, die Zugvogelwelt <!--more-->zieht entweder nicht, nicht so weit oder ist schon vorzeitig zur\u00fcck. Hoffen wir, dass sich der eklatant schwache Winter nicht noch einmal aufb\u00e4umt, trotzig zur\u00fcckkehrt und Sch\u00e4den in der Flur hinterl\u00e4sst. Hoffen wir auf eine gr\u00fcne und bunte Wetterau, die uns allen ein besonderes Radfahrerlebnis bescheren kann.<\/p>\n<p>Wir starten zur RTF &#8222;Rund um Ilbenstadt&#8220; und zur CTF &#8222;Wetterauer \u00c4cker- und W\u00e4ldertour&#8220; im Startzeitfenster von 8 bis 10 Uhr. Auf dem Rennrad geht es wieder \u00fcber 44, 78 und 116 km durch die Bodenwellen der Wetterau. Im Osten erfahrt Ihr eine Strecken\u00e4nderung, es geht von Glash\u00fctten jetzt nach Wenings. Als Highlight wartet auch in diesem Jahr die Keltenwelt am Glauberg. Der Fernblick lohnt; lasst Euch abseits der RTF zu einem Museumsbesuch motivieren. Die Kelten waren schon ein interessantes und leistungsf\u00e4higes Volk.<br \/>\nDie CTF entf\u00fchrt die MTB-, Cyclocross- und Trekkingradfreunde wieder \u00fcber Melbach und wer m\u00f6chte, bis hin nach M\u00fcnzenberg. Hier haben wir auf der 71-Kilometerstrecke jetzt die westliche Umfahrung M\u00fcnzenbergs realisiert.<\/p>\n<p><strong>Was ist neu?<\/strong><\/p>\n<ul>\n<li>Wir haben das Tourenportal gewechselt und bieten die Informationen auf dem Open-Source-Projekt uMap, einem Projekt von www.openstreetmap.fr an. Datenschutz-, Darstellungs- und Handhabungsprobleme waren Anlass zu diesem Schritt. Auch \u00dcbersetzungsm\u00e4ngel bei Alltrails waren mit Grund. Nach Umstellung auf die deutsche Sprache wurden die Ma\u00dfeinheiten nicht gewechselt. Bikemap kennt Niddatal und damit Ilbenstadt nicht &#8230;<\/li>\n<li>Auf uMap k\u00f6nnen die Daten ohne ein Einloggen angesehen und heruntergeladen werden. Zus\u00e4tzlich bieten wir einen direkten Download der GPX-Dateien in unserer Ausschreibung an.<\/li>\n<li>Servicepunkte sind die neuen &#8222;Kontrollstellen&#8220;.<br \/>\nWir haben unsere Hinweisbeschilderung aufgrund des neuen Beschilderungserlasses, der ab dem 1. M\u00e4rz 2020 anzuwenden ist, ge\u00e4ndert und in diesem Zuge, damit wir keine negativen Auswirkungen auf den Stra\u00dfenverkehr erzielen, auf das Wort Kontrolle verzichtet. Das Hinweisschild &#8222;Kontrolle 100 m&#8220; kann bei einem Kraftfahrer schon mal das Blut tempor\u00e4r in Wallung bringen und unangebrachte Reaktionen provozieren.<\/li>\n<li>Die Richtungspfeile zur CTF sind jetzt quadratisch. Wir setzen sie druckfrisch ein und hoffen, dass sie genausogut sichtbar sind, wie Ihr dies am Beitragsbild sehen k\u00f6nnt.<br \/>\nDie bisher gewohnten &#8222;Pfeile&#8220; sind erlasskonform und werden weiterhin bei der RTF eingesetzt.<\/li>\n<\/ul>\n<p>Zu unseren Ausschreibungen:<\/p>\n<ul>\n<li><a href=\"https:\/\/www.rc03-ilbenstadt.de\/?page_id=8150\" target=\"_blank\" rel=\"noopener noreferrer\">RTF &#8222;Rund um Ilbenstadt&#8220;<\/a><br \/>\noder direkt zu den <a href=\"https:\/\/www.rc03-ilbenstadt.de\/?page_id=8155\" target=\"_blank\" rel=\"noopener noreferrer\">RTF-Strecken<\/a><\/li>\n<li><a href=\"https:\/\/www.rc03-ilbenstadt.de\/?page_id=8186\" target=\"_blank\" rel=\"noopener noreferrer\">CTF &#8222;Wetterauer \u00c4cker- und W\u00e4ldertour&#8220;<\/a><br \/>\noder direkt zu den <a href=\"https:\/\/www.rc03-ilbenstadt.de\/?page_id=8207\" target=\"_blank\" rel=\"noopener noreferrer\">CTF-Strecken<\/a><\/li>\n<\/ul>\n<p>Wir freuen uns auf Euch und hoffen, dass wir gemeinsam einen sportlich erfolgreichen und geselligen Tag in Ilbenstadt erleben werden.<\/p>\n<p>Euer<br \/>\nRTF-\/CTF &#8211; Orga-Team<\/p>\n","protected":false},"excerpt":{"rendered":"<p>Direkt zur Ausschreibung RTF und\/oder CTF Absage unserer RTF und CTF Die Einschr\u00e4nkungen des \u00f6ffentlichen Lebens durch die Coronaviruskrise f\u00fchrte zu der Absage. Wir bitten um Verst\u00e4ndnis und hoffen mit Euch, dass die Krise alsbald \u00fcberwunden ist. Am 20. M\u00e4rz &hellip; <a href=\"https:\/\/www.rc03-ilbenstadt.de\/?p=8306\">Weiterlesen <span class=\"meta-nav\">&rarr;<\/span><\/a><\/p>\n","protected":false},"author":9,"featured_media":8311,"comment_status":"open","ping_status":"open","sticky":false,"template":"","format":"standard","meta":{"_crdt_document":"","footnotes":""},"categories":[1],"tags":[],"class_list":["post-8306","post","type-post","status-publish","format-standard","has-post-thumbnail","hentry","category-allgemein"],"_links":{"self":[{"href":"https:\/\/www.rc03-ilbenstadt.de\/index.php?rest_route=\/wp\/v2\/posts\/8306","targetHints":{"allow":["GET"]}}],"collection":[{"href":"https:\/\/www.rc03-ilbenstadt.de\/index.php?rest_route=\/wp\/v2\/posts"}],"about":[{"href":"https:\/\/www.rc03-ilbenstadt.de\/index.php?rest_route=\/wp\/v2\/types\/post"}],"author":[{"embeddable":true,"href":"https:\/\/www.rc03-ilbenstadt.de\/index.php?rest_route=\/wp\/v2\/users\/9"}],"replies":[{"embeddable":true,"href":"https:\/\/www.rc03-ilbenstadt.de\/index.php?rest_route=%2Fwp%2Fv2%2Fcomments&post=8306"}],"version-history":[{"count":5,"href":"https:\/\/www.rc03-ilbenstadt.de\/index.php?rest_route=\/wp\/v2\/posts\/8306\/revisions"}],"predecessor-version":[{"id":8363,"href":"https:\/\/www.rc03-ilbenstadt.de\/index.php?rest_route=\/wp\/v2\/posts\/8306\/revisions\/8363"}],"wp:featuredmedia":[{"embeddable":true,"href":"https:\/\/www.rc03-ilbenstadt.de\/index.php?rest_route=\/wp\/v2\/media\/8311"}],"wp:attachment":[{"href":"https:\/\/www.rc03-ilbenstadt.de\/index.php?rest_route=%2Fwp%2Fv2%2Fmedia&parent=8306"}],"wp:term":[{"taxonomy":"category","embeddable":true,"href":"https:\/\/www.rc03-ilbenstadt.de\/index.php?rest_route=%2Fwp%2Fv2%2Fcategories&post=8306"},{"taxonomy":"post_tag","embeddable":true,"href":"https:\/\/www.rc03-ilbenstadt.de\/index.php?rest_route=%2Fwp%2Fv2%2Ftags&post=8306"}],"curies":[{"name":"wp","href":"https:\/\/api.w.org\/{rel}","templated":true}]}}