{"id":8365,"date":"2020-03-22T08:47:06","date_gmt":"2020-03-22T07:47:06","guid":{"rendered":"https:\/\/www.rc03-ilbenstadt.de\/?p=8365"},"modified":"2020-03-22T11:39:10","modified_gmt":"2020-03-22T10:39:10","slug":"rad-und-countrytourenfahren-rtf-ctf-am-sonntag-dem-22-maerz-2020-abgesagtkein-start-in-den-fruehlingpraktizierter-infektionsschutz-unter-radfahrern","status":"publish","type":"post","link":"https:\/\/www.rc03-ilbenstadt.de\/?p=8365","title":{"rendered":"Rad- und Countrytourenfahren (RTF\/CTF)<br> am Sonntag, dem 22. M\u00e4rz 2020 abgesagt<br><br>KEIN Start in den Fr\u00fchling:<br>Praktizierter Infektionsschutz unter Radfahrern"},"content":{"rendered":"<p><strong>Liebe Mitglieder, <\/strong><br \/>\n<strong>liebe Freundinnen und liebe Freunde des RC 03 Ilbenstadt,<\/strong><\/p>\n<p>eine frische Brise weht bei blauem Himmel und kr\u00e4ftigem Sonnenschein durch die Wetterau. Es tut weh, RTF und CTF f\u00fcr heute abgesagt zu haben. Der Infektionsschutz geht vor. Es w\u00e4re kein verantwortliches Handeln, wenn wir angesichts der t\u00e4glichen Steigerung der Infektionsf\u00e4lle, <!--more-->der Gesundheitsgefahren f\u00fcr Einzelne und der Gefahr einer \u00dcberlastung unseres Gesundheitssystemes uns verweigern w\u00fcrden.<\/p>\n<p>Vor zwei Wochen lagen uns die Genehmigungen zur Durchf\u00fchrung von RTF und CTF vor. Vor dem Hintergrund der aufziehenden Coronakrise haben wir intensiv Organisations- und Arbeitsabl\u00e4ufe gepr\u00fcft und modifiziert. Der Infektionsschutz und die Empfehlungen von RKI und der Bundeszentrale f\u00fcr gesundheitliche Aufl\u00e4rung (BZgA) waren Ma\u00dfstab f\u00fcr Abl\u00e4ufe, die f\u00fcr die spezifischen Verh\u00e4ltnisse einer Radsportveranstaltung erg\u00e4nzt wurden (Auszug):<\/p>\n<ul>\n<li>an Start und Ziel\n<ul>\n<li>Abstandsregeln (Warte-, Sitzbereich, Einschreibung scan&amp;bike)<\/li>\n<li>Hygienehinweise<\/li>\n<li>Trageverbot f\u00fcr Radlerhandschuhe<\/li>\n<li>Ausgabe von Milch und Zucker an der Kuchentheke in Einzelpackungen<\/li>\n<\/ul>\n<\/li>\n<li>an den Servicepunkten (Kontrollstellen)\n<ul>\n<li>Waschwasser, Seife und Desinfektionsmittel f\u00fcr das Servicepersonal (= mehrj\u00e4hriger Standard)<\/li>\n<li>Abstandsregeln<\/li>\n<li>Einsatz von ausreichendem Spuckschutz bei Getr\u00e4nke- und Lebensmittelausgabe<\/li>\n<li>Keine Selbstbedienung an Getr\u00e4nkekanistern<\/li>\n<li>Getr\u00e4nkeausgabe in Einwegbechern<\/li>\n<li>Keine Selbstbedienung bei Obst, Geb\u00e4ck und Riegeln<\/li>\n<\/ul>\n<\/li>\n<li>auf dem Rad\n<ul>\n<li>Abstandsregeln<br \/>\n1,5 m Abstand sind nicht auf die Begegnung fahrender Radfahrer anwendbar.<br \/>\nFahrtwind, Verwirbelungen der Luft, sind zum Beispiel Parameter, die virenbelastete Tr\u00f6pfchen erheblich l\u00e4nger und weiter in der Schwebe halten k\u00f6nnen.<\/li>\n<li>Kein Niesen, Schn\u00e4uzen oder Spucken auf dem Rad, auch wenn der Abstand zu Neben- oder Hinterleuten subjektiv gro\u00df genug scheint.<\/li>\n<li>Umsichtiges, vorausschauendes Fahren zur Minimierung von Unf\u00e4llen und St\u00fcrzen.<br \/>\nDie Ressourcen unserer Gesundheitssysteme sollen nicht zus\u00e4tzlich belastet werden, um auch im Scheitelpunkt der Welle viruserkrankter Personen leistungsf\u00e4hig bleiben zu k\u00f6nnen.<br \/>\nNebenbei: Im Umfeld von Gesundheitseinrichtung wird sich die Ansteckungsgefahr mit dem Virus nicht verringern &#8230;<\/li>\n<\/ul>\n<\/li>\n<\/ul>\n<p>Mit diesem Paket, verbunden mit der Tatsache, dass nie alle Teilnehmer an einem Ort dicht in Kontakt geraten, die Veranstaltung \u00fcberwiegend an der frischen Luft stattfindet, wir einen 100%-igen Teilnehmer- und Helfernachweis f\u00fchren, gab es auch gr\u00fcnes Licht vom Gesundheitsamt des Wetteraukreises.<br \/>\nIm Lichte von Veranstaltungsabsagen in unserem n\u00e4heren und weiteren Umfeld, dem sicheren Wissen, dass unsere Vorsorge zum Infektionsschutz durch Uneinsichtige unterlaufen werden kann, entschlossen wir uns dann am 12. M\u00e4rz zur Absage unserer Veranstaltungen und setzten diese am 13. M\u00e4rz \u00f6ffentlich um. Die folgenden laufenden Versch\u00e4rfungen zum Infektionsschutz infolge des aggressiven Virus und dem noch eingeschr\u00e4nkten Gefahrenbewusstseins von gro\u00dfen Bev\u00f6lkerungsteilen, h\u00e4tten zwangsl\u00e4ufig auch zur Veranstaltungsabsage gef\u00fchrt.<\/p>\n<p>Wir haben uns als Veranstalter mit der Materie sehr schwer getan und h\u00e4tten uns seitens der Beh\u00f6rden und Verb\u00e4nde mehr Unterst\u00fctzung gew\u00fcnscht. Im Nachgang zur Veranstaltungsvorbereitung k\u00f6nnen wir auch einige Emotionen beiseite lassen und bitten diejenigen um Entschuldigung, die wir in der R\u00fcckschau etwas hart angegangen sind. Wir waren nicht die einzigen, die sich in dieser dynamischen Lage erst Orientierung verschaffen mussten.<\/p>\n<p>Wir danken all unseren Helferinnen und Helfern f\u00fcr den Einsatz in der Veranstaltungsvorbereitung, den Beh\u00f6rden, Hessen Forst und der Rentkammer des Grafen zu Solms-R\u00f6delheim und Assenheim f\u00fcr das Vorantreiben der Genehmigungen trotz nahender Virend\u00e4mmerung. Es h\u00e4tte gut gehen k\u00f6nnen, das heutige Wetter w\u00e4re ein Garant gewesen. Lasst uns der Gelegenheit nicht nachtrauern. Arbeiten wir am Infektionsschutz, arbeiten wir an unserer Gesundheit! Daf\u00fcr sitzen wir in der Zukunft wieder im Sattel unserer R\u00e4der und haben Spa\u00df!<\/p>\n<p>Nutzt das gute Wetter zu einer (Einzel-)Ausfahrt. Sollte das Ausgehverbot kommen, hindert Euch niemand den Arbeitsplatz oder andere, notwendig zu erreichende Ziele, unter Nutzung unseres bevorzugten Sportger\u00e4tes zu erreichen. Fahrt vorsichtig!<\/p>\n<p>F\u00fcr den Vorstand<\/p>\n<p>Wilhelm Schr\u00f6der<br \/>\n<span style=\"font-size: 12px;\">Gesch\u00e4ftsf\u00fchrer<\/span><br \/>\n<span style=\"font-size: 12px;\">Fachbereichsleiter Kommunikation und Sport (RTF\/CTF)<\/span><\/p>\n<p><strong><span style=\"font-size: 12px;\">Bildnachweis:<\/span><\/strong><br \/>\n<strong><span style=\"font-size: 12px;\">Stop Corona &#8211; \u00a9ville\/stock.adobe.com<\/span><\/strong><\/p>\n","protected":false},"excerpt":{"rendered":"<p>Liebe Mitglieder, liebe Freundinnen und liebe Freunde des RC 03 Ilbenstadt, eine frische Brise weht bei blauem Himmel und kr\u00e4ftigem Sonnenschein durch die Wetterau. Es tut weh, RTF und CTF f\u00fcr heute abgesagt zu haben. Der Infektionsschutz geht vor. Es &hellip; <a href=\"https:\/\/www.rc03-ilbenstadt.de\/?p=8365\">Weiterlesen <span class=\"meta-nav\">&rarr;<\/span><\/a><\/p>\n","protected":false},"author":9,"featured_media":8370,"comment_status":"closed","ping_status":"open","sticky":false,"template":"","format":"standard","meta":{"_crdt_document":"","footnotes":""},"categories":[1],"tags":[],"class_list":["post-8365","post","type-post","status-publish","format-standard","has-post-thumbnail","hentry","category-allgemein"],"_links":{"self":[{"href":"https:\/\/www.rc03-ilbenstadt.de\/index.php?rest_route=\/wp\/v2\/posts\/8365","targetHints":{"allow":["GET"]}}],"collection":[{"href":"https:\/\/www.rc03-ilbenstadt.de\/index.php?rest_route=\/wp\/v2\/posts"}],"about":[{"href":"https:\/\/www.rc03-ilbenstadt.de\/index.php?rest_route=\/wp\/v2\/types\/post"}],"author":[{"embeddable":true,"href":"https:\/\/www.rc03-ilbenstadt.de\/index.php?rest_route=\/wp\/v2\/users\/9"}],"replies":[{"embeddable":true,"href":"https:\/\/www.rc03-ilbenstadt.de\/index.php?rest_route=%2Fwp%2Fv2%2Fcomments&post=8365"}],"version-history":[{"count":6,"href":"https:\/\/www.rc03-ilbenstadt.de\/index.php?rest_route=\/wp\/v2\/posts\/8365\/revisions"}],"predecessor-version":[{"id":8387,"href":"https:\/\/www.rc03-ilbenstadt.de\/index.php?rest_route=\/wp\/v2\/posts\/8365\/revisions\/8387"}],"wp:featuredmedia":[{"embeddable":true,"href":"https:\/\/www.rc03-ilbenstadt.de\/index.php?rest_route=\/wp\/v2\/media\/8370"}],"wp:attachment":[{"href":"https:\/\/www.rc03-ilbenstadt.de\/index.php?rest_route=%2Fwp%2Fv2%2Fmedia&parent=8365"}],"wp:term":[{"taxonomy":"category","embeddable":true,"href":"https:\/\/www.rc03-ilbenstadt.de\/index.php?rest_route=%2Fwp%2Fv2%2Fcategories&post=8365"},{"taxonomy":"post_tag","embeddable":true,"href":"https:\/\/www.rc03-ilbenstadt.de\/index.php?rest_route=%2Fwp%2Fv2%2Ftags&post=8365"}],"curies":[{"name":"wp","href":"https:\/\/api.w.org\/{rel}","templated":true}]}}