{"id":841,"date":"2011-03-17T11:15:39","date_gmt":"2011-03-17T10:15:39","guid":{"rendered":"http:\/\/www.rc03-ilbenstadt.de\/?p=841"},"modified":"2012-08-15T10:22:19","modified_gmt":"2012-08-15T08:22:19","slug":"saisonstart-in-schluchtern-am-13-03-2011","status":"publish","type":"post","link":"https:\/\/www.rc03-ilbenstadt.de\/?p=841","title":{"rendered":"Saisonstart in Schl\u00fcchtern am 13.03.2011"},"content":{"rendered":"<p>Beim Saisonstart in Schl\u00fcchtern waren wir leider nur eine sehr kleine Mannschaft von 12 Teilnehmern. Wir konnten dadurch nur den 3. Platz belegen und als Auszeichnung einen Radfahrer auf Sockel in Empfang nehmen. Ich hoffe, dass wir am Sonntag in Niederdorfelden wieder eine gr\u00f6\u00dfere Mannschaft melden k\u00f6nnen.<br \/>\nMeldeschlu\u00df ist verl\u00e4ngert auf den 17.03.2011. 20.00 Uhr<\/p>\n","protected":false},"excerpt":{"rendered":"<p>Beim Saisonstart in Schl\u00fcchtern waren wir leider nur eine sehr kleine Mannschaft von 12 Teilnehmern. Wir konnten dadurch nur den 3. Platz belegen und als Auszeichnung einen Radfahrer auf Sockel in Empfang nehmen. Ich hoffe, dass wir am Sonntag in &hellip; <a href=\"https:\/\/www.rc03-ilbenstadt.de\/?p=841\">Weiterlesen <span class=\"meta-nav\">&rarr;<\/span><\/a><\/p>\n","protected":false},"author":9,"featured_media":0,"comment_status":"closed","ping_status":"closed","sticky":false,"template":"","format":"standard","meta":{"_crdt_document":"","footnotes":""},"categories":[1],"tags":[],"class_list":["post-841","post","type-post","status-publish","format-standard","hentry","category-allgemein"],"_links":{"self":[{"href":"https:\/\/www.rc03-ilbenstadt.de\/index.php?rest_route=\/wp\/v2\/posts\/841","targetHints":{"allow":["GET"]}}],"collection":[{"href":"https:\/\/www.rc03-ilbenstadt.de\/index.php?rest_route=\/wp\/v2\/posts"}],"about":[{"href":"https:\/\/www.rc03-ilbenstadt.de\/index.php?rest_route=\/wp\/v2\/types\/post"}],"author":[{"embeddable":true,"href":"https:\/\/www.rc03-ilbenstadt.de\/index.php?rest_route=\/wp\/v2\/users\/9"}],"replies":[{"embeddable":true,"href":"https:\/\/www.rc03-ilbenstadt.de\/index.php?rest_route=%2Fwp%2Fv2%2Fcomments&post=841"}],"version-history":[{"count":0,"href":"https:\/\/www.rc03-ilbenstadt.de\/index.php?rest_route=\/wp\/v2\/posts\/841\/revisions"}],"wp:attachment":[{"href":"https:\/\/www.rc03-ilbenstadt.de\/index.php?rest_route=%2Fwp%2Fv2%2Fmedia&parent=841"}],"wp:term":[{"taxonomy":"category","embeddable":true,"href":"https:\/\/www.rc03-ilbenstadt.de\/index.php?rest_route=%2Fwp%2Fv2%2Fcategories&post=841"},{"taxonomy":"post_tag","embeddable":true,"href":"https:\/\/www.rc03-ilbenstadt.de\/index.php?rest_route=%2Fwp%2Fv2%2Ftags&post=841"}],"curies":[{"name":"wp","href":"https:\/\/api.w.org\/{rel}","templated":true}]}}