{"id":846,"date":"2011-03-20T18:34:46","date_gmt":"2011-03-20T17:34:46","guid":{"rendered":"http:\/\/www.rc03-ilbenstadt.de\/?p=846"},"modified":"2012-08-15T10:21:50","modified_gmt":"2012-08-15T08:21:50","slug":"rtf-niederdorfelden-2","status":"publish","type":"post","link":"https:\/\/www.rc03-ilbenstadt.de\/?p=846","title":{"rendered":"RTF Niederdorfelden am 20.03.2011"},"content":{"rendered":"<p>Bei sch\u00f6nstem Sonnenschein, aber eisiger K\u00e4lte startete heute die RTF in Niederdorfelden an der Struwelpeter Schule. Es wurde ein wundersch\u00f6ner Radfahrsonntag bei den Sprintern. Mit 24 Fahrern konnten wir den 1. Platz belegen und einen neuen Wanderpokal in Empfang nehmen. Den Wanderpokal werden wir selbstverst\u00e4ndlich im n\u00e4chsten Jahr verteidigen. Wir hoffen nun, dass der Wettergott f\u00fcr unsere RTF am n\u00e4chsten Sonntag auch so einen sonnigen Sonntag bereith\u00e4lt.<\/p>\n","protected":false},"excerpt":{"rendered":"<p>Bei sch\u00f6nstem Sonnenschein, aber eisiger K\u00e4lte startete heute die RTF in Niederdorfelden an der Struwelpeter Schule. Es wurde ein wundersch\u00f6ner Radfahrsonntag bei den Sprintern. Mit 24 Fahrern konnten wir den 1. Platz belegen und einen neuen Wanderpokal in Empfang nehmen. &hellip; <a href=\"https:\/\/www.rc03-ilbenstadt.de\/?p=846\">Weiterlesen <span class=\"meta-nav\">&rarr;<\/span><\/a><\/p>\n","protected":false},"author":9,"featured_media":0,"comment_status":"closed","ping_status":"closed","sticky":false,"template":"","format":"standard","meta":{"_crdt_document":"","footnotes":""},"categories":[1],"tags":[],"class_list":["post-846","post","type-post","status-publish","format-standard","hentry","category-allgemein"],"_links":{"self":[{"href":"https:\/\/www.rc03-ilbenstadt.de\/index.php?rest_route=\/wp\/v2\/posts\/846","targetHints":{"allow":["GET"]}}],"collection":[{"href":"https:\/\/www.rc03-ilbenstadt.de\/index.php?rest_route=\/wp\/v2\/posts"}],"about":[{"href":"https:\/\/www.rc03-ilbenstadt.de\/index.php?rest_route=\/wp\/v2\/types\/post"}],"author":[{"embeddable":true,"href":"https:\/\/www.rc03-ilbenstadt.de\/index.php?rest_route=\/wp\/v2\/users\/9"}],"replies":[{"embeddable":true,"href":"https:\/\/www.rc03-ilbenstadt.de\/index.php?rest_route=%2Fwp%2Fv2%2Fcomments&post=846"}],"version-history":[{"count":0,"href":"https:\/\/www.rc03-ilbenstadt.de\/index.php?rest_route=\/wp\/v2\/posts\/846\/revisions"}],"wp:attachment":[{"href":"https:\/\/www.rc03-ilbenstadt.de\/index.php?rest_route=%2Fwp%2Fv2%2Fmedia&parent=846"}],"wp:term":[{"taxonomy":"category","embeddable":true,"href":"https:\/\/www.rc03-ilbenstadt.de\/index.php?rest_route=%2Fwp%2Fv2%2Fcategories&post=846"},{"taxonomy":"post_tag","embeddable":true,"href":"https:\/\/www.rc03-ilbenstadt.de\/index.php?rest_route=%2Fwp%2Fv2%2Ftags&post=846"}],"curies":[{"name":"wp","href":"https:\/\/api.w.org\/{rel}","templated":true}]}}