{"id":853,"date":"2011-03-26T20:47:07","date_gmt":"2011-03-26T19:47:07","guid":{"rendered":"http:\/\/www.rc03-ilbenstadt.de\/?p=853"},"modified":"2012-08-15T10:21:26","modified_gmt":"2012-08-15T08:21:26","slug":"endlich-rtf-in-ilbenstadt","status":"publish","type":"post","link":"https:\/\/www.rc03-ilbenstadt.de\/?p=853","title":{"rendered":"Endlich! RTF in Ilbenstadt"},"content":{"rendered":"<p>Morgen fr\u00fch (27.03.2011) geht es ab 08:00 Uhr los. Der Wetterbericht k\u00fcndet von gutem Radfahrwetter mit Sonne, Wolken und Temperaturen \u00fcberhalb von 10\u00b0 Celsius. Unser Fachwart Werner Gundlach hat mit seinen Helferinnen und Helfern die Strecke ausgeschildert, Kontrollstellen vorbereitet und die Servicefahrzeuge bereitgestellt. Letzte Arbeiten werden kurz vor dem Start erledigt und die Strecke wird p\u00fcnktlich freigegeben. F\u00fcr die Organisation am Start und Ziel zeichnet unser zweiter Vorsitzender Peter Volk verantwortlich, der mit seinen Helferinnen und Helfern aus dem Feuerwehrst\u00fctzpunkt einen Bereich gestaltet hat, der uns die Annehmlichkeiten und organisatorischen Abl\u00e4ufe bietet, die vor und nach\u00a0 dem Radfahren wichtig sind. F\u00fcr das leibliche Wohl ist gesorgt; die Kaffeezubereitung wird zu den ersten T\u00e4tigkeiten an der Kuchen- und Imbisstheke geh\u00f6ren.<\/p>\n<p>Beachten Sie bitte, dass wir in Niddatal-Ilbenstadt in der M\u00fchlgasse 4a am Feuerwehrger\u00e4tehaus starten. Unser gewohnter Startort steht uns in diesem Fr\u00fchjahr nicht zur Verf\u00fcgung. Am 27.03.2011 erwartet uns die Sommerzeit. Die Uhren werden 1 Stunde <strong>vor <\/strong>gestellt!<\/p>\n<p>Details zu unserer RTF finden Sie unter Veranstaltungen\/Fr\u00fchjahrs-RTF 2011.<\/p>\n<p>Wir erwarten Sie in Ilbenstadt und w\u00fcnschen eine gute und unfallfreie Fahrt.<\/p>\n<p>&nbsp;<\/p>\n<p><a href=\"https:\/\/www.rc03-ilbenstadt.de\/wp-content\/uploads\/2011\/03\/2011-RTF-Vorbereitungen-1e.jpg\" rel=\"lightbox[853]\"><img loading=\"lazy\" decoding=\"async\" class=\"alignleft size-medium wp-image-874\" title=\"2011-RTF-Vorbereitungen-1e\" src=\"https:\/\/www.rc03-ilbenstadt.de\/wp-content\/uploads\/2011\/03\/2011-RTF-Vorbereitungen-1e-300x225.jpg\" alt=\"Mitten in den Vorbereitungen am 26.03.2011\" width=\"300\" height=\"225\" srcset=\"https:\/\/www.rc03-ilbenstadt.de\/wp-content\/uploads\/2011\/03\/2011-RTF-Vorbereitungen-1e-300x225.jpg 300w, https:\/\/www.rc03-ilbenstadt.de\/wp-content\/uploads\/2011\/03\/2011-RTF-Vorbereitungen-1e.jpg 1024w\" sizes=\"auto, (max-width: 300px) 100vw, 300px\" \/><\/a> Mitten in den Vorbereitungen<br \/>\nam 26.03.2011<\/p>\n","protected":false},"excerpt":{"rendered":"<p>Morgen fr\u00fch (27.03.2011) geht es ab 08:00 Uhr los. Der Wetterbericht k\u00fcndet von gutem Radfahrwetter mit Sonne, Wolken und Temperaturen \u00fcberhalb von 10\u00b0 Celsius. Unser Fachwart Werner Gundlach hat mit seinen Helferinnen und Helfern die Strecke ausgeschildert, Kontrollstellen vorbereitet und &hellip; <a href=\"https:\/\/www.rc03-ilbenstadt.de\/?p=853\">Weiterlesen <span class=\"meta-nav\">&rarr;<\/span><\/a><\/p>\n","protected":false},"author":9,"featured_media":0,"comment_status":"closed","ping_status":"closed","sticky":false,"template":"","format":"standard","meta":{"_crdt_document":"","footnotes":""},"categories":[1],"tags":[],"class_list":["post-853","post","type-post","status-publish","format-standard","hentry","category-allgemein"],"_links":{"self":[{"href":"https:\/\/www.rc03-ilbenstadt.de\/index.php?rest_route=\/wp\/v2\/posts\/853","targetHints":{"allow":["GET"]}}],"collection":[{"href":"https:\/\/www.rc03-ilbenstadt.de\/index.php?rest_route=\/wp\/v2\/posts"}],"about":[{"href":"https:\/\/www.rc03-ilbenstadt.de\/index.php?rest_route=\/wp\/v2\/types\/post"}],"author":[{"embeddable":true,"href":"https:\/\/www.rc03-ilbenstadt.de\/index.php?rest_route=\/wp\/v2\/users\/9"}],"replies":[{"embeddable":true,"href":"https:\/\/www.rc03-ilbenstadt.de\/index.php?rest_route=%2Fwp%2Fv2%2Fcomments&post=853"}],"version-history":[{"count":0,"href":"https:\/\/www.rc03-ilbenstadt.de\/index.php?rest_route=\/wp\/v2\/posts\/853\/revisions"}],"wp:attachment":[{"href":"https:\/\/www.rc03-ilbenstadt.de\/index.php?rest_route=%2Fwp%2Fv2%2Fmedia&parent=853"}],"wp:term":[{"taxonomy":"category","embeddable":true,"href":"https:\/\/www.rc03-ilbenstadt.de\/index.php?rest_route=%2Fwp%2Fv2%2Fcategories&post=853"},{"taxonomy":"post_tag","embeddable":true,"href":"https:\/\/www.rc03-ilbenstadt.de\/index.php?rest_route=%2Fwp%2Fv2%2Ftags&post=853"}],"curies":[{"name":"wp","href":"https:\/\/api.w.org\/{rel}","templated":true}]}}