{"id":8560,"date":"2020-05-18T17:20:00","date_gmt":"2020-05-18T15:20:00","guid":{"rendered":"https:\/\/www.rc03-ilbenstadt.de\/?p=8560"},"modified":"2020-05-26T01:49:01","modified_gmt":"2020-05-25T23:49:01","slug":"ilbenstaedter-radtourenradwanderungdurch-die-noerdliche-wetterau-und-taunusrandam-mittwoch-den-20-mai-2020","status":"publish","type":"post","link":"https:\/\/www.rc03-ilbenstadt.de\/?p=8560","title":{"rendered":"Ilbenst\u00e4dter Radtouren<br>Radwanderung<br>durch die n\u00f6rdliche Wetterau und Taunusrand<br><br>am Mittwoch, den 20. Mai 2020"},"content":{"rendered":"<p><span style=\"color: #ff0000;\">Update:<br \/>\nDie Radwanderung ist zwar schon durchgef\u00fchrt, aber uns erreichen immer noch Anfragen zur Gruppengr\u00f6\u00dfe. Nach intensiver Beurteilung der rechtlichen Lage ist diese auf 10 Teilnehmer festgelegt worden. Siehe unten.<\/span><\/p>\n<p><strong>Liebe Mitglieder und Freunde des RC 03 Ilbenstadt,<\/strong><\/p>\n<p>wir mussten lange dem Coronavirus trotzen. Den jetzt erhaltenen Freiraum, der noch durch eine Reihe von Einschr\u00e4nkungen gepr\u00e4gt ist, haben wir durch diszipliniertes Verhalten im Vorfeld im wahrsten Sinne des Wortes erk\u00e4mpft. Wir k\u00f6nnen als Verein wieder aktiv auftreten und wollen <!--more-->unter Beachtung der Hygiene- und Abstandsregeln einen ersten Schritt zur gemeinsamen Sportaus\u00fcbung setzen. Unser Radwanderfachwart Erwin Loscher nimmt die Gestaltung der kleinen wiedergewonnenen Freiheit in die Hand und l\u00e4dt zu einer Radwanderung<br \/>\n<span id=\"more-8059\"><\/span><\/p>\n<p><strong>am Mittwoch, dem 20. Mai 2020 <\/strong><br \/>\n<strong>um 10:00 Uhr am B\u00fcrgerhaus in Assenheim<\/strong><br \/>\n<strong>oder <\/strong><br \/>\n<strong>um 10:10 Uhr am 2. Startort, der Ilbenst\u00e4dter Niddabr\u00fccke,<\/strong><\/p>\n<p>ein. Er hat gleich Gro\u00dfes vor und m\u00f6chte mit Euch die n\u00f6rdliche Wetterau unter die R\u00e4der nehmen. Weil das Ganze ohne die Mitnahme einiger &#8222;Bodenwellen&#8220; nur halb so viel Freude macht, hat er noch St\u00fccke der Taunusausl\u00e4ufer zwischen der Gemarkung bei Ockstadt bis hin nach Butzbach-Fauerbach eingeplant. Von dort geht es \u00fcber Nieder-Weisel und Rockenberg zur M\u00fcnzenburg. Sie ist bereits weithin zu sehen, zu jeder Zeit ein lohnendes Ziel, das sich aus der sonnendurchfluteten Flur erhebt. Ja, es ist richtig: Gutes Wetter ist bestellt!<br \/>\nVon dort aus geht es \u00fcber die R\u00f6merstra\u00dfe nach S\u00f6del und Melbach. Wenn der Bergwerksee hinter Weckesheim umrundet ist, lassen wir es bis Assenheim rollen. Rund 65 Kilometer sind zu bew\u00e4ltigen, Kraft und Ausdauer z\u00e4hlen. Erwin wird es moderat angehen.<\/p>\n<p>Diesem <a href=\"http:\/\/umap.openstreetmap.fr\/de\/map\/rc03-ilbenstadt-rw-200520-taunus-wetteraurunde_459453#11\/50.3698\/8.7199\" target=\"_blank\" rel=\"noopener noreferrer\">Link zur Strecke<\/a> mit Downloadm\u00f6glichkeit der GPX-Datei (Kreissymbol mit Winkel) folgen.<\/p>\n<p><strong>Zu guter Letzt m\u00fcssen einige Regeln und Hinweise sein:<\/strong><\/p>\n<ul>\n<li>Seid Ihr Angeh\u00f6rige einer Rsikiogruppe?<br \/>\nDazu z\u00e4hlen alle ab dem 50. Lebensjahr. Jedes Lebensjahrzehnt mehr, erh\u00f6ht das Risiko, dass eine COVID-19-Erkrankung einen schweren Verlauf nimmt. Auch Vorerkrankungen am Herzkreislaufsystem, Lungen-, Leber- und Krebserkrankungen sowie jede andere Krankheit, die das Immunsystem schw\u00e4cht, sind risikobehaftet. Dies ist alles auf der Seite des <a href=\"https:\/\/www.rki.de\/DE\/Content\/InfAZ\/N\/Neuartiges_Coronavirus\/Steckbrief.html#doc13776792bodyText3\" target=\"_blank\" rel=\"noopener noreferrer\">Robert-Koch-Institutes<\/a> nachzulesen.<br \/>\nWenn Ihr Euch f\u00fcr die Radwanderung entscheidet, freuen wir uns, haben aber auch Verst\u00e4ndnis, wenn Ihr die Tour alleine unter die R\u00e4der nehmt. Gerne unterst\u00fctzen wir Euch bei Vorbereitung und Durchf\u00fchrung.<\/li>\n<li>Keine Teilnahme an der Radwanderung bei Krankheitsanzeichen (Husten, Schnupfen, Fieber).<\/li>\n<li>Hygieneregeln beachten<br \/>\n&#8211; Abstand halten, gute H\u00e4ndehygiene, Hustenetikette einhalten<br \/>\n&#8211; Kein Spucken, kein Sch\u00e4uzen auf dem Rad!<\/li>\n<li>Ein Mund-\/Nasenschutz ist nicht erforderlich, sollte aber mitgef\u00fchrt werden.<br \/>\nSelbstverst\u00e4ndlich kann er auch w\u00e4hrend der Tour getragen werden.<\/li>\n<li>Wir m\u00fcssen einen Teilnehmernachweis f\u00fchren, der die telefonische Erreichbarkeit mit einschlie\u00dft.<br \/>\nIm Falle eines Infektionsgeschehens, kann so die Infektionskette schnell nachverfolgt und unterbrochen werden.<\/li>\n<li>\u00a0Vor dem Start erfolgt eine Gruppeneinteilung, um die Einhaltung der Abst\u00e4nde sicher zu stellen.<br \/>\n<span style=\"color: #ff0000;\">Die maximale Gruppengr\u00f6\u00dfe wird auf 10 Teilnehmer begrenzt.<br \/>\n<\/span><span style=\"color: #ff0000;\">Dazu gilt:<\/span><\/p>\n<ul>\n<li><span style=\"color: #ff0000;\">Wird die Gruppengr\u00f6\u00dfe ausgesch\u00f6pft, muss neben dem Gruppenleiter eine Unterst\u00fctzungskraft eingesetzt werden, die in einer Mittelposition die Abstandsregeln im hinteren Teil der Gruppe organisiert\/durchsetzt.<\/span><\/li>\n<li><span style=\"color: #ff0000;\">Wird die Gruppengr\u00f6\u00dfe \u00fcberstiegen, ist die Gruppe zu teilen und mit zeitlichem Abstand auf die Strecke zu schicken<\/span>.<\/li>\n<\/ul>\n<\/li>\n<li>\u00a0Die Abst\u00e4nde betragen im Stand 2 Meter von Person zu Person. W\u00e4hrend des Fahrens variert er. Dies ist abh\u00e4ngig von der Geschwindigkeit, der Windst\u00e4rke und -richtung.<br \/>\nAnhalt: Bei 15 km\/h liegt der Abstand bei 11 m, bei 30 km\/h bei 20 m. N\u00e4heres bitte ich dem <a href=\"https:\/\/www.rc03-ilbenstadt.de\/?p=8534\" target=\"_blank\" rel=\"noopener noreferrer\">Corona-Update<\/a> auf unserer Internetseite zu entnehmen.<\/li>\n<\/ul>\n<ul>\n<li>Die gesetzlichen Grundlagen, die auch die Verbandsregeln einschlie\u00dfen, werden der Vollst\u00e4ndigkeithalber beigef\u00fcgt:\n<ul>\n<li><a href=\"https:\/\/www.rc03-ilbenstadt.de\/wp-content\/uploads\/2020\/05\/DOSB-200518_ZehnLeitplanken.pdf\" target=\"_blank\" rel=\"noopener noreferrer\">10 Leitplanken des DOSB<\/a><\/li>\n<li><a href=\"https:\/\/www.rad-net.de\/ajax.aspx\/content\/44d677fb-2b4a-4505-90be-c13f12c8ae3d.html\" target=\"_blank\" rel=\"noopener noreferrer\">\u00dcbergangsregeln des BDR f\u00fcr verantwortungsvolles Sporttreiben<\/a><\/li>\n<li><a href=\"https:\/\/www.rc03-ilbenstadt.de\/wp-content\/uploads\/2020\/05\/NEU-200513-corona_sonderregelung_breitensport_schaubild_v3.pdf\" target=\"_blank\" rel=\"noopener noreferrer\">Schaubild \u201e\u00dcbergangsregeln Breitensport NEU \u2013 13.05.2020\u201c<\/a><\/li>\n<li><a href=\"https:\/\/www.hessen.de\/sites\/default\/files\/media\/leseafassung_cokobev.pdf\" target=\"_blank\" rel=\"noopener noreferrer\">Corona-Kontakt und Betriebsbeschr\u00e4nkungsverordnung vom 7. Mai 2020<\/a><\/li>\n<li><a href=\"https:\/\/wirtschaft.hessen.de\/wirtschaft\/corona-info\/was-ist-wieder-erlaubt-was-nicht\">Auslegungshinweise des HMWEVW vom 9. Mai 2020 zur Corona-Kontakt und Betriebsbeschr\u00e4nkungsverordnung<\/a><\/li>\n<li><a href=\"https:\/\/www.rc03-ilbenstadt.de\/wp-content\/uploads\/2020\/05\/Erlass_Corona-Kontakt-_und_Betriebsbeschraenkungsverordnung_8_Mai.pdf\" target=\"_blank\" rel=\"noopener noreferrer\">Erlass Corona-Kontakt- und Betriebsbeschr\u00e4nkungsverordnung vom 8.Mai 2020<\/a> (Sportaus\u00fcbung!)<\/li>\n<li>VBG &#8211; Gesetzliche Unfallversicherung:<br \/>\n<a href=\"https:\/\/www.rc03-ilbenstadt.de\/wp-content\/uploads\/2020\/05\/sars-cov-2-arbeitsschutzstandard_-_empfehlungen_fuer_sportvereine.pdf\" target=\"_blank\" rel=\"noopener noreferrer\">Empfehlungen SARS-VoB-2-Arbeitsdschutzstandard f\u00fcr Sportvereine<\/a><\/li>\n<\/ul>\n<\/li>\n<\/ul>\n<p>Wir freuen uns auf eine rege Teilnahme und appellieren an Euch mit uns in die vorsichtige \u00d6ffnung des Vereinssportes diszipliniert und verantwortlich f\u00fcr Euch selbst <strong>und<\/strong> Eure Mitfahrer einzutreten.<br \/>\nErwin Loscher ist f\u00fcr R\u00fcckfragen unter der Telefonnummer 01512 02 30 745 erreichbar.<\/p>\n<p>F\u00fcr das Radwanderteam<\/p>\n<p>Wilhelm Schr\u00f6der<br \/>\nFachbereichsleiter Kommunikation und Sport (RTF\/CTF)<\/p>\n","protected":false},"excerpt":{"rendered":"<p>Update: Die Radwanderung ist zwar schon durchgef\u00fchrt, aber uns erreichen immer noch Anfragen zur Gruppengr\u00f6\u00dfe. Nach intensiver Beurteilung der rechtlichen Lage ist diese auf 10 Teilnehmer festgelegt worden. Siehe unten. Liebe Mitglieder und Freunde des RC 03 Ilbenstadt, wir mussten &hellip; <a href=\"https:\/\/www.rc03-ilbenstadt.de\/?p=8560\">Weiterlesen <span class=\"meta-nav\">&rarr;<\/span><\/a><\/p>\n","protected":false},"author":9,"featured_media":4738,"comment_status":"open","ping_status":"open","sticky":false,"template":"","format":"standard","meta":{"_crdt_document":"","footnotes":""},"categories":[1],"tags":[],"class_list":["post-8560","post","type-post","status-publish","format-standard","has-post-thumbnail","hentry","category-allgemein"],"_links":{"self":[{"href":"https:\/\/www.rc03-ilbenstadt.de\/index.php?rest_route=\/wp\/v2\/posts\/8560","targetHints":{"allow":["GET"]}}],"collection":[{"href":"https:\/\/www.rc03-ilbenstadt.de\/index.php?rest_route=\/wp\/v2\/posts"}],"about":[{"href":"https:\/\/www.rc03-ilbenstadt.de\/index.php?rest_route=\/wp\/v2\/types\/post"}],"author":[{"embeddable":true,"href":"https:\/\/www.rc03-ilbenstadt.de\/index.php?rest_route=\/wp\/v2\/users\/9"}],"replies":[{"embeddable":true,"href":"https:\/\/www.rc03-ilbenstadt.de\/index.php?rest_route=%2Fwp%2Fv2%2Fcomments&post=8560"}],"version-history":[{"count":5,"href":"https:\/\/www.rc03-ilbenstadt.de\/index.php?rest_route=\/wp\/v2\/posts\/8560\/revisions"}],"predecessor-version":[{"id":8678,"href":"https:\/\/www.rc03-ilbenstadt.de\/index.php?rest_route=\/wp\/v2\/posts\/8560\/revisions\/8678"}],"wp:featuredmedia":[{"embeddable":true,"href":"https:\/\/www.rc03-ilbenstadt.de\/index.php?rest_route=\/wp\/v2\/media\/4738"}],"wp:attachment":[{"href":"https:\/\/www.rc03-ilbenstadt.de\/index.php?rest_route=%2Fwp%2Fv2%2Fmedia&parent=8560"}],"wp:term":[{"taxonomy":"category","embeddable":true,"href":"https:\/\/www.rc03-ilbenstadt.de\/index.php?rest_route=%2Fwp%2Fv2%2Fcategories&post=8560"},{"taxonomy":"post_tag","embeddable":true,"href":"https:\/\/www.rc03-ilbenstadt.de\/index.php?rest_route=%2Fwp%2Fv2%2Ftags&post=8560"}],"curies":[{"name":"wp","href":"https:\/\/api.w.org\/{rel}","templated":true}]}}