{"id":8673,"date":"2020-05-26T01:41:51","date_gmt":"2020-05-25T23:41:51","guid":{"rendered":"https:\/\/www.rc03-ilbenstadt.de\/?p=8673"},"modified":"2020-06-09T14:19:41","modified_gmt":"2020-06-09T12:19:41","slug":"ilbenstaedter-radtourenradwanderung-von-assenheim-nach-muenzenbergrundtouram-mittwoch-den-27-mai-2020","status":"publish","type":"post","link":"https:\/\/www.rc03-ilbenstadt.de\/?p=8673","title":{"rendered":"Ilbenst\u00e4dter Radtouren<br>Radwanderung von Assenheim nach M\u00fcnzenberg<br>(Rundtour)<br><br>am Mittwoch, den 27. Mai 2020<br>"},"content":{"rendered":"<p><strong>Liebe Mitglieder und Freunde des RC 03 Ilbenstadt,<\/strong><\/p>\n<p>Unerschrocken geht unser Radwanderfachwart Erwin Loscher auch unter den nicht einfachen Bedingungen der geltenden Kontakt- und Sportaus\u00fcbungsbeschr\u00e4nkungen die n\u00e4chste Radwanderung an. M\u00fcnzenberg ist das neue Ziel. Dazu laden wir herzlich zum Start am<\/p>\n<p><strong>Mittwoch, den 27. Mai 2020<\/strong><br \/>\n<strong>um 10:00 Uhr am B\u00fcrgerhaus in Assenheim<br \/>\noder<br \/>\num 10:45 Uhr am Beienheimer Kreisel (Dorheimer-\/Melbacher Stra\u00dfe)<br \/>\n<\/strong><\/p>\n<p>ein. Die <a href=\"https:\/\/www.rc03-ilbenstadt.de\/?page_id=8677\" target=\"_blank\" rel=\"noopener noreferrer\">Hygiene- und Abstandsregeln<\/a>, abgestimmt f\u00fcr <!--more-->das Radwandern, des RC 03 Ilbenstadt sind vorab zur Kenntnis zu nehmen und am Veranstaltungstag strikt einzuhalten. Unn\u00f6tige Risiken auf Kosten der Gesundheit werden nicht eingegangen.<\/p>\n<p>Es erwartet uns <span id=\"more-7635\"><\/span> am Mittwoch ein sonniger Tag, der niederschlagsfrei blieben wird, auch wenn sich mal die ein oder andere Wolke zeigt. Die Strecke hat eine L\u00e4nge von etwa 58 Kilometern. Sie ist weitgehend eben und f\u00fchrt wie immer \u00fcber Rad-, Feld- und Forstwege. Ortsdurchfahrten geh\u00f6ren hier zu den seltenen Ereignissen. Abwechslungsreich ist diese Tour, f\u00fchrt sie doch durch die moderate H\u00fcgellandschaft der Wetterau. Die Rapsfelder haben das leuchtende Gelb verloren, die gr\u00fcnen Fr\u00fcchte streben der Reife entgegen. Weithin f\u00e4llt sattes Gr\u00fcn in Auge, wieder eine der vielen Facetten, die uns die Wetterau im Wechsel der Jahreszeiten bietet. Einige baumbestandene Bereiche, deren Schatten oft willkommen ist, liegen auf unserem Weg, doch noch fehlt die Sommerhitze, um sich nach Schatten zu sehnen.<br \/>\nUnterwegs, zwischen M\u00fcnzenberg, den Seen und Echzell wird eingekehrt um Kaffee, Eis oder k\u00fchle Getr\u00e4nke zu sich zu nehmen. Also den Nasen- und Mundschutz nicht vergessen!<br \/>\nDer Streckenplan ist unten beigef\u00fcgt.<\/p>\n<p>Wir freuen uns auf eine rege Teilnahme.<br \/>\nErwin Loscher ist f\u00fcr R\u00fcckfragen unter der Telefonnummer 01512 02 30 745 erreichbar.<\/p>\n<p>F\u00fcr das Radwanderteam<\/p>\n<p>Wilhelm Schr\u00f6der<br \/>\nFachbereichsleiter \u00d6ffentlichkeitsarbeit und Sport (RTF\/CTF)<\/p>\n<p><a href=\"http:\/\/umap.openstreetmap.fr\/de\/map\/rc03_ilbenstadt_rw-200527-assenheim-munzenberg_462491\" target=\"_blank\" rel=\"noopener noreferrer\"><strong>Zur Strecke Niddatal-Assenheim nach M\u00fcnzenberg und zur\u00fcck<br \/>\n(Vollbildanzeige):<\/strong><\/a><br \/>\n<iframe loading=\"lazy\" src=\"\/\/umap.openstreetmap.fr\/de\/map\/rc03_ilbenstadt_rw-200527-assenheim-munzenberg_462491?scaleControl=true&amp;miniMap=false&amp;scrollWheelZoom=true&amp;zoomControl=true&amp;allowEdit=false&amp;moreControl=true&amp;searchControl=true&amp;tilelayersControl=null&amp;embedControl=null&amp;datalayersControl=true&amp;onLoadPanel=undefined&amp;captionBar=false&amp;fullscreenControl=true&amp;measureControl=true\" width=\"100%\" height=\"300px\" frameborder=\"0\" allowfullscreen=\"allowfullscreen\"><\/iframe><\/p>\n<p><a href=\"\/\/umap.openstreetmap.fr\/de\/map\/rc03_ilbenstadt_rw-200527-assenheim-munzenberg_462491\">Vollbildanzeige<\/a><\/p>\n","protected":false},"excerpt":{"rendered":"<p>Liebe Mitglieder und Freunde des RC 03 Ilbenstadt, Unerschrocken geht unser Radwanderfachwart Erwin Loscher auch unter den nicht einfachen Bedingungen der geltenden Kontakt- und Sportaus\u00fcbungsbeschr\u00e4nkungen die n\u00e4chste Radwanderung an. M\u00fcnzenberg ist das neue Ziel. Dazu laden wir herzlich zum Start &hellip; <a href=\"https:\/\/www.rc03-ilbenstadt.de\/?p=8673\">Weiterlesen <span class=\"meta-nav\">&rarr;<\/span><\/a><\/p>\n","protected":false},"author":9,"featured_media":4738,"comment_status":"open","ping_status":"open","sticky":false,"template":"","format":"standard","meta":{"_crdt_document":"","footnotes":""},"categories":[1],"tags":[],"class_list":["post-8673","post","type-post","status-publish","format-standard","has-post-thumbnail","hentry","category-allgemein"],"_links":{"self":[{"href":"https:\/\/www.rc03-ilbenstadt.de\/index.php?rest_route=\/wp\/v2\/posts\/8673","targetHints":{"allow":["GET"]}}],"collection":[{"href":"https:\/\/www.rc03-ilbenstadt.de\/index.php?rest_route=\/wp\/v2\/posts"}],"about":[{"href":"https:\/\/www.rc03-ilbenstadt.de\/index.php?rest_route=\/wp\/v2\/types\/post"}],"author":[{"embeddable":true,"href":"https:\/\/www.rc03-ilbenstadt.de\/index.php?rest_route=\/wp\/v2\/users\/9"}],"replies":[{"embeddable":true,"href":"https:\/\/www.rc03-ilbenstadt.de\/index.php?rest_route=%2Fwp%2Fv2%2Fcomments&post=8673"}],"version-history":[{"count":5,"href":"https:\/\/www.rc03-ilbenstadt.de\/index.php?rest_route=\/wp\/v2\/posts\/8673\/revisions"}],"predecessor-version":[{"id":8760,"href":"https:\/\/www.rc03-ilbenstadt.de\/index.php?rest_route=\/wp\/v2\/posts\/8673\/revisions\/8760"}],"wp:featuredmedia":[{"embeddable":true,"href":"https:\/\/www.rc03-ilbenstadt.de\/index.php?rest_route=\/wp\/v2\/media\/4738"}],"wp:attachment":[{"href":"https:\/\/www.rc03-ilbenstadt.de\/index.php?rest_route=%2Fwp%2Fv2%2Fmedia&parent=8673"}],"wp:term":[{"taxonomy":"category","embeddable":true,"href":"https:\/\/www.rc03-ilbenstadt.de\/index.php?rest_route=%2Fwp%2Fv2%2Fcategories&post=8673"},{"taxonomy":"post_tag","embeddable":true,"href":"https:\/\/www.rc03-ilbenstadt.de\/index.php?rest_route=%2Fwp%2Fv2%2Ftags&post=8673"}],"curies":[{"name":"wp","href":"https:\/\/api.w.org\/{rel}","templated":true}]}}