{"id":8709,"date":"2020-06-02T07:11:01","date_gmt":"2020-06-02T05:11:01","guid":{"rendered":"https:\/\/www.rc03-ilbenstadt.de\/?p=8709"},"modified":"2020-06-04T14:52:23","modified_gmt":"2020-06-04T12:52:23","slug":"ilbenstaedter-radtourenradwanderung-von-assenheim-zum-leisbach-und-rambachtalam-mittwoch-den-3-juni-2020","status":"publish","type":"post","link":"https:\/\/www.rc03-ilbenstadt.de\/?p=8709","title":{"rendered":"Ilbenst\u00e4dter Radtouren<br>Radwanderung von Assenheim zum Leisbach- und Rambachtal<br><br>am Mittwoch, den 3. Juni 2020"},"content":{"rendered":"<p><strong>Liebe Mitglieder und Freunde des RC 03 Ilbenstadt,<\/strong><\/p>\n<p>jetzt sind wir schon in der Mitte des Jahres 2020 angelangt und es deutet sich erfreulicherweise an, dass wir in der Coronakrise den Kopf heben und umsichtig mehr wagen k\u00f6nnen. Unsere ersten beiden Radtouren liegen hinter uns. Die Hygiene- und Abstandsregeln sind noch etwas ungewohnt und m\u00fcssen bewusst\u00a0 gelebt werden, doch <!--more-->sind wir guter Dinge uns mit der neuen Situation zu arrangieren. Radwanderfachwart Erwin Loscher l\u00e4dt kurzfristig zu einer Tour am<\/p>\n<p><strong>Mittwoch, den 3. Juni 2020<\/strong><br \/>\n<strong>um 09:30 Uhr am B\u00fcrgerhaus in Assenheim<br \/>\noder<br \/>\num 10:15 Uhr in Staden am Abzweig nach Leidhecken<br \/>\n<\/strong><\/p>\n<p>ein. Die <a href=\"https:\/\/www.rc03-ilbenstadt.de\/?page_id=8677\" target=\"_blank\" rel=\"noopener noreferrer\">Hygiene- und Abstandsregeln<\/a>, abgestimmt f\u00fcr <span id=\"more-8673\"><\/span>das Radwandern, des RC 03 Ilbenstadt sind vorab zur Kenntnis zu nehmen und am Veranstaltungstag strikt einzuhalten. Unn\u00f6tige Risiken auf Kosten der Gesundheit werden nicht eingegangen.<br \/>\nVergesst nicht den Mund- und Nasenschutz. Dieser ist w\u00e4hrend der Fahrt nicht notwendig, f\u00fcr Pausen aber angezeigt.<\/p>\n<p>Die Wetterentwicklung bewog Erwin die Tour einen Tag vorzuziehen. Mittwoch ist Sonne pur, blauer Himmel mit vielleicht dem ein oder anderen dekorativen W\u00f6lkchen angesagt. Lasst uns den Tag genie\u00dfen. Los geht es \u00fcber den R 4 nach Ranstadt in das Leisbachtal. Bellmuth und Bobenhausen passieren wir und bereiten uns f\u00fcr die Eroberung des h\u00f6chsten Punktes der Strecke in Eckhardsborn (Oberdorf) vor. Abw\u00e4rts geht es zu den Orlitzh\u00f6fen. Nach deren Passage ist nach Wallerhausen noch einen bewaldeter Bergr\u00fccken zu bew\u00e4ltigen. Hier ruft schon die Kaffeepause in Nidda.<br \/>\nLocker kann der R\u00fcckweg \u00fcber den R 4 angetreten werden. Auf \u00fcberwiegend flacher, leicht gewellter Strecke, fahren wir in die Wetterau, die sich bis Ranstadt links und rechts des Weges mit Wiesen und W\u00e4ldern zeigt. Eine Genusstour!<\/p>\n<p>Der Streckenplan ist unten beigef\u00fcgt.<\/p>\n<p>Wir freuen uns auf eine rege Teilnahme.<br \/>\nErwin Loscher ist f\u00fcr R\u00fcckfragen unter der Telefonnummer 01512 02 30 745 erreichbar.<\/p>\n<p>F\u00fcr das Radwanderteam<\/p>\n<p>Wilhelm Schr\u00f6der<br \/>\nFachbereichsleiter \u00d6ffentlichkeitsarbeit und Sport (RTF\/CTF)<\/p>\n<p><a href=\"http:\/\/umap.openstreetmap.fr\/de\/map\/rc03_ilbenstadt-rw-200603-assenheim-leisbachtal_465191#13\/50.3596\/8.9801\" target=\"_blank\" rel=\"noopener noreferrer\"><strong>Zur Strecke Niddatal-Assenheim <\/strong><strong>durch das Leis- und Rambachtal und zur\u00fcck<\/strong><strong><br \/>\n(Vollbildanzeige):<\/strong><\/a><br \/>\n<iframe loading=\"lazy\" src=\"\/\/umap.openstreetmap.fr\/de\/map\/rc03_ilbenstadt-rw-200603-assenheim-leisbachtal_465191?scaleControl=true&amp;miniMap=false&amp;scrollWheelZoom=true&amp;zoomControl=true&amp;allowEdit=false&amp;moreControl=true&amp;searchControl=true&amp;tilelayersControl=null&amp;embedControl=null&amp;datalayersControl=true&amp;onLoadPanel=undefined&amp;captionBar=false&amp;fullscreenControl=true&amp;measureControl=true#13\/50.3596\/8.9801\" width=\"100%\" height=\"300px\" frameborder=\"0\" allowfullscreen=\"allowfullscreen\"><\/iframe><br \/>\nDie Tour wird gegen den Uhrzeigersinn gefahren.<br \/>\nRote Strecke: Geplant; blaue Strecke: Tats\u00e4chlich gefahren<\/p>\n","protected":false},"excerpt":{"rendered":"<p>Liebe Mitglieder und Freunde des RC 03 Ilbenstadt, jetzt sind wir schon in der Mitte des Jahres 2020 angelangt und es deutet sich erfreulicherweise an, dass wir in der Coronakrise den Kopf heben und umsichtig mehr wagen k\u00f6nnen. Unsere ersten &hellip; <a href=\"https:\/\/www.rc03-ilbenstadt.de\/?p=8709\">Weiterlesen <span class=\"meta-nav\">&rarr;<\/span><\/a><\/p>\n","protected":false},"author":9,"featured_media":4738,"comment_status":"open","ping_status":"open","sticky":false,"template":"","format":"standard","meta":{"_crdt_document":"","footnotes":""},"categories":[1],"tags":[],"class_list":["post-8709","post","type-post","status-publish","format-standard","has-post-thumbnail","hentry","category-allgemein"],"_links":{"self":[{"href":"https:\/\/www.rc03-ilbenstadt.de\/index.php?rest_route=\/wp\/v2\/posts\/8709","targetHints":{"allow":["GET"]}}],"collection":[{"href":"https:\/\/www.rc03-ilbenstadt.de\/index.php?rest_route=\/wp\/v2\/posts"}],"about":[{"href":"https:\/\/www.rc03-ilbenstadt.de\/index.php?rest_route=\/wp\/v2\/types\/post"}],"author":[{"embeddable":true,"href":"https:\/\/www.rc03-ilbenstadt.de\/index.php?rest_route=\/wp\/v2\/users\/9"}],"replies":[{"embeddable":true,"href":"https:\/\/www.rc03-ilbenstadt.de\/index.php?rest_route=%2Fwp%2Fv2%2Fcomments&post=8709"}],"version-history":[{"count":5,"href":"https:\/\/www.rc03-ilbenstadt.de\/index.php?rest_route=\/wp\/v2\/posts\/8709\/revisions"}],"predecessor-version":[{"id":8740,"href":"https:\/\/www.rc03-ilbenstadt.de\/index.php?rest_route=\/wp\/v2\/posts\/8709\/revisions\/8740"}],"wp:featuredmedia":[{"embeddable":true,"href":"https:\/\/www.rc03-ilbenstadt.de\/index.php?rest_route=\/wp\/v2\/media\/4738"}],"wp:attachment":[{"href":"https:\/\/www.rc03-ilbenstadt.de\/index.php?rest_route=%2Fwp%2Fv2%2Fmedia&parent=8709"}],"wp:term":[{"taxonomy":"category","embeddable":true,"href":"https:\/\/www.rc03-ilbenstadt.de\/index.php?rest_route=%2Fwp%2Fv2%2Fcategories&post=8709"},{"taxonomy":"post_tag","embeddable":true,"href":"https:\/\/www.rc03-ilbenstadt.de\/index.php?rest_route=%2Fwp%2Fv2%2Ftags&post=8709"}],"curies":[{"name":"wp","href":"https:\/\/api.w.org\/{rel}","templated":true}]}}