{"id":8745,"date":"2020-06-08T03:35:36","date_gmt":"2020-06-08T01:35:36","guid":{"rendered":"https:\/\/www.rc03-ilbenstadt.de\/?p=8745"},"modified":"2020-06-09T14:18:38","modified_gmt":"2020-06-09T12:18:38","slug":"ilbenstaedter-radtourenradwanderung-in-die-suedliche-wetterauam-mittwoch-den-10-juni-2020","status":"publish","type":"post","link":"https:\/\/www.rc03-ilbenstadt.de\/?p=8745","title":{"rendered":"Ilbenst\u00e4dter Radtouren<br>Radwanderung &#8222;In die s\u00fcdliche Wetterau&#8220;<br>am Mittwoch, den 10. Juni 2020<br>Achtung neuer Termin: Freitag, den 12. Juni 2020<br>"},"content":{"rendered":"<p><strong><span style=\"color: #ff0000;\">Update vom 9. Juni 2020:<\/span><\/strong><\/p>\n<p>Liebe Radwanderfreunde, das Wetter entwickelt sich trotz unseres Optimismus nicht so optimal, als dass wir Freude an der Radwanderung haben k\u00f6nnten. Wir verschieben daher diese Tour auf<\/p>\n<p><span style=\"color: #ff0000;\"><strong>Freitag, den 12. Juni 2020<\/strong><\/span><br \/>\n<span style=\"color: #ff0000;\"><strong>um 10:00 Uhr am B\u00fcrgerhaus in Assenheim<\/strong><strong><br \/>\noder<br \/>\num 10:10 Uhr an der Ilbenst\u00e4dter Niddabr\u00fccke<\/strong><\/span><\/p>\n<p>Wir bitten Euch um Verst\u00e4ndnis.<br \/>\nBis Freitag.<\/p>\n<p>F\u00fcr das Radwanderteam<\/p>\n<p>Wilhelm Schr\u00f6der<br \/>\nFachbereichsleiter \u00d6ffentlichkeitsarbeit und Sport (RTF\/CTF)<!--more--><\/p>\n<p><strong><br \/>\nLiebe Mitglieder und Freunde des RC 03 Ilbenstadt,<\/strong><\/p>\n<p>nach langer Zeit entdecken wir wieder, dass die Wetterau auch s\u00fcdlich von Ilbenstadt auch f\u00fcr Pedaleure erschlossen ist. Zu einer mit 43 Kilometern kurzen und flachen Tour l\u00e4dt unser Radwanderfachwart Erwin Loscher am<\/p>\n<p><strong>Mittwoch, den 10. Juni 2020<\/strong><br \/>\n<strong>um 10:00 Uhr am B\u00fcrgerhaus in Assenheim<br \/>\noder<br \/>\num 10:10 Uhr an der Ilbenst\u00e4dter Niddabr\u00fccke<br \/>\n<\/strong><\/p>\n<p>herzlich ein. Die <a href=\"https:\/\/www.rc03-ilbenstadt.de\/?page_id=8677\" target=\"_blank\" rel=\"noopener noreferrer\">Hygiene- und Abstandsregeln<\/a>, abgestimmt f\u00fcr <span id=\"more-8673\"><\/span>das Radwandern, des RC 03 Ilbenstadt sind vorab zur Kenntnis zu nehmen und am Veranstaltungstag strikt einzuhalten. Unn\u00f6tige Risiken auf Kosten der Gesundheit werden nicht eingegangen.<br \/>\nVergesst nicht den Mund- und Nasenschutz. Dieser ist w\u00e4hrend der Fahrt nicht notwendig, f\u00fcr Pausen wird er aber ben\u00f6tigt.<\/p>\n<p>Wieder einmal nimmt uns der R 4 auf.\u00a0 An der Ilbenst\u00e4dter Niddabr\u00fccke sto\u00dfen die Ilbenst\u00e4dter Radler dazu. Gemeinsam streben wir Gronau entgegen. Bis dahin begleitet uns die Nidda, die durch behutsame Renaturierungsma\u00dfnahmen wieder zu einem kleinen Biotop geworden ist. Sie windet sich mit ihren gr\u00fcnen Uferstreifen und der dort wieder heimischen Tierwelt, die sich \u00fcberwiegend unseren Blicken entzieht, durch die Wetterauer Felder und kleineren Ortschaften. Hinter\u00a0 Gronau passieren wir Bad Vilbel, gelangen nach Massenheim, wo uns das <a href=\"https:\/\/laupushof.de\/cafe\/\" target=\"_blank\" rel=\"noopener noreferrer\">Hofgut Laupus<\/a> die Gelegenheit zu einer Kaffeepause und zum regen Austausch gibt. Die Weiterfahrt f\u00fchrt uns nach Nieder-Erlenbach. Geschichtlich ein interessantes \u00d6rtchen. Seit 1972 geh\u00f6rt es wieder zu Frankfurt unter dessen ungeliebter Herrschaft es ab 1376 schon einmal stand. Nach dem Deutschen Krieg hatte Preu\u00dfen Frankfurt besetzt und musste sich im Friedensvertrag von 1866 von seinen &#8222;Wetterauer L\u00e4ndereien&#8220; wieder trennen. Dass nun Frankfurt wieder <a href=\"https:\/\/de.wikipedia.org\/wiki\/Frankfurt-Nieder-Erlenbach\" target=\"_blank\" rel=\"noopener noreferrer\">Nieder-Erlenbach<\/a> regiert hat keine Kriegsursache, sondern liegt in einer profanen Gebietsreform begr\u00fcndet. Was man so alles angelegentlich einer Radtour erf\u00e4hrt &#8230;<br \/>\nOhne Blick auf geschichtliche Ereignisse erfreuen wir uns an der Wetterauer Landschaft. Sind Petterweil und Karben passiert, haben wir unseren Ausgangspunkt wieder erreicht. Wir planen, die Tour regenfrei durchf\u00fchren zu k\u00f6nnen, m\u00fcssen aber vielleicht doch dem ein oder anderen Tropfen ausweichen. Wem das h\u00e4ufig nicht gelingt, sollte zur Sicherheit eine Regenjacke im Gep\u00e4ck haben.<\/p>\n<p>Der Streckenplan ist unten beigef\u00fcgt.<\/p>\n<p>Wir freuen uns auf eine rege Teilnahme.<br \/>\nErwin Loscher ist f\u00fcr R\u00fcckfragen unter der Telefonnummer 01512 02 30 745 erreichbar.<\/p>\n<p>F\u00fcr das Radwanderteam<\/p>\n<p>Wilhelm Schr\u00f6der<br \/>\nFachbereichsleiter \u00d6ffentlichkeitsarbeit und Sport (RTF\/CTF)<\/p>\n<p><a href=\"http:\/\/umap.openstreetmap.fr\/de\/map\/rc03_ilbenstadt-rw-200610-in-die-sudliche-wetterau_467705\" target=\"_blank\" rel=\"noopener noreferrer\"><strong>Zur Radwanderstrecke Strecke &#8222;In die s\u00fcdliche Wetterau&#8220;<\/strong><strong><br \/>\n(Vollbildanzeige):<\/strong><\/a><br \/>\n<iframe loading=\"lazy\" src=\"\/\/umap.openstreetmap.fr\/de\/map\/rc03_ilbenstadt-rw-200610-in-die-sudliche-wetterau_467705?scaleControl=true&amp;miniMap=false&amp;scrollWheelZoom=true&amp;zoomControl=true&amp;allowEdit=false&amp;moreControl=true&amp;searchControl=true&amp;tilelayersControl=null&amp;embedControl=null&amp;datalayersControl=true&amp;onLoadPanel=undefined&amp;captionBar=false\" width=\"100%\" height=\"300px\" frameborder=\"0\" allowfullscreen=\"allowfullscreen\"><\/iframe><\/p>\n","protected":false},"excerpt":{"rendered":"<p>Update vom 9. Juni 2020: Liebe Radwanderfreunde, das Wetter entwickelt sich trotz unseres Optimismus nicht so optimal, als dass wir Freude an der Radwanderung haben k\u00f6nnten. Wir verschieben daher diese Tour auf Freitag, den 12. Juni 2020 um 10:00 Uhr &hellip; <a href=\"https:\/\/www.rc03-ilbenstadt.de\/?p=8745\">Weiterlesen <span class=\"meta-nav\">&rarr;<\/span><\/a><\/p>\n","protected":false},"author":9,"featured_media":4738,"comment_status":"open","ping_status":"open","sticky":false,"template":"","format":"standard","meta":{"_crdt_document":"","footnotes":""},"categories":[1],"tags":[],"class_list":["post-8745","post","type-post","status-publish","format-standard","has-post-thumbnail","hentry","category-allgemein"],"_links":{"self":[{"href":"https:\/\/www.rc03-ilbenstadt.de\/index.php?rest_route=\/wp\/v2\/posts\/8745","targetHints":{"allow":["GET"]}}],"collection":[{"href":"https:\/\/www.rc03-ilbenstadt.de\/index.php?rest_route=\/wp\/v2\/posts"}],"about":[{"href":"https:\/\/www.rc03-ilbenstadt.de\/index.php?rest_route=\/wp\/v2\/types\/post"}],"author":[{"embeddable":true,"href":"https:\/\/www.rc03-ilbenstadt.de\/index.php?rest_route=\/wp\/v2\/users\/9"}],"replies":[{"embeddable":true,"href":"https:\/\/www.rc03-ilbenstadt.de\/index.php?rest_route=%2Fwp%2Fv2%2Fcomments&post=8745"}],"version-history":[{"count":5,"href":"https:\/\/www.rc03-ilbenstadt.de\/index.php?rest_route=\/wp\/v2\/posts\/8745\/revisions"}],"predecessor-version":[{"id":8759,"href":"https:\/\/www.rc03-ilbenstadt.de\/index.php?rest_route=\/wp\/v2\/posts\/8745\/revisions\/8759"}],"wp:featuredmedia":[{"embeddable":true,"href":"https:\/\/www.rc03-ilbenstadt.de\/index.php?rest_route=\/wp\/v2\/media\/4738"}],"wp:attachment":[{"href":"https:\/\/www.rc03-ilbenstadt.de\/index.php?rest_route=%2Fwp%2Fv2%2Fmedia&parent=8745"}],"wp:term":[{"taxonomy":"category","embeddable":true,"href":"https:\/\/www.rc03-ilbenstadt.de\/index.php?rest_route=%2Fwp%2Fv2%2Fcategories&post=8745"},{"taxonomy":"post_tag","embeddable":true,"href":"https:\/\/www.rc03-ilbenstadt.de\/index.php?rest_route=%2Fwp%2Fv2%2Ftags&post=8745"}],"curies":[{"name":"wp","href":"https:\/\/api.w.org\/{rel}","templated":true}]}}