{"id":8765,"date":"2020-06-16T23:59:46","date_gmt":"2020-06-16T21:59:46","guid":{"rendered":"https:\/\/www.rc03-ilbenstadt.de\/?p=8765"},"modified":"2020-06-17T19:54:02","modified_gmt":"2020-06-17T17:54:02","slug":"ilbenstaedter-radtourenradwanderung-niddaradweg-mit-keltenweltrundeam-freitag-den-19-juni-2020","status":"publish","type":"post","link":"https:\/\/www.rc03-ilbenstadt.de\/?p=8765","title":{"rendered":"Ilbenst\u00e4dter Radtouren<br>Radwanderung &#8222;Niddaradweg mit Keltenweltrunde&#8220;<br><br>am Freitag, den 19. Juni 2020<br>"},"content":{"rendered":"<p><strong>Liebe Mitglieder und Freunde des RC 03 Ilbenstadt,<\/strong><\/p>\n<p>in dieser Woche nehmen wir die Region \u00f6stlich von Ilbenstadt und Assenheim unter die R\u00e4der. Zu einer mit 55 Kilometern abwechslungsreichen, mit wenigen &#8222;Bodenwellen&#8220; gespickten Tour l\u00e4dt unser Radwanderfachwart Erwin Loscher zum Start am<\/p>\n<p><strong>Freitag, den 19. Juni 2020<\/strong><br \/>\n<strong>um 09:30 Uhr am B\u00fcrgerhaus in Assenheim<br \/>\noder<br \/>\num 10:00 Uhr an der Oberflorst\u00e4dter Niddabr\u00fccke<br \/>\n<\/strong><\/p>\n<p>herzlich ein. Die <a href=\"https:\/\/www.rc03-ilbenstadt.de\/?page_id=8677\" target=\"_blank\" rel=\"noopener noreferrer\">Hygiene- und Abstandsregeln<\/a>, abgestimmt f\u00fcr <!--more--><span id=\"more-8673\"><\/span>das Radwandern, des RC 03 Ilbenstadt sind vorab zur Kenntnis zu nehmen und am Veranstaltungstag strikt einzuhalten. Unn\u00f6tige Risiken auf Kosten der Gesundheit werden nicht eingegangen.<br \/>\nVergesst nicht den Mund- und Nasenschutz. Dieser ist w\u00e4hrend der Fahrt nicht notwendig, f\u00fcr Pausen wird er aber ben\u00f6tigt.<\/p>\n<p>Die Nidda begleitet uns von Assenheim nach Ober-Florstadt. Hier steigt die &#8222;Bingenheimer Gruppe&#8220; an der Niddabr\u00fccke ein. Wir wenden uns Stammheim und Lindheim zu. Schon erfahren wir hier, dass die Wetterau f\u00fcr stramme Radlerwaden auch Herausforderungen kennt. Doch keine Angst, die beiden H\u00fcgel, die vor und hinter Stammheim \u00fcberwunden sein wollen, sind moderat und lassen sich gut fahren. Hinter Lindheim treffen wir den Vulkanradweg. Von dort aus gr\u00fc\u00dfen wir den Keltenf\u00fcrsten auf dem Glauberg, den wir nicht direkt ansteuern; er soll in geb\u00fchrenden Abstand umrundet werden. Stockheim nimmt uns zur Rast auf. 1198 gab Conradus de Stokheim Anlass zur urkundlichen \u00dcberlieferung des Ortsnamens; verantwortlich f\u00fcr das Stockheim der Neuzeit, das mit seinem Schienennetz mit der &#8222;Welt&#8220; Verbindung h\u00e4lt und im Kleinen Kindern und allen jung Gebliebenen mit einem sehenswerten <a href=\"https:\/\/www.modellbahnhof-stockheim.de\/\" target=\"_blank\" rel=\"noopener noreferrer\">Modellbahnhof<\/a> Freude bereitet, ist er allerdings nicht.<br \/>\nNach der Rast gest\u00e4rkt, geht es weiter \u00fcber Bleichenbach, Aulendiebach, B\u00fcches, D\u00fcdelsheim und Lindheim. Jetzt haben wir den Keltenf\u00fcrsten umrundet. Ab Lindheim folgen wir wieder dem Vulkanradweg, diesmal bis H\u00f6chst. Auf leicht ansteigendem Weg radeln wir durch den Wald, bevor es abw\u00e4rts zur Nidda nach Wickstadt geht. Nun ist Assenheim nicht mehr weit.<\/p>\n<p>Wir freuen uns auf eine rege Teilnahme.<br \/>\nErwin Loscher ist f\u00fcr R\u00fcckfragen unter der Telefonnummer 01512 02 30 745 erreichbar.<\/p>\n<p>Wir sind sicher, dass am Freitag bestes Radfahrwetter herrscht. Sollte es wider Erwarten regnen oder Gewitter abzusehen sein, wird die Tour verschoben.<\/p>\n<p>F\u00fcr das Radwanderteam<\/p>\n<p>Wilhelm Schr\u00f6der<br \/>\nFachbereichsleiter \u00d6ffentlichkeitsarbeit und Sport (RTF\/CTF)<\/p>\n<p><a href=\"http:\/\/umap.openstreetmap.fr\/de\/map\/rc03_ilbenstadt_rw_200619-niddaradweg_mit_keltenwe_470816#13\/50.2972\/8.9308\" target=\"_blank\" rel=\"noopener noreferrer\"><strong>Zur Radwanderstrecke Strecke &#8222;Niddaradweg mit Keltenweltrunde&#8220;<br \/>\n(Vollbildanzeige):<\/strong><\/a><br \/>\n<iframe loading=\"lazy\" src=\"\/\/umap.openstreetmap.fr\/de\/map\/rc03_ilbenstadt_rw_200619-niddaradweg_mit_keltenwe_470816?scaleControl=true&amp;miniMap=false&amp;scrollWheelZoom=true&amp;zoomControl=true&amp;allowEdit=false&amp;moreControl=true&amp;searchControl=true&amp;tilelayersControl=null&amp;embedControl=null&amp;datalayersControl=true&amp;onLoadPanel=undefined&amp;captionBar=false&amp;datalayers=1318501&amp;measureControl=true\" width=\"100%\" height=\"300px\" frameborder=\"0\" allowfullscreen=\"allowfullscreen\"><\/iframe><\/p>\n","protected":false},"excerpt":{"rendered":"<p>Liebe Mitglieder und Freunde des RC 03 Ilbenstadt, in dieser Woche nehmen wir die Region \u00f6stlich von Ilbenstadt und Assenheim unter die R\u00e4der. Zu einer mit 55 Kilometern abwechslungsreichen, mit wenigen &#8222;Bodenwellen&#8220; gespickten Tour l\u00e4dt unser Radwanderfachwart Erwin Loscher zum &hellip; <a href=\"https:\/\/www.rc03-ilbenstadt.de\/?p=8765\">Weiterlesen <span class=\"meta-nav\">&rarr;<\/span><\/a><\/p>\n","protected":false},"author":9,"featured_media":4738,"comment_status":"open","ping_status":"open","sticky":false,"template":"","format":"standard","meta":{"_crdt_document":"","footnotes":""},"categories":[1],"tags":[],"class_list":["post-8765","post","type-post","status-publish","format-standard","has-post-thumbnail","hentry","category-allgemein"],"_links":{"self":[{"href":"https:\/\/www.rc03-ilbenstadt.de\/index.php?rest_route=\/wp\/v2\/posts\/8765","targetHints":{"allow":["GET"]}}],"collection":[{"href":"https:\/\/www.rc03-ilbenstadt.de\/index.php?rest_route=\/wp\/v2\/posts"}],"about":[{"href":"https:\/\/www.rc03-ilbenstadt.de\/index.php?rest_route=\/wp\/v2\/types\/post"}],"author":[{"embeddable":true,"href":"https:\/\/www.rc03-ilbenstadt.de\/index.php?rest_route=\/wp\/v2\/users\/9"}],"replies":[{"embeddable":true,"href":"https:\/\/www.rc03-ilbenstadt.de\/index.php?rest_route=%2Fwp%2Fv2%2Fcomments&post=8765"}],"version-history":[{"count":5,"href":"https:\/\/www.rc03-ilbenstadt.de\/index.php?rest_route=\/wp\/v2\/posts\/8765\/revisions"}],"predecessor-version":[{"id":8775,"href":"https:\/\/www.rc03-ilbenstadt.de\/index.php?rest_route=\/wp\/v2\/posts\/8765\/revisions\/8775"}],"wp:featuredmedia":[{"embeddable":true,"href":"https:\/\/www.rc03-ilbenstadt.de\/index.php?rest_route=\/wp\/v2\/media\/4738"}],"wp:attachment":[{"href":"https:\/\/www.rc03-ilbenstadt.de\/index.php?rest_route=%2Fwp%2Fv2%2Fmedia&parent=8765"}],"wp:term":[{"taxonomy":"category","embeddable":true,"href":"https:\/\/www.rc03-ilbenstadt.de\/index.php?rest_route=%2Fwp%2Fv2%2Fcategories&post=8765"},{"taxonomy":"post_tag","embeddable":true,"href":"https:\/\/www.rc03-ilbenstadt.de\/index.php?rest_route=%2Fwp%2Fv2%2Ftags&post=8765"}],"curies":[{"name":"wp","href":"https:\/\/api.w.org\/{rel}","templated":true}]}}