{"id":8776,"date":"2020-06-22T12:33:27","date_gmt":"2020-06-22T10:33:27","guid":{"rendered":"https:\/\/www.rc03-ilbenstadt.de\/?p=8776"},"modified":"2022-07-10T15:48:25","modified_gmt":"2022-07-10T13:48:25","slug":"ilbenstaedter-radtourenradwanderung-von-assenheim-nach-schottenam-donnerstag-den-25-juni-2020","status":"publish","type":"post","link":"https:\/\/www.rc03-ilbenstadt.de\/?p=8776","title":{"rendered":"Ilbenst\u00e4dter Radtouren<br>Radwanderung &#8222;Von Assenheim nach Schotten&#8220;<br><br>am Donnerstag, den 25. Juni 2020<br><br>"},"content":{"rendered":"<p><strong>Liebe Mitglieder und Freunde des RC 03 Ilbenstadt,<\/strong><\/p>\n<p>bei herrlichem Sonnenschein zum Kaffeetrinken nach Schotten radeln? Unbedingt empfehlenswert! Unser Radwanderfachwart Erwin Loscher l\u00e4dt herzlich dazu ein:<\/p>\n<p><strong>Start am Donnerstag, den 25. Juni 2020 um<\/strong><\/p>\n<ul>\n<li>\u00a0<strong>09:00 Uhr am B\u00fcrgerhaus in Assenheim<\/strong><\/li>\n<li><strong>09:15 Uhr in Nieder-Florstadt (Radweganfang nach Reichelsheim)<br \/>\n<\/strong><\/li>\n<li><strong>09:45 Uhr am Bingenheimer Schloss<\/strong><\/li>\n<\/ul>\n<p>Die <a href=\"https:\/\/www.rc03-ilbenstadt.de\/?page_id=8677\" target=\"_blank\" rel=\"noopener noreferrer\">Hygiene- und Abstandsregeln<\/a>, abgestimmt f\u00fcr <!--more--><span id=\"more-8673\"><\/span>das Radwandern, des RC 03 Ilbenstadt sind vorab zur Kenntnis zu nehmen und am Veranstaltungstag strikt einzuhalten. Unn\u00f6tige Risiken auf Kosten der Gesundheit werden nicht eingegangen.<br \/>\nVergesst nicht den Mund- und Nasenschutz. Dieser ist w\u00e4hrend der Fahrt nicht notwendig, f\u00fcr Pausen wird er aber ben\u00f6tigt.<\/p>\n<p>Wir wollen uns an diesem Tag Zeit f\u00fcr rund 80 Kilometer lassen und wie immer die Tour genie\u00dfen. Nur kurz folgen wir der Nidda. Schnell biegen wir nach Wickstadt ab, fahren \u00fcber Reichelsheim durch das Bingenheimer Ried und den Echzeller Wald. Kaum haben wir den Wald verlassen, finden wir uns auf dem Hessenradweg R 4 nach Gei\u00df-Nidda und Nidda wieder. Den R 4 werden wir bis Schotten nicht verlassen. Freuen wir uns zun\u00e4chst auf den kurzen, aber heftigen Anstieg zur <a href=\"https:\/\/de.wikipedia.org\/wiki\/Niddastausee\" target=\"_blank\" rel=\"noopener noreferrer\">Staudammkrone des Niddastausees<\/a>. In ruhiger Fahrt pedalieren wir am n\u00f6rdlichen Seeufer entlang, riechen schon den Kaffee, der im Herzen Schottens auf uns wartet.<\/p>\n<p><a href=\"https:\/\/de.wikipedia.org\/wiki\/Schotten_(Stadt)\" target=\"_blank\" rel=\"noopener noreferrer\">Schotten<\/a>? War das eine Heimstadt von Inselbewohnern, die unserer Werte- und Wirtschaftsgemeinschaft gerade den R\u00fccken zukehren wollen? Richtig! 778 schenkte der Abt des Klosters Honau aus dem Stra\u00dfburgerraum eine Kirche auf Schottener Gebiet <a href=\"https:\/\/de.wikipedia.org\/wiki\/Iroschottische_Mission\" target=\"_blank\" rel=\"noopener noreferrer\">iroschottischen M\u00f6nchen<\/a>. Diese Gruppierung war als \u00e4u\u00dferst aktiv, mache w\u00fcrden sagen &#8222;aggressiv&#8220;, in der pragmatischen Glaubensverbreitung und dem Glaubenserhalt bekannt. Aus Sicht weltlicher und kirchlicher Herrscher ein Grundpfeiler zum Machterhalt.<\/p>\n<p>Nach der Kaffeepause und dem Sinnieren \u00fcber die schottischen Wurzeln des kleinen Vogelsbergst\u00e4dtchens befinden wir uns schon auf dem R\u00fcckweg. Den Niddastausee passieren wir zur Abwechslung mal auf der s\u00fcdlichen Seite. Assenheim erreichen wir \u00fcber Nidda, Ranstadt, Dauernheim, Staden und Florstadt.<\/p>\n<p>Haben wir Euer Interesse geweckt? Wir freuen uns auf eine rege Teilnahme.<br \/>\nErwin Loscher ist f\u00fcr R\u00fcckfragen unter der Telefonnummer 01512 02 30 745 erreichbar.<\/p>\n<p>Wir sind sicher, dass am Donnerstag bestes Radfahrwetter herrscht. Sollte es wider Erwarten regnen oder Gewitter abzusehen sein, wird die Tour verschoben.<\/p>\n<p>F\u00fcr das Radwanderteam<\/p>\n<p>Wilhelm Schr\u00f6der<br \/>\nFachbereichsleiter \u00d6ffentlichkeitsarbeit und Sport (RTF\/CTF)<\/p>\n<p><a href=\"http:\/\/umap.openstreetmap.fr\/de\/map\/rc03_ilbenstadt_rw-assenheim_schotten_473366\" target=\"_blank\" rel=\"noopener noreferrer\"><strong>Zur Radwanderstrecke Strecke &#8222;Von Assenheim nach Schotten&#8220;<\/strong><strong><br \/>\n(Vollbildanzeige):<\/strong><\/a><br \/>\n<iframe loading=\"lazy\" src=\"\/\/umap.openstreetmap.fr\/de\/map\/rc03_ilbenstadt_rw-assenheim_schotten_473366?scaleControl=true&amp;miniMap=false&amp;scrollWheelZoom=true&amp;zoomControl=true&amp;allowEdit=false&amp;moreControl=true&amp;searchControl=true&amp;tilelayersControl=null&amp;embedControl=null&amp;datalayersControl=true&amp;onLoadPanel=undefined&amp;captionBar=false&amp;datalayers=1327989&amp;fullscreenControl=true&amp;measureControl=true\" width=\"100%\" height=\"300px\" frameborder=\"0\" allowfullscreen=\"allowfullscreen\"><\/iframe><\/p>\n","protected":false},"excerpt":{"rendered":"<p>Liebe Mitglieder und Freunde des RC 03 Ilbenstadt, bei herrlichem Sonnenschein zum Kaffeetrinken nach Schotten radeln? Unbedingt empfehlenswert! Unser Radwanderfachwart Erwin Loscher l\u00e4dt herzlich dazu ein: Start am Donnerstag, den 25. Juni 2020 um \u00a009:00 Uhr am B\u00fcrgerhaus in Assenheim &hellip; <a href=\"https:\/\/www.rc03-ilbenstadt.de\/?p=8776\">Weiterlesen <span class=\"meta-nav\">&rarr;<\/span><\/a><\/p>\n","protected":false},"author":9,"featured_media":4738,"comment_status":"open","ping_status":"open","sticky":false,"template":"","format":"standard","meta":{"_crdt_document":"","footnotes":""},"categories":[1],"tags":[],"class_list":["post-8776","post","type-post","status-publish","format-standard","has-post-thumbnail","hentry","category-allgemein"],"_links":{"self":[{"href":"https:\/\/www.rc03-ilbenstadt.de\/index.php?rest_route=\/wp\/v2\/posts\/8776","targetHints":{"allow":["GET"]}}],"collection":[{"href":"https:\/\/www.rc03-ilbenstadt.de\/index.php?rest_route=\/wp\/v2\/posts"}],"about":[{"href":"https:\/\/www.rc03-ilbenstadt.de\/index.php?rest_route=\/wp\/v2\/types\/post"}],"author":[{"embeddable":true,"href":"https:\/\/www.rc03-ilbenstadt.de\/index.php?rest_route=\/wp\/v2\/users\/9"}],"replies":[{"embeddable":true,"href":"https:\/\/www.rc03-ilbenstadt.de\/index.php?rest_route=%2Fwp%2Fv2%2Fcomments&post=8776"}],"version-history":[{"count":5,"href":"https:\/\/www.rc03-ilbenstadt.de\/index.php?rest_route=\/wp\/v2\/posts\/8776\/revisions"}],"predecessor-version":[{"id":10797,"href":"https:\/\/www.rc03-ilbenstadt.de\/index.php?rest_route=\/wp\/v2\/posts\/8776\/revisions\/10797"}],"wp:featuredmedia":[{"embeddable":true,"href":"https:\/\/www.rc03-ilbenstadt.de\/index.php?rest_route=\/wp\/v2\/media\/4738"}],"wp:attachment":[{"href":"https:\/\/www.rc03-ilbenstadt.de\/index.php?rest_route=%2Fwp%2Fv2%2Fmedia&parent=8776"}],"wp:term":[{"taxonomy":"category","embeddable":true,"href":"https:\/\/www.rc03-ilbenstadt.de\/index.php?rest_route=%2Fwp%2Fv2%2Fcategories&post=8776"},{"taxonomy":"post_tag","embeddable":true,"href":"https:\/\/www.rc03-ilbenstadt.de\/index.php?rest_route=%2Fwp%2Fv2%2Ftags&post=8776"}],"curies":[{"name":"wp","href":"https:\/\/api.w.org\/{rel}","templated":true}]}}