{"id":8790,"date":"2020-06-29T07:10:28","date_gmt":"2020-06-29T05:10:28","guid":{"rendered":"https:\/\/www.rc03-ilbenstadt.de\/?p=8790"},"modified":"2020-06-29T07:47:34","modified_gmt":"2020-06-29T05:47:34","slug":"ilbenstaedter-radtourenradwanderung-von-assenheim-nach-hanauam-dienstag-den-30-juni-2020","status":"publish","type":"post","link":"https:\/\/www.rc03-ilbenstadt.de\/?p=8790","title":{"rendered":"Ilbenst\u00e4dter Radtouren<br>Radwanderung &#8222;Von Assenheim nach Hanau&#8220;<br><br>am Dienstag, den 30. Juni 2020<br><br>"},"content":{"rendered":"<p><strong>Liebe Mitglieder und Freunde des RC 03 Ilbenstadt,<\/strong><\/p>\n<p>gutes Radfahrwetter muss genutzt werden! Dies f\u00e4llt nach Prognosen verschiedener Wetterdienste auf den Dienstag. Moderate Temperaturen von etwa 22\u00b0 Celsius, garantierte Regenfreiheit und immerhin f\u00fcnf Sonnenstunden sind uns die kurze Vorlaufzeit wert. Unser Radwanderfachwart Erwin Loscher l\u00e4dt herzlich zur Rundtour nach Hanau ein:<\/p>\n<p><strong>Start am Dienstag, den 30. Juni 2020 um<\/strong><\/p>\n<ul>\n<li><strong>10:00 Uhr am B\u00fcrgerhaus in Assenheim<br \/>\n<\/strong><\/li>\n<li><strong>10:10 Uhr an der Niddabr\u00fccke in Ilbenstadt<\/strong><\/li>\n<\/ul>\n<p>Die <a href=\"https:\/\/www.rc03-ilbenstadt.de\/?page_id=8677\" target=\"_blank\" rel=\"noopener noreferrer\">Hygiene- und Abstandsregeln<\/a>, abgestimmt f\u00fcr <!--more--><span id=\"more-8673\"><\/span>das Radwandern, des RC 03 Ilbenstadt sind vorab zur Kenntnis zu nehmen und am Veranstaltungstag strikt einzuhalten. Unn\u00f6tige Risiken auf Kosten der Gesundheit werden nicht eingegangen.<br \/>\nVergesst nicht den Mund- und Nasenschutz. Dieser ist w\u00e4hrend der Fahrt nicht notwendig, f\u00fcr Pausen wird er aber ben\u00f6tigt.<\/p>\n<p>Nach dem Start nimmt uns der Niddaradweg auf, den wir erst in Gronau verlassen werden. \u00dcber Niederdorfelden radeln wir zur Rumpenheimer F\u00e4hre und wechseln zum s\u00fcdlichen Mainufer. Auf dem angenehmen Uferweg radeln wir bis Hanau-Steinheim, wechseln an das n\u00f6rdliche Mainufer und lassen das <a href=\"https:\/\/de.wikipedia.org\/wiki\/Schloss_Philippsruhe\" target=\"_blank\" rel=\"noopener noreferrer\">Barockschl\u00f6sschen Philippsruh<\/a> mit seiner Parkanlage auf uns wirken.<br \/>\nZu Beginn des Barock gab der Hanauer Graf Philipp Reinhard Schloss Philippsruh in Auftrag, das 13 Jahre nach dem Tode des Bauherrn 1725 fertiggestellt war. Im Laufe der Jahre folgte die Errichtung einer Orangerie und der ein oder andere zeitaufwendige Umbau. In der Gr\u00fcnderzeit werkelte man am letzten gr\u00f6\u00dferen Umbau ganze f\u00fcnf Jahre, den Landgraf Friedrich Wilhelm auch nur die letzten vier Jahre seines Lebens nutzen konnte. Ob sich der Aufwand gelohnt hat? Schauen wir mal.<br \/>\nUnweit von Schloss Philippsruh fahren wir schon auf dem R\u00fcckweg an der ehemaligen <a href=\"https:\/\/de.wikipedia.org\/wiki\/Wilhelmsbad\" target=\"_blank\" rel=\"noopener noreferrer\">Kuranlage &#8222;Wilhelmsbad&#8220;<\/a> mit ihrem weitl\u00e4ufigen Staatspark nicht achtlos vorbei. Zwei Kr\u00e4uterfrauen entdeckten 1709 im Wald eine Quelle, deren Wasser einen hohen Mineralstoffgehalt aufwies. Anlass, um in der zweiten H\u00e4lfte des 18. Jahrhunderts einen Kurbetrieb aus dem Boden zu stampfen, dem sich in dessen Nachfolge heute das teuerste Wohngebiet Hanaus anschloss.<br \/>\nJetzt konzentrieren wir uns wieder auf das Radfahren, pedalieren nach Wachenbuchen und folgen der Hohen Stra\u00dfe bis Windecken. Weiter folgen wir dem Bahnradweg Hessen bis Eichen, um dann \u00fcber Erbstadt und Wickstadt wieder an die Nidda zu gelangen, die uns nach Assenheim begleitet.<\/p>\n<p>Nat\u00fcrlich wird unterwegs auch gerastet. Nach Gruppenwunsch wird die Rast in Hanau-Steinheim oder in Wachenbuchen eingelegt.<\/p>\n<p>Diese Genusstour \u00fcber verkehrsarme und weitgehend flache Strecken wird etwa 69 Kilometer lang sein.<\/p>\n<p>Haben wir Euer Interesse geweckt? Wir freuen uns auf eine rege Teilnahme.<br \/>\nErwin Loscher ist f\u00fcr R\u00fcckfragen unter der Telefonnummer 01512 02 30 745 erreichbar.<\/p>\n<p>Sollte es am Dienstag wider Erwarten regnen oder ein Gewitter abzusehen sein, wird die Tour verschoben.<\/p>\n<p>F\u00fcr das Radwanderteam<\/p>\n<p>Wilhelm Schr\u00f6der<br \/>\nFachbereichsleiter \u00d6ffentlichkeitsarbeit und Sport (RTF\/CTF)<\/p>\n<p><a href=\"http:\/\/umap.openstreetmap.fr\/de\/map\/rc03_ilbenstadt_rw_200630-assenheim_hanau_475818#11\/50.2229\/8.8280\" target=\"_blank\" rel=\"noopener noreferrer\"><strong>Zur Radwanderstrecke Strecke &#8222;Von Assenheim nach Hanau&#8220;<\/strong><strong><br \/>\n(Vollbildanzeige):<\/strong><\/a><br \/>\n<iframe loading=\"lazy\" src=\"\/\/umap.openstreetmap.fr\/de\/map\/rc03_ilbenstadt_rw_200630-assenheim_hanau_475818?scaleControl=true&amp;miniMap=false&amp;scrollWheelZoom=true&amp;zoomControl=true&amp;allowEdit=false&amp;moreControl=true&amp;searchControl=true&amp;tilelayersControl=null&amp;embedControl=null&amp;datalayersControl=true&amp;onLoadPanel=undefined&amp;captionBar=false&amp;measureControl=true#11\/50.2229\/8.8280\" width=\"100%\" height=\"300px\" frameborder=\"0\" allowfullscreen=\"allowfullscreen\"><\/iframe><\/p>\n","protected":false},"excerpt":{"rendered":"<p>Liebe Mitglieder und Freunde des RC 03 Ilbenstadt, gutes Radfahrwetter muss genutzt werden! Dies f\u00e4llt nach Prognosen verschiedener Wetterdienste auf den Dienstag. Moderate Temperaturen von etwa 22\u00b0 Celsius, garantierte Regenfreiheit und immerhin f\u00fcnf Sonnenstunden sind uns die kurze Vorlaufzeit wert. &hellip; <a href=\"https:\/\/www.rc03-ilbenstadt.de\/?p=8790\">Weiterlesen <span class=\"meta-nav\">&rarr;<\/span><\/a><\/p>\n","protected":false},"author":9,"featured_media":4738,"comment_status":"open","ping_status":"open","sticky":false,"template":"","format":"standard","meta":{"_crdt_document":"","footnotes":""},"categories":[1],"tags":[],"class_list":["post-8790","post","type-post","status-publish","format-standard","has-post-thumbnail","hentry","category-allgemein"],"_links":{"self":[{"href":"https:\/\/www.rc03-ilbenstadt.de\/index.php?rest_route=\/wp\/v2\/posts\/8790","targetHints":{"allow":["GET"]}}],"collection":[{"href":"https:\/\/www.rc03-ilbenstadt.de\/index.php?rest_route=\/wp\/v2\/posts"}],"about":[{"href":"https:\/\/www.rc03-ilbenstadt.de\/index.php?rest_route=\/wp\/v2\/types\/post"}],"author":[{"embeddable":true,"href":"https:\/\/www.rc03-ilbenstadt.de\/index.php?rest_route=\/wp\/v2\/users\/9"}],"replies":[{"embeddable":true,"href":"https:\/\/www.rc03-ilbenstadt.de\/index.php?rest_route=%2Fwp%2Fv2%2Fcomments&post=8790"}],"version-history":[{"count":5,"href":"https:\/\/www.rc03-ilbenstadt.de\/index.php?rest_route=\/wp\/v2\/posts\/8790\/revisions"}],"predecessor-version":[{"id":8798,"href":"https:\/\/www.rc03-ilbenstadt.de\/index.php?rest_route=\/wp\/v2\/posts\/8790\/revisions\/8798"}],"wp:featuredmedia":[{"embeddable":true,"href":"https:\/\/www.rc03-ilbenstadt.de\/index.php?rest_route=\/wp\/v2\/media\/4738"}],"wp:attachment":[{"href":"https:\/\/www.rc03-ilbenstadt.de\/index.php?rest_route=%2Fwp%2Fv2%2Fmedia&parent=8790"}],"wp:term":[{"taxonomy":"category","embeddable":true,"href":"https:\/\/www.rc03-ilbenstadt.de\/index.php?rest_route=%2Fwp%2Fv2%2Fcategories&post=8790"},{"taxonomy":"post_tag","embeddable":true,"href":"https:\/\/www.rc03-ilbenstadt.de\/index.php?rest_route=%2Fwp%2Fv2%2Ftags&post=8790"}],"curies":[{"name":"wp","href":"https:\/\/api.w.org\/{rel}","templated":true}]}}