{"id":8801,"date":"2020-07-07T10:58:15","date_gmt":"2020-07-07T08:58:15","guid":{"rendered":"https:\/\/www.rc03-ilbenstadt.de\/?p=8801"},"modified":"2020-07-28T07:16:31","modified_gmt":"2020-07-28T05:16:31","slug":"8801","status":"publish","type":"post","link":"https:\/\/www.rc03-ilbenstadt.de\/?p=8801","title":{"rendered":"Ilbenst\u00e4dter Radtouren<br>Radwanderung &#8222;Von Assenheim nach Laubach&#8220;<br><br>am Donnerstag, den 23. Juli 2020<br><br>"},"content":{"rendered":"<p><strong>Liebe Mitglieder und Freunde des RC 03 Ilbenstadt,<\/strong><\/p>\n<p>Sonne, ein paar W\u00f6lkchen am Himmel, frische 13\u00b0 Celsius zum Start, die sich im Tagesverlauf\u00a0 bis auf 29 \u00b0 Celsius steigern, so sieht unser Radfahrwetter am Donnerstag, dem 23. Juli 2020 aus. Radwanderfachwart Erwin Loscher l\u00e4dt herzlich zur Rundtour nach Laubach ein:<\/p>\n<p><strong>Start am 23. Juli 2020 um<\/strong><\/p>\n<ul>\n<li><strong>09:00 Uhr am B\u00fcrgerhaus in Assenheim (Start und Ziel)<br \/>\n<\/strong><\/li>\n<li><strong>09:20 Uhr an der Ober-Florst\u00e4dter Niddabr\u00fccke<\/strong><\/li>\n<li><strong>09:50 Uhr am Bahn\u00fcbergang in Gettenau<\/strong><\/li>\n<\/ul>\n<p>Die <a href=\"https:\/\/www.rc03-ilbenstadt.de\/?page_id=8677\" target=\"_blank\" rel=\"noopener noreferrer\">Hygiene- und Abstandsregeln<\/a>, abgestimmt f\u00fcr <span id=\"more-8790\"><\/span><span id=\"more-8673\"><\/span>das <!--more-->Radwandern, des RC 03 Ilbenstadt sind vorab zur Kenntnis zu nehmen und am Veranstaltungstag strikt einzuhalten. Unn\u00f6tige Risiken auf Kosten der Gesundheit werden nicht eingegangen.<br \/>\nVergesst nicht den Mund- und Nasenschutz. Dieser ist w\u00e4hrend der Fahrt nicht notwendig, f\u00fcr Pausen wird er aber ben\u00f6tigt.<\/p>\n<p>Laubach ist unser Ziel. Betrachten wir die Streckenf\u00fchrung zwischen Assenheim und Hungen, f\u00e4llt uns auf, dass dies wieder eine Variante um die Wetterauer Seenplatte f\u00fcr uns ist. Der Weg f\u00fchrt uns zwischen dem Unteren und Oberen Knappensee und \u00f6stlich um den Trais-Horloffer See herum. Die R\u00fcckfahrt sei nur soweit schon hier kurz angesprochen, als dass der Sachsensee einen Halt wert ist. Nur ein schmaler Pfad in Geb\u00fcsch und B\u00e4umen er\u00f6ffnet den Blick auf ein besonderes Biotop. Doch zur\u00fcck zur Hinfahrt. Gro\u00dfe Teile unseres Weges f\u00fchrt \u00fcber historisches Gel\u00e4uf, waren doch Berstadt, Utphe, Inheiden und Hungen Stationen der alten Handelsstra\u00dfe Frankfurt &#8211; Leipzig, der &#8222;Kurzen Hessen&#8220; Schon Luther hat man 1521 auf seinem Weg zum Reichstag nach Worms und zur\u00fcck treffen k\u00f6nnen. Eine aufregende Zeit, lag die Sicherheit auf diesem Handelsweg auch f\u00fcr Reisende ohne drohende politische Verfolgung sehr im Argen. Anders auf der &#8222;Langen Hessen&#8220;, doch das liegt nicht mehr auf unserem Weg.<br \/>\nLaubach oder vermutlich von Einheimischen immer noch &#8222;Lobach&#8220; genannt, war schon 750 in einer Urkunde bekannt und h\u00e4tte Ulrich von Hanau seinem Sohn 1340 nicht die Erlaubnis zum Verkauf von Burg und Dorf erteilt, h\u00e4tten die Solmser Grafen, die Laubach nach dem Aussterben der Herren von Falkenstein-M\u00fcnzenberg auf den Namenszusatz &#8222;Laubach&#8220; verzichten m\u00fcssen. Im Stadtbild hinterlie\u00df uns diese Solmser Linie die schloss\u00e4hnlich ausgebaute Burg, unser touristisches Ziel. Bevor wir das genie\u00dfen k\u00f6nnen, m\u00fcssen wir im Laubacher Wald, abweichend von der sonst leicht gewellten Tour, einige kleine Steigungungen \u00fcberwinden.<\/p>\n<p>Eine Rast legen wir &#8211; vielleicht bei Kaffee und Kuchen &#8211; auf dem Laubacher Marktplatz ein, bevor wir uns auf den R\u00fcckweg machen. Hier nutzen wir die <a href=\"http:\/\/3malr.de\/\" target=\"_blank\" rel=\"noopener noreferrer\">Radthemenroute &#8222;RRR&#8220;<\/a> zwischen Gr\u00fcnberg, Laubach, Hungen und Lich, der auf einer ehemaligen Bahnstrecke uns mit lockerem Tritt nach Hungen bringt. Die drei &#8222;R&#8220; stehen f\u00fcr R\u00f6mer, Residenzen und Reformatoren&#8220; und versprechen Interessantes, entspannt erfahren. Ein Wiederkommen lohnt.<\/p>\n<p>Die R\u00fcckfahrt entlang der Kette Sachsensee, Teufelsee\/Pfaffensee und Bergwerksee bringt uns entspannt nach Assenheim zur\u00fcck. Unterwegs werden wir reges Treiben auf den Feldern beobachten k\u00f6nnen. Die Raps- und Getreideernte ist im vollem Gange. Nehmt R\u00fccksicht!<\/p>\n<p>Diese Genusstour \u00fcber verkehrsarmes, abwechslungsreiches Terrain wird etwa 86 Kilometer lang sein.<br \/>\nEin Geheimtipp: Wer &#8222;nur&#8220; 56 Kilometer seinen Waden g\u00f6nnen m\u00f6chte, parkt an der Hungener Stadthalle und erwartet die Assenheimer Radler in der Niddaer Stra\u00dfe\/Schottener Stra\u00dfe. Die Radlerschar k\u00f6nnte gegen 10:45 Uhr diese Stelle passieren.<\/p>\n<p>Haben wir Euer Interesse geweckt? Wir freuen uns auf eine rege Teilnahme.<br \/>\nErwin Loscher ist f\u00fcr R\u00fcckfragen unter der Telefonnummer 01512 02 30 745 erreichbar.<\/p>\n<p>Sollte es am Donnerstag wider Erwarten regnen oder ein Gewitter abzusehen sein, wird die Tour verschoben.<\/p>\n<p>F\u00fcr das Radwanderteam<\/p>\n<p>Wilhelm Schr\u00f6der<br \/>\nFachbereichsleiter \u00d6ffentlichkeitsarbeit und Sport (RTF\/CTF)<\/p>\n<p>Streckendownload f\u00fcr Navigationsger\u00e4te:<br \/>\n<a href=\"https:\/\/rc03-ilbenstadt.de\/GPX\/GPX-RW\/RC03-RW-200709-Assenheim_Laubach.gpx\" target=\"_blank\" rel=\"noopener noreferrer\">&#8222;Von Assenheim nach Laubach&#8220;<\/a><\/p>\n<p><a href=\"http:\/\/umap.openstreetmap.fr\/de\/map\/rc03_ilbenstadt_rw_200709_assenheim_laubach_478780\" target=\"_blank\" rel=\"noopener noreferrer\"><strong>Zur Radwanderstrecke Strecke \u201eVon Assenheim nach <\/strong><strong>Laubach\u201c<\/strong><strong><br \/>\n(Vollbildanzeige):<\/strong><\/a><br \/>\n<iframe loading=\"lazy\" src=\"\/\/umap.openstreetmap.fr\/de\/map\/rc03_ilbenstadt_rw_200709_assenheim_laubach_478780?scaleControl=true&amp;miniMap=false&amp;scrollWheelZoom=false&amp;zoomControl=true&amp;allowEdit=false&amp;moreControl=true&amp;searchControl=true&amp;tilelayersControl=null&amp;embedControl=null&amp;datalayersControl=true&amp;onLoadPanel=undefined&amp;captionBar=false&amp;fullscreenControl=true&amp;measureControl=true\" width=\"100%\" height=\"300px\" frameborder=\"0\" allowfullscreen=\"allowfullscreen\"><\/iframe><\/p>\n","protected":false},"excerpt":{"rendered":"<p>Liebe Mitglieder und Freunde des RC 03 Ilbenstadt, Sonne, ein paar W\u00f6lkchen am Himmel, frische 13\u00b0 Celsius zum Start, die sich im Tagesverlauf\u00a0 bis auf 29 \u00b0 Celsius steigern, so sieht unser Radfahrwetter am Donnerstag, dem 23. Juli 2020 aus. &hellip; <a href=\"https:\/\/www.rc03-ilbenstadt.de\/?p=8801\">Weiterlesen <span class=\"meta-nav\">&rarr;<\/span><\/a><\/p>\n","protected":false},"author":9,"featured_media":4738,"comment_status":"closed","ping_status":"closed","sticky":false,"template":"","format":"standard","meta":{"_crdt_document":"","footnotes":""},"categories":[1],"tags":[],"class_list":["post-8801","post","type-post","status-publish","format-standard","has-post-thumbnail","hentry","category-allgemein"],"_links":{"self":[{"href":"https:\/\/www.rc03-ilbenstadt.de\/index.php?rest_route=\/wp\/v2\/posts\/8801","targetHints":{"allow":["GET"]}}],"collection":[{"href":"https:\/\/www.rc03-ilbenstadt.de\/index.php?rest_route=\/wp\/v2\/posts"}],"about":[{"href":"https:\/\/www.rc03-ilbenstadt.de\/index.php?rest_route=\/wp\/v2\/types\/post"}],"author":[{"embeddable":true,"href":"https:\/\/www.rc03-ilbenstadt.de\/index.php?rest_route=\/wp\/v2\/users\/9"}],"replies":[{"embeddable":true,"href":"https:\/\/www.rc03-ilbenstadt.de\/index.php?rest_route=%2Fwp%2Fv2%2Fcomments&post=8801"}],"version-history":[{"count":5,"href":"https:\/\/www.rc03-ilbenstadt.de\/index.php?rest_route=\/wp\/v2\/posts\/8801\/revisions"}],"predecessor-version":[{"id":8865,"href":"https:\/\/www.rc03-ilbenstadt.de\/index.php?rest_route=\/wp\/v2\/posts\/8801\/revisions\/8865"}],"wp:featuredmedia":[{"embeddable":true,"href":"https:\/\/www.rc03-ilbenstadt.de\/index.php?rest_route=\/wp\/v2\/media\/4738"}],"wp:attachment":[{"href":"https:\/\/www.rc03-ilbenstadt.de\/index.php?rest_route=%2Fwp%2Fv2%2Fmedia&parent=8801"}],"wp:term":[{"taxonomy":"category","embeddable":true,"href":"https:\/\/www.rc03-ilbenstadt.de\/index.php?rest_route=%2Fwp%2Fv2%2Fcategories&post=8801"},{"taxonomy":"post_tag","embeddable":true,"href":"https:\/\/www.rc03-ilbenstadt.de\/index.php?rest_route=%2Fwp%2Fv2%2Ftags&post=8801"}],"curies":[{"name":"wp","href":"https:\/\/api.w.org\/{rel}","templated":true}]}}