{"id":881,"date":"2011-03-27T10:32:13","date_gmt":"2011-03-27T08:32:13","guid":{"rendered":"http:\/\/www.rc03-ilbenstadt.de\/?p=881"},"modified":"2012-08-15T10:20:55","modified_gmt":"2012-08-15T08:20:55","slug":"rtf-in-ilbenstadt-wetterau-vogelsbergrundfahrt","status":"publish","type":"post","link":"https:\/\/www.rc03-ilbenstadt.de\/?p=881","title":{"rendered":"RTF in Ilbenstadt &#8211; Wetterau-\/Vogelsbergrundfahrt"},"content":{"rendered":"<p>Um 06:00 Uhr haben wir die letzten Vorbereitungen f\u00fcr unsere diesj\u00e4hrige Fr\u00fchjahrs-RTF getroffen. Vor allem galt es, hei\u00dfen Kaffee f\u00fcr Helferinnen und Helfer sowie f\u00fcr die ersten Starterinnen und Starter vorzubereiten. Um 07:00 Uhr erschien der harte Kern der Radsportler am Start, musste sich aber bis zur offiziellen Startfreigabe um 08:00 Uhr mit Kaffee, einem kleinen Imbi\u00df und angeregter Unterhaltung mit Gleichgesinnten die Zeit vertreiben.<\/p>\n<table border=\"0\">\n<tbody>\n<tr>\n<td>\n<div id=\"attachment_915\" style=\"width: 160px\" class=\"wp-caption alignnone\"><a href=\"https:\/\/www.rc03-ilbenstadt.de\/wp-content\/uploads\/2011\/04\/IMG_6540-Ruhe-vor-dem-Sturm.jpg\" rel=\"lightbox[881]\"><img loading=\"lazy\" decoding=\"async\" aria-describedby=\"caption-attachment-915\" class=\"size-thumbnail wp-image-915\" title=\"IMG_6540-Ruhe vor dem Sturm\" src=\"https:\/\/www.rc03-ilbenstadt.de\/wp-content\/uploads\/2011\/04\/IMG_6540-Ruhe-vor-dem-Sturm-150x150.jpg\" alt=\"Ruhe vor dem Sturm\" width=\"150\" height=\"150\" \/><\/a><p id=\"caption-attachment-915\" class=\"wp-caption-text\">Ruhe vor dem Sturm<\/p><\/div>\n<\/td>\n<td>\n<div id=\"attachment_916\" style=\"width: 160px\" class=\"wp-caption alignnone\"><a href=\"https:\/\/www.rc03-ilbenstadt.de\/wp-content\/uploads\/2011\/04\/IMG_6511-Besatzung-am-Startstempel.jpg\" rel=\"lightbox[881]\"><img loading=\"lazy\" decoding=\"async\" aria-describedby=\"caption-attachment-916\" class=\"size-thumbnail wp-image-916\" title=\"IMG_6511-Besatzung am Startstempel\" src=\"https:\/\/www.rc03-ilbenstadt.de\/wp-content\/uploads\/2011\/04\/IMG_6511-Besatzung-am-Startstempel-150x150.jpg\" alt=\"Besatzung am Startstempel\" width=\"150\" height=\"150\" \/><\/a><p id=\"caption-attachment-916\" class=\"wp-caption-text\">Besatzung Startstempel<\/p><\/div>\n<\/td>\n<td>\n<div id=\"attachment_921\" style=\"width: 160px\" class=\"wp-caption alignnone\"><a href=\"https:\/\/www.rc03-ilbenstadt.de\/wp-content\/uploads\/2011\/04\/IMG_6505-Erste-Starter.jpg\" rel=\"lightbox[881]\"><img loading=\"lazy\" decoding=\"async\" aria-describedby=\"caption-attachment-921\" class=\"size-thumbnail wp-image-921\" title=\"IMG_6505-Erste Starter\" src=\"https:\/\/www.rc03-ilbenstadt.de\/wp-content\/uploads\/2011\/04\/IMG_6505-Erste-Starter-150x150.jpg\" alt=\"Erste Starter\" width=\"150\" height=\"150\" \/><\/a><p id=\"caption-attachment-921\" class=\"wp-caption-text\">Erste Starter<\/p><\/div>\n<\/td>\n<\/tr>\n<\/tbody>\n<\/table>\n<p>Ab 08:00 Uhr ging es Schlag auf Schlag. Die Anfahrt lief, die Parkpl\u00e4tze liefen voll &#8211; hier noch unser Dank an die Familie Werner f\u00fcr ein zus\u00e4tzliches Parkplatzangebot &#8211; und am Start hatten wir alle H\u00e4nde voll zu tun, die Teilnehmer mit den Startunterlagen und R\u00fcckennummern zu versorgen. Bis 10:00 Uhr haben sich rund 600 Radsportlerinnen und Radsportler auf die Strecken begeben.<\/p>\n<table border=\"0\">\n<tbody>\n<tr>\n<td>\n<div id=\"attachment_931\" style=\"width: 160px\" class=\"wp-caption alignnone\"><a href=\"https:\/\/www.rc03-ilbenstadt.de\/wp-content\/uploads\/2011\/03\/IMG_6540-Vor-dem-Start.jpg\" rel=\"lightbox[881]\"><img loading=\"lazy\" decoding=\"async\" aria-describedby=\"caption-attachment-931\" class=\"size-thumbnail wp-image-931\" title=\"IMG_6540-Vor dem Start\" src=\"https:\/\/www.rc03-ilbenstadt.de\/wp-content\/uploads\/2011\/03\/IMG_6540-Vor-dem-Start-150x150.jpg\" alt=\"Vor dem Start\" width=\"150\" height=\"150\" \/><\/a><p id=\"caption-attachment-931\" class=\"wp-caption-text\">Vor dem Start<\/p><\/div>\n<\/td>\n<td>\n<div id=\"attachment_932\" style=\"width: 160px\" class=\"wp-caption alignnone\"><a href=\"https:\/\/www.rc03-ilbenstadt.de\/wp-content\/uploads\/2011\/03\/IMG_6535-Betrieb-am-Startstempel.jpg\" rel=\"lightbox[881]\"><img loading=\"lazy\" decoding=\"async\" aria-describedby=\"caption-attachment-932\" class=\"size-thumbnail wp-image-932\" title=\"IMG_6535-Betrieb am Startstempel\" src=\"https:\/\/www.rc03-ilbenstadt.de\/wp-content\/uploads\/2011\/03\/IMG_6535-Betrieb-am-Startstempel-150x150.jpg\" alt=\"Am Start\" width=\"150\" height=\"150\" \/><\/a><p id=\"caption-attachment-932\" class=\"wp-caption-text\">Am Start<\/p><\/div>\n<\/td>\n<td>\n<div id=\"attachment_927\" style=\"width: 160px\" class=\"wp-caption alignnone\"><a href=\"https:\/\/www.rc03-ilbenstadt.de\/wp-content\/uploads\/2011\/04\/P1020951-Kontrollstelle-bei-M\u00fcnzenberg.jpg\" rel=\"lightbox[881]\"><img loading=\"lazy\" decoding=\"async\" aria-describedby=\"caption-attachment-927\" class=\"size-thumbnail wp-image-927\" title=\"P1020951-Kontrollstelle bei M\u00fcnzenberg\" src=\"https:\/\/www.rc03-ilbenstadt.de\/wp-content\/uploads\/2011\/04\/P1020951-Kontrollstelle-bei-M\u00fcnzenberg-150x150.jpg\" alt=\"Kontrolle bei M\u00fcnzenberg\" width=\"150\" height=\"150\" \/><\/a><p id=\"caption-attachment-927\" class=\"wp-caption-text\">Kontrolle M\u00fcnzenberg<\/p><\/div>\n<\/td>\n<\/tr>\n<\/tbody>\n<\/table>\n<p>Drei Strecken sind im Angebot. Die 42 Kilometerrunde f\u00fchrt \u00fcber Friedberg durch das Wettertal nach Steinfurth. Weiter geht es \u00fcber W\u00f6lfersheim nach Melbach, wo die Teilnehmer eine Kontrollstelle mit Getr\u00e4nken und Verpflegung erwartet. \u00dcber Weckesheim und Assenheim geht es zum Start und Ziel zur\u00fcck.<\/p>\n<p>Die 75 Kilometerrunde erweitert unsere 42 Kilometerrunde bis \u00fcber Birklar und Langsdorf, w\u00e4hrend die 114 Kilometerrunde auch einige H\u00fcgel im Bereich M\u00fcnster, Queckborn, Lauter und Laubach einschlie\u00dft. Kontrollstellen sind hier in\/bei M\u00fcnzenberg und Laubach eingeerichtet.<\/p>\n<table border=\"0\">\n<tbody>\n<tr>\n<td>\n<div id=\"attachment_928\" style=\"width: 160px\" class=\"wp-caption alignnone\"><a href=\"https:\/\/www.rc03-ilbenstadt.de\/wp-content\/uploads\/2011\/04\/IMG_6543-Der-Zielbereich-f\u00fcllt-sich.jpg\" rel=\"lightbox[881]\"><img loading=\"lazy\" decoding=\"async\" aria-describedby=\"caption-attachment-928\" class=\"size-thumbnail wp-image-928\" title=\"IMG_6543-Der Zielbereich f\u00fcllt sich\" src=\"https:\/\/www.rc03-ilbenstadt.de\/wp-content\/uploads\/2011\/04\/IMG_6543-Der-Zielbereich-f\u00fcllt-sich-150x150.jpg\" alt=\"Zur\u00fcck im Ziel\" width=\"150\" height=\"150\" \/><\/a><p id=\"caption-attachment-928\" class=\"wp-caption-text\">Zur\u00fcck im Ziel<\/p><\/div>\n<\/td>\n<td>\n<div id=\"attachment_929\" style=\"width: 160px\" class=\"wp-caption alignnone\"><a href=\"https:\/\/www.rc03-ilbenstadt.de\/wp-content\/uploads\/2011\/04\/IMG_6558-Vor-der-Halle.jpg\" rel=\"lightbox[881]\"><img loading=\"lazy\" decoding=\"async\" aria-describedby=\"caption-attachment-929\" class=\"size-thumbnail wp-image-929\" title=\"IMG_6558-Vor der Halle\" src=\"https:\/\/www.rc03-ilbenstadt.de\/wp-content\/uploads\/2011\/04\/IMG_6558-Vor-der-Halle-150x150.jpg\" alt=\"Vor der Halle\" width=\"150\" height=\"150\" \/><\/a><p id=\"caption-attachment-929\" class=\"wp-caption-text\">Vor der Halle<\/p><\/div>\n<\/td>\n<td>\n<div id=\"attachment_936\" style=\"width: 160px\" class=\"wp-caption alignnone\"><a href=\"https:\/\/www.rc03-ilbenstadt.de\/wp-content\/uploads\/2011\/04\/IMG_6547-Parkplatz.jpg\" rel=\"lightbox[881]\"><img loading=\"lazy\" decoding=\"async\" aria-describedby=\"caption-attachment-936\" class=\"size-thumbnail wp-image-936\" title=\"IMG_6547-Parkplatz\" src=\"https:\/\/www.rc03-ilbenstadt.de\/wp-content\/uploads\/2011\/04\/IMG_6547-Parkplatz-150x150.jpg\" alt=\"Parkplatz\" width=\"150\" height=\"150\" \/><\/a><p id=\"caption-attachment-936\" class=\"wp-caption-text\">Parkplatz<\/p><\/div>\n<\/td>\n<\/tr>\n<\/tbody>\n<\/table>\n<p>Nach einer kurzen Pause an Start und Ziel kommen jetzt die ersten Teilnehmer wieder zur\u00fcck. Bei Kaffee, Kuchen und einem leckeren Angebot am Grill wird sich lebhaft ausgetauscht. Gegen 12:30 Uhr wird der Gro\u00dfteil der Radsportlerinnen und Radsportler rechtzeitig wieder zur Siegerehrung am Ziel erwartet.<!--more--><\/p>\n<p>Nachdem sich der Zielbereich gef\u00fcllt hatte und reges Treiben in und vor der Halle herrschte, stand die Siegerehrung an. Herr Dr. Hertel, der B\u00fcrgermeister von Niddatal, richtete ein Gru\u00dfwort an G\u00e4ste und Gastgeber und dr\u00fcckte seine Freude aus, dass bei gutem Wetter Ilbenstadt wieder Ziel von vielen Radsportlerinnen und Radsportlern aus der n\u00e4heren und weiteren Umgebung geworden ist. Er wirkte neben unserem Ehrenvorsitzenden Theo Hof an der Siegerehrung mit und konnte die Gl\u00fcckw\u00fcnsche den Geehrten \u00fcbermitteln. Es wurden folgende Platzierungen erreicht:<\/p>\n<p>1. Platz &#8211; RVG Hungen<br \/>\n2. Platz &#8211; RV Germania Nieder-Weisel<br \/>\n3. Platz &#8211; RC Sprinter 1977 Nieder-Dorfelden<br \/>\n4. Platz &#8211; VC Frankfurt<br \/>\n5. Platz &#8211; RTC Sandhasen `88 W\u00f6lfersheim e.V.<br \/>\n6. Platz &#8211; RVW Gambach<br \/>\n7. Platz &#8211; RSC Bimbach<br \/>\n8. Platz &#8211; RV Ober-M\u00f6rlen<\/p>\n<p>Privatmannschaften haben in diesem Jahr nicht am Wettbewerb teilgenommen.<\/p>\n<div id=\"attachment_935\" style=\"width: 160px\" class=\"wp-caption alignnone\"><a href=\"https:\/\/www.rc03-ilbenstadt.de\/wp-content\/uploads\/2011\/04\/IMG_7323-Siegerehrung.jpg\" rel=\"lightbox[881]\"><img loading=\"lazy\" decoding=\"async\" aria-describedby=\"caption-attachment-935\" class=\"size-thumbnail wp-image-935\" title=\"IMG_7323-Siegerehrung\" src=\"https:\/\/www.rc03-ilbenstadt.de\/wp-content\/uploads\/2011\/04\/IMG_7323-Siegerehrung-150x150.jpg\" alt=\"Siegerehrung\" width=\"150\" height=\"150\" \/><\/a><p id=\"caption-attachment-935\" class=\"wp-caption-text\">Siegerehrung<\/p><\/div>\n<p>Bis in die Nachmittagsstunden sa\u00df man noch zusammen. Die Helferinnen und Helfer kamen von den Kontrollstellen und den Fahrzeugen des Streckenservice auch nach Ilbenstadt. Insgesamt blicken wir auf eine erfolgreiche Veranstaltung zur\u00fcck. Unser Dank gilt allen Beteiligten, ohne die uns eine solche Veranstaltung nicht m\u00f6glich gewesene w\u00e4re und nat\u00fcrlich auch der Feuerwehr, die uns mit ihren R\u00e4umlichkeiten unterst\u00fctzt hat.<\/p>\n<p>Im Herbst stehen uns zur RTF am 11.09.2011 wieder die gewohnten R\u00e4umlichkeiten um die Gymnastikhalle wieder zur Verf\u00fcgung. Dazu laden wir bereits heute herzlich ein.<\/p>\n<div id=\"_mcePaste\" class=\"mcePaste\" style=\"position: absolute; left: -10000px; top: 202px; width: 1px; height: 1px; overflow: hidden;\">\n<table border=\"0\">\n<tbody>\n<tr>\n<td>\n<div id=\"attachment_915\" style=\"width: 160px\" class=\"wp-caption alignnone\"><a href=\"https:\/\/www.rc03-ilbenstadt.de\/wp-content\/uploads\/2011\/04\/IMG_6540-Ruhe-vor-dem-Sturm.jpg\" rel=\"lightbox[881]\"><img loading=\"lazy\" decoding=\"async\" aria-describedby=\"caption-attachment-915\" class=\"size-thumbnail wp-image-915\" title=\"IMG_6540-Ruhe vor dem Sturm\" src=\"https:\/\/www.rc03-ilbenstadt.de\/wp-content\/uploads\/2011\/04\/IMG_6540-Ruhe-vor-dem-Sturm-150x150.jpg\" alt=\"Ruhe vor dem Sturm\" width=\"150\" height=\"150\" \/><\/a><p id=\"caption-attachment-915\" class=\"wp-caption-text\">Ruhe vor dem Sturm<\/p><\/div>\n<\/td>\n<td>\n<div id=\"attachment_916\" style=\"width: 160px\" class=\"wp-caption alignnone\"><a href=\"https:\/\/www.rc03-ilbenstadt.de\/wp-content\/uploads\/2011\/04\/IMG_6511-Besatzung-am-Startstempel.jpg\" rel=\"lightbox[881]\"><img loading=\"lazy\" decoding=\"async\" aria-describedby=\"caption-attachment-916\" class=\"size-thumbnail wp-image-916\" title=\"IMG_6511-Besatzung am Startstempel\" src=\"https:\/\/www.rc03-ilbenstadt.de\/wp-content\/uploads\/2011\/04\/IMG_6511-Besatzung-am-Startstempel-150x150.jpg\" alt=\"Besatzung am Startstempel\" width=\"150\" height=\"150\" \/><\/a><p id=\"caption-attachment-916\" class=\"wp-caption-text\">Besatzung Startstempel<\/p><\/div>\n<\/td>\n<td>\n<div id=\"attachment_921\" style=\"width: 160px\" class=\"wp-caption alignnone\"><a href=\"https:\/\/www.rc03-ilbenstadt.de\/wp-content\/uploads\/2011\/04\/IMG_6505-Erste-Starter.jpg\" rel=\"lightbox[881]\"><img loading=\"lazy\" decoding=\"async\" aria-describedby=\"caption-attachment-921\" class=\"size-thumbnail wp-image-921\" title=\"IMG_6505-Erste Starter\" src=\"https:\/\/www.rc03-ilbenstadt.de\/wp-content\/uploads\/2011\/04\/IMG_6505-Erste-Starter-150x150.jpg\" alt=\"Erste Starter\" width=\"150\" height=\"150\" \/><\/a><p id=\"caption-attachment-921\" class=\"wp-caption-text\">Erste Starter<\/p><\/div>\n<\/td>\n<\/tr>\n<\/tbody>\n<\/table>\n<\/div>\n","protected":false},"excerpt":{"rendered":"<p>Um 06:00 Uhr haben wir die letzten Vorbereitungen f\u00fcr unsere diesj\u00e4hrige Fr\u00fchjahrs-RTF getroffen. Vor allem galt es, hei\u00dfen Kaffee f\u00fcr Helferinnen und Helfer sowie f\u00fcr die ersten Starterinnen und Starter vorzubereiten. Um 07:00 Uhr erschien der harte Kern der Radsportler &hellip; <a href=\"https:\/\/www.rc03-ilbenstadt.de\/?p=881\">Weiterlesen <span class=\"meta-nav\">&rarr;<\/span><\/a><\/p>\n","protected":false},"author":9,"featured_media":0,"comment_status":"closed","ping_status":"closed","sticky":false,"template":"","format":"standard","meta":{"_crdt_document":"","footnotes":""},"categories":[1],"tags":[],"class_list":["post-881","post","type-post","status-publish","format-standard","hentry","category-allgemein"],"_links":{"self":[{"href":"https:\/\/www.rc03-ilbenstadt.de\/index.php?rest_route=\/wp\/v2\/posts\/881","targetHints":{"allow":["GET"]}}],"collection":[{"href":"https:\/\/www.rc03-ilbenstadt.de\/index.php?rest_route=\/wp\/v2\/posts"}],"about":[{"href":"https:\/\/www.rc03-ilbenstadt.de\/index.php?rest_route=\/wp\/v2\/types\/post"}],"author":[{"embeddable":true,"href":"https:\/\/www.rc03-ilbenstadt.de\/index.php?rest_route=\/wp\/v2\/users\/9"}],"replies":[{"embeddable":true,"href":"https:\/\/www.rc03-ilbenstadt.de\/index.php?rest_route=%2Fwp%2Fv2%2Fcomments&post=881"}],"version-history":[{"count":0,"href":"https:\/\/www.rc03-ilbenstadt.de\/index.php?rest_route=\/wp\/v2\/posts\/881\/revisions"}],"wp:attachment":[{"href":"https:\/\/www.rc03-ilbenstadt.de\/index.php?rest_route=%2Fwp%2Fv2%2Fmedia&parent=881"}],"wp:term":[{"taxonomy":"category","embeddable":true,"href":"https:\/\/www.rc03-ilbenstadt.de\/index.php?rest_route=%2Fwp%2Fv2%2Fcategories&post=881"},{"taxonomy":"post_tag","embeddable":true,"href":"https:\/\/www.rc03-ilbenstadt.de\/index.php?rest_route=%2Fwp%2Fv2%2Ftags&post=881"}],"curies":[{"name":"wp","href":"https:\/\/api.w.org\/{rel}","templated":true}]}}