{"id":8810,"date":"2020-08-17T04:17:00","date_gmt":"2020-08-17T02:17:00","guid":{"rendered":"https:\/\/www.rc03-ilbenstadt.de\/?p=8810"},"modified":"2020-08-18T08:30:45","modified_gmt":"2020-08-18T06:30:45","slug":"ilbenstaedter-radtourenradwanderung-von-assenheim-zur-ronneburgam-dienstag-den-14-juli-2020","status":"publish","type":"post","link":"https:\/\/www.rc03-ilbenstadt.de\/?p=8810","title":{"rendered":"Ilbenst\u00e4dter Radtouren<br>Radwanderung &#8222;Von Assenheim zur Ronneburg&#8220;<br><br>am Mittwoch, den 19. August 2020<br><br>"},"content":{"rendered":"<p><strong>Liebe Mitglieder und Freunde des RC 03 Ilbenstadt,<\/strong><\/p>\n<p>am Mittwoch ist nach einem eher unfreundlichen Wettermix zu Wochenbeginn mit Regen und Gewittern wieder gutes Radfahrwetter prognostiziert. Das nutzen wir aus und laden zu einer Radtour zur Ronneburg unter F\u00fchrung von Lutz Delling herzlich ein:<\/p>\n<p><strong>Start am Mittwoch, den 19. August 2020 um<\/strong><\/p>\n<ul>\n<li><strong>09:00 Uhr am B\u00fcrgerhaus in Assenheim<br \/>\n<\/strong><\/li>\n<li><strong>09:20 Uhr an der Wickst\u00e4dter Niddabr\u00fccke<br \/>\n<\/strong><\/li>\n<\/ul>\n<p>Die <a href=\"https:\/\/www.rc03-ilbenstadt.de\/?page_id=8677\" target=\"_blank\" rel=\"noopener noreferrer\">Hygiene- und Abstandsregeln<\/a> (aktuell in \u00dcberarbeitung!), abgestimmt f\u00fcr <span id=\"more-8790\"><\/span><span id=\"more-8673\"><\/span>das Radwandern, des RC 03 Ilbenstadt <!--more-->sind vorab zur Kenntnis zu nehmen und am Veranstaltungstag strikt einzuhalten. Unn\u00f6tige Risiken auf Kosten der Gesundheit werden nicht eingegangen.<br \/>\nVergesst nicht den Mund- und Nasenschutz. Dieser ist w\u00e4hrend der Fahrt nicht notwendig, f\u00fcr Pausen wird er aber ben\u00f6tigt.<\/p>\n<p>Weit \u00fcberwiegend fahren wir abseits des Stra\u00dfenverkehrs \u00fcber <span id=\"more-7567\"><\/span>Rad-, Feld- und Forstwege<span id=\"more-7556\"><\/span> der Ronneburg entgegen. Die im 13. Jahrhundert erbaute Sicherungsburg der \u201eKaiserlichen Wetterau\u201c thront \u00fcber der Landschaft auf einem Basaltsporn, dessen Bew\u00e4ltigung lohnt. Es bietet sich ein phantastischer Ausblick in die Runde. Die An- und Abfahrt durch die jetzt goldene Wetterau zur Ronneburg ist mit sanften Wellen durchzogen. Doch lauert auch der ein oder andere H\u00fcgel auf die Pedalritterschar. Die Getreideernte ist im Gange und so erleben wir die Kulturlandschaft im Wechsel der Jahreszeiten.\u00a0 Sonne und Wolken tragen mit dazu bei, die Wetterau immer wieder in einem neuen Licht und wechselnden Stimmungen zu pr\u00e4sentieren.\u00a0 Sie tr\u00e4gt aufgrund der Trockenheit schon jetzt herbstliche Z\u00fcge. Auch historisch wird f\u00fcr Interessierte hier allerhand geboten. So bewegen wir uns zu gro\u00dfen Teilen auf einem historischen Wegenetz. Dies verwundert nicht, wurde doch die Ronneburg zum Schutz der Handelswege in dieser Region erbaut.<\/p>\n<p>Nach dem Start radeln wir zur Wickst\u00e4dter Niddabr\u00fccke. Hier warten die \u201eFlorst\u00e4dter\u201c und &#8222;Bingenheimer&#8220; auf uns. Danach geht es durch den Wald nach H\u00f6chst und Rommelhausen, weiter \u00fcber den Limesradweg nach Langenbergheim, Eckartshausen und Altwiedermus zur Ronneburg. Wir lassen Burg, Landschaft und die Erlebnisse der Hinfahrt auf uns wirken. In der Burganlage wird gerastet, eine Einkehr ist m\u00f6glich.<br \/>\nGest\u00e4rkt fahren wir ab. Durch Feld und Wald pedalieren wir \u00fcber D\u00fcdelsheim, Hainchen, Lindheim, Rodenbach, Stammheim und Florstadt zur\u00fcck nach Assenheim.<\/p>\n<p>Diese Genusstour \u00fcber verkehrsarmes, abwechslungsreiches und auch forderndes Terrain wird etwa 59 Kilometer lang sein.<\/p>\n<p>Haben wir Euer Interesse geweckt? Wir freuen uns auf eine rege Teilnahme.<br \/>\nLutz Delling ist f\u00fcr R\u00fcckfragen unter der Telefonnummer 0176 35 49 84 80 erreichbar.<\/p>\n<p>Sollte es am Mittwoch wider Erwarten regnen oder ein Gewitter abzusehen sein, wird die Tour verschoben.<\/p>\n<p>F\u00fcr das Radwanderteam<\/p>\n<p>Wilhelm Schr\u00f6der<br \/>\nFachbereichsleiter \u00d6ffentlichkeitsarbeit und Sport (RTF\/CTF)<\/p>\n<p>Streckendownload f\u00fcr Navigationsger\u00e4te:<br \/>\n<a href=\"https:\/\/rc03-ilbenstadt.de\/GPX\/GPX-RW\/RC03-RW_200714-Assenheim_Ronneburg.gpx\"><strong>&#8222;Von Assenheim zur Ronneburg&#8220;<\/strong><\/a><\/p>\n<p><a href=\"http:\/\/umap.openstreetmap.fr\/de\/map\/rc03_ilbenstadt_200714_rw_assenheim_ronneburg_479596\" target=\"_blank\" rel=\"noopener noreferrer\"><strong>Zur Radwanderstrecke Strecke \u201eVon Assenheim zur Ronneburg<\/strong><strong>\u201c<\/strong><strong><br \/>\n<\/strong><strong>(Vollbildanzeige):<\/strong><\/a><br \/>\n<iframe loading=\"lazy\" src=\"\/\/umap.openstreetmap.fr\/de\/map\/rc03_ilbenstadt_200714_rw_assenheim_ronneburg_479596?scaleControl=false&amp;miniMap=false&amp;scrollWheelZoom=true&amp;zoomControl=true&amp;allowEdit=false&amp;moreControl=true&amp;searchControl=true&amp;tilelayersControl=null&amp;embedControl=null&amp;datalayersControl=true&amp;onLoadPanel=undefined&amp;captionBar=false&amp;fullscreenControl=true&amp;measureControl=true\" width=\"100%\" height=\"300px\" frameborder=\"0\" allowfullscreen=\"allowfullscreen\"><\/iframe><\/p>\n","protected":false},"excerpt":{"rendered":"<p>Liebe Mitglieder und Freunde des RC 03 Ilbenstadt, am Mittwoch ist nach einem eher unfreundlichen Wettermix zu Wochenbeginn mit Regen und Gewittern wieder gutes Radfahrwetter prognostiziert. Das nutzen wir aus und laden zu einer Radtour zur Ronneburg unter F\u00fchrung von &hellip; <a href=\"https:\/\/www.rc03-ilbenstadt.de\/?p=8810\">Weiterlesen <span class=\"meta-nav\">&rarr;<\/span><\/a><\/p>\n","protected":false},"author":9,"featured_media":4738,"comment_status":"closed","ping_status":"closed","sticky":false,"template":"","format":"standard","meta":{"_crdt_document":"","footnotes":""},"categories":[1],"tags":[],"class_list":["post-8810","post","type-post","status-publish","format-standard","has-post-thumbnail","hentry","category-allgemein"],"_links":{"self":[{"href":"https:\/\/www.rc03-ilbenstadt.de\/index.php?rest_route=\/wp\/v2\/posts\/8810","targetHints":{"allow":["GET"]}}],"collection":[{"href":"https:\/\/www.rc03-ilbenstadt.de\/index.php?rest_route=\/wp\/v2\/posts"}],"about":[{"href":"https:\/\/www.rc03-ilbenstadt.de\/index.php?rest_route=\/wp\/v2\/types\/post"}],"author":[{"embeddable":true,"href":"https:\/\/www.rc03-ilbenstadt.de\/index.php?rest_route=\/wp\/v2\/users\/9"}],"replies":[{"embeddable":true,"href":"https:\/\/www.rc03-ilbenstadt.de\/index.php?rest_route=%2Fwp%2Fv2%2Fcomments&post=8810"}],"version-history":[{"count":5,"href":"https:\/\/www.rc03-ilbenstadt.de\/index.php?rest_route=\/wp\/v2\/posts\/8810\/revisions"}],"predecessor-version":[{"id":8908,"href":"https:\/\/www.rc03-ilbenstadt.de\/index.php?rest_route=\/wp\/v2\/posts\/8810\/revisions\/8908"}],"wp:featuredmedia":[{"embeddable":true,"href":"https:\/\/www.rc03-ilbenstadt.de\/index.php?rest_route=\/wp\/v2\/media\/4738"}],"wp:attachment":[{"href":"https:\/\/www.rc03-ilbenstadt.de\/index.php?rest_route=%2Fwp%2Fv2%2Fmedia&parent=8810"}],"wp:term":[{"taxonomy":"category","embeddable":true,"href":"https:\/\/www.rc03-ilbenstadt.de\/index.php?rest_route=%2Fwp%2Fv2%2Fcategories&post=8810"},{"taxonomy":"post_tag","embeddable":true,"href":"https:\/\/www.rc03-ilbenstadt.de\/index.php?rest_route=%2Fwp%2Fv2%2Ftags&post=8810"}],"curies":[{"name":"wp","href":"https:\/\/api.w.org\/{rel}","templated":true}]}}