{"id":8878,"date":"2020-07-28T08:38:39","date_gmt":"2020-07-28T06:38:39","guid":{"rendered":"https:\/\/www.rc03-ilbenstadt.de\/?p=8878"},"modified":"2020-07-28T08:56:36","modified_gmt":"2020-07-28T06:56:36","slug":"ilbenstaedter-radtourenradwanderung-wickstadt-buedingen-wickstadtam-donnerstag-den-30-juli-2020","status":"publish","type":"post","link":"https:\/\/www.rc03-ilbenstadt.de\/?p=8878","title":{"rendered":"Ilbenst\u00e4dter Radtouren<br>Radwanderung &#8222;Wickstadt-B\u00fcdingen-Wickstadt&#8220;<br><br>am Donnerstag, den 30. Juli 2020<br><br>"},"content":{"rendered":"<p><strong>Liebe Mitglieder und Freunde des RC 03 Ilbenstadt,<\/strong><\/p>\n<p>Sonne satt, keine W\u00f6lkchen in Sicht, 20\u00b0 Celsius zum Start, die sich im Tagesverlauf bis auf 27 \u00b0 Celsius steigern werden. So sieht unser Radfahrwetter am Donnerstag, dem 30. Juli 2020 aus. Radwanderfachwart Erwin Loscher l\u00e4dt herzlich zur Rundtour nach B\u00fcdingen ein:<\/p>\n<p><strong>Start am 30. Juli 2020 um<\/strong><\/p>\n<p><strong>09:30 Uhr an der Wickst\u00e4dter Niddabr\u00fccke<\/strong><\/p>\n<p>Die <a href=\"https:\/\/www.rc03-ilbenstadt.de\/?page_id=8677\" target=\"_blank\" rel=\"noopener noreferrer\">Hygiene- und Abstandsregeln<\/a>, abgestimmt f\u00fcr <span id=\"more-8790\"><\/span><span id=\"more-8673\"><\/span>das <!--more-->Radwandern, des RC 03 Ilbenstadt sind vorab zur Kenntnis zu nehmen und am Veranstaltungstag strikt einzuhalten. Unn\u00f6tige Risiken auf Kosten der Gesundheit werden nicht eingegangen.<br \/>\nVergesst nicht den Mund- und Nasenschutz. Dieser ist w\u00e4hrend der Fahrt nicht notwendig, f\u00fcr Pausen wird er aber ben\u00f6tigt.<\/p>\n<p>Selten erreichen wir ein Ziel &#8211; es soll B\u00fcdingen sein &#8211; auf direktem Wege und auch bei dieser Tour wollen wir von der Gewohnheit nicht lassen. Unser Weg f\u00fchrt durch schattige W\u00e4lder in s\u00fcdliche Gefilde \u00fcber Eichen nach Mark\u00f6bel. Kurz danach finden wir uns auf der Hohen Stra\u00dfe wieder, dem alten <a href=\"https:\/\/www.altstrassen-in-hessen.de\/altstrassen\/antsanvia.html\" target=\"_blank\" rel=\"noopener noreferrer\">Handelsweg Frankfurt &#8211; Leipzig<\/a>, den wir schon oft unter die R\u00e4der genommen haben. Von hier aus haben wir lange die Ronneburg im Blick, die weithin sichtbar eindrucksvoll auf einem Basaltsporn die Landschaft dominiert. Die Hohe Stra\u00dfe begleitet uns bis B\u00fcdingen. Ab Diebach am Haag folgt auch der RMV6, die Rhein-Main-Vergn\u00fcgen-Route &#8222;Durch das Ronneburger H\u00fcgelland&#8220; der Hohen Stra\u00dfe.<br \/>\nIn B\u00fcdingen erwartet uns die verdiente Rast. Erwin hat f\u00fcr die Einkehr schon ein Cafe im Auge. <a href=\"https:\/\/de.wikipedia.org\/wiki\/B%C3%BCdingen\" target=\"_blank\" rel=\"noopener noreferrer\">B\u00fcdingen<\/a> geh\u00f6rt mit seinem mittelalterlich gepr\u00e4gten Stadtkern und seinem Schloss zu den besterhaltenen Stadtanlagen Europas. Nachgerade ein Wunder, wenn man sich vor Augen h\u00e4lt, dass \u00fcber die Hohe Stra\u00dfe im 30-j\u00e4hrigen Krieg pl\u00fcndernde S\u00f6ldnerheere zogen, Napoleons Armee auf dem Weg nach Russland vorbeischaute und nicht zuletzt der verheerende Krieg in unserer j\u00fcngsten Geschichte in vielen St\u00e4dten und D\u00f6rfern Narben hinterlie\u00df. Heute k\u00f6nnte der Klimawandel f\u00fcr dieses Kleinod am Fu\u00dfe des Vogelsberges bedrohlich werden. So lesen wir in <a href=\"https:\/\/de.wikipedia.org\/wiki\/B%C3%BCdingen#Geologie\" target=\"_blank\" rel=\"noopener noreferrer\">Wikipedia<\/a>, dass B\u00fcdingen in einem feuchten, sumpfigen Tal liegt, Schloss und Altstadt auf jahrhundertealten Eichenbohlen ruht, die auf Buchenpf\u00e4hlen aufgesetzt sind. Eine Absenkung des Grundwasserspiegels w\u00fcrde dem Sauerstoff Zugang zum h\u00f6lzernen Fundament gew\u00e4hren; der Zerfall B\u00fcdingens w\u00e4re unausweichlich. Hoffen wir, dass der Grundwasserspiegel auf dem notwendigen Level bleibt und begeben uns aus dem &#8222;Sumpf&#8220; auf den R\u00fcckweg.<\/p>\n<p>Der RMV6 ist bis D\u00fcdelsheim unser Richtungsgeber. Hier verlassen wir diesen Radweg, der sich in Richtung S\u00fcden zu seinem Ausgangspunkt &#8222;Gelnhausen&#8220; verabschiedet. Lindheim, Rodenbach, Stammheim und Ober-Florstadt passieren wir auf dem Weg zur Nidda, auf den Hessenradweg R4. Von hier aus ist es zur Wickst\u00e4dter Niddabr\u00fccke, dem Ende unserer Tour, nicht mehr weit. Aufhalten k\u00f6nnte uns nur noch der Eissalon in Florstadt &#8230;<\/p>\n<p>Diese Genusstour \u00fcber verkehrsarmes, abwechslungsreiches und h\u00fcgeliges Terrain wird etwa 69 Kilometer lang sein.<\/p>\n<p>Haben wir Euer Interesse geweckt? Wir freuen uns auf eine rege Teilnahme.<br \/>\nErwin Loscher ist f\u00fcr R\u00fcckfragen unter der Telefonnummer 01512 02 30 745 erreichbar.<\/p>\n<p>Eine Tourverschiebung wegen schlechten Wetters fassen wir nicht ins Auge. Dies ist nicht zu erwarten und Meteorologen irren sich nie &#8230;<\/p>\n<p>F\u00fcr das Radwanderteam<\/p>\n<p>Wilhelm Schr\u00f6der<br \/>\nFachbereichsleiter \u00d6ffentlichkeitsarbeit und Sport (RTF\/CTF)<\/p>\n<p>Streckendownload f\u00fcr Navigationsger\u00e4te:<br \/>\n<a href=\"https:\/\/rc03-ilbenstadt.de\/GPX\/GPX-RW\/RC03-RW-200730-Wickstadt-B\u00dcD-Wickstadt.gpx\" target=\"_blank\" rel=\"noopener noreferrer\">&#8222;Wickstadt-B\u00fcdingen-Wickstadt&#8220;<\/a><\/p>\n<p><a href=\"http:\/\/umap.openstreetmap.fr\/de\/map\/rc03_ilbenstadt_rw_200307_wickstadt_bud_wickstadt_484476\" target=\"_blank\" rel=\"noopener noreferrer\"><strong>Zur Radwanderstrecke Strecke \u201eWickstadt-B\u00fcdingen-Wickstadt<\/strong><strong>\u201c<\/strong><strong><br \/>\n(Vollbildanzeige):<\/strong><\/a><br \/>\n<iframe loading=\"lazy\" src=\"\/\/umap.openstreetmap.fr\/de\/map\/rc03_ilbenstadt_rw_200307_wickstadt_bud_wickstadt_484476?scaleControl=true&amp;miniMap=false&amp;scrollWheelZoom=true&amp;zoomControl=true&amp;allowEdit=false&amp;moreControl=true&amp;searchControl=true&amp;tilelayersControl=null&amp;embedControl=null&amp;datalayersControl=true&amp;onLoadPanel=undefined&amp;captionBar=false&amp;datalayers=1361175&amp;fullscreenControl=true&amp;measureControl=true\" width=\"100%\" height=\"300px\" frameborder=\"0\" allowfullscreen=\"allowfullscreen\"><\/iframe><\/p>\n","protected":false},"excerpt":{"rendered":"<p>Liebe Mitglieder und Freunde des RC 03 Ilbenstadt, Sonne satt, keine W\u00f6lkchen in Sicht, 20\u00b0 Celsius zum Start, die sich im Tagesverlauf bis auf 27 \u00b0 Celsius steigern werden. So sieht unser Radfahrwetter am Donnerstag, dem 30. Juli 2020 aus. &hellip; <a href=\"https:\/\/www.rc03-ilbenstadt.de\/?p=8878\">Weiterlesen <span class=\"meta-nav\">&rarr;<\/span><\/a><\/p>\n","protected":false},"author":9,"featured_media":4738,"comment_status":"closed","ping_status":"closed","sticky":false,"template":"","format":"standard","meta":{"_crdt_document":"","footnotes":""},"categories":[1],"tags":[],"class_list":["post-8878","post","type-post","status-publish","format-standard","has-post-thumbnail","hentry","category-allgemein"],"_links":{"self":[{"href":"https:\/\/www.rc03-ilbenstadt.de\/index.php?rest_route=\/wp\/v2\/posts\/8878","targetHints":{"allow":["GET"]}}],"collection":[{"href":"https:\/\/www.rc03-ilbenstadt.de\/index.php?rest_route=\/wp\/v2\/posts"}],"about":[{"href":"https:\/\/www.rc03-ilbenstadt.de\/index.php?rest_route=\/wp\/v2\/types\/post"}],"author":[{"embeddable":true,"href":"https:\/\/www.rc03-ilbenstadt.de\/index.php?rest_route=\/wp\/v2\/users\/9"}],"replies":[{"embeddable":true,"href":"https:\/\/www.rc03-ilbenstadt.de\/index.php?rest_route=%2Fwp%2Fv2%2Fcomments&post=8878"}],"version-history":[{"count":5,"href":"https:\/\/www.rc03-ilbenstadt.de\/index.php?rest_route=\/wp\/v2\/posts\/8878\/revisions"}],"predecessor-version":[{"id":8883,"href":"https:\/\/www.rc03-ilbenstadt.de\/index.php?rest_route=\/wp\/v2\/posts\/8878\/revisions\/8883"}],"wp:featuredmedia":[{"embeddable":true,"href":"https:\/\/www.rc03-ilbenstadt.de\/index.php?rest_route=\/wp\/v2\/media\/4738"}],"wp:attachment":[{"href":"https:\/\/www.rc03-ilbenstadt.de\/index.php?rest_route=%2Fwp%2Fv2%2Fmedia&parent=8878"}],"wp:term":[{"taxonomy":"category","embeddable":true,"href":"https:\/\/www.rc03-ilbenstadt.de\/index.php?rest_route=%2Fwp%2Fv2%2Fcategories&post=8878"},{"taxonomy":"post_tag","embeddable":true,"href":"https:\/\/www.rc03-ilbenstadt.de\/index.php?rest_route=%2Fwp%2Fv2%2Ftags&post=8878"}],"curies":[{"name":"wp","href":"https:\/\/api.w.org\/{rel}","templated":true}]}}