{"id":8885,"date":"2020-08-04T12:43:01","date_gmt":"2020-08-04T10:43:01","guid":{"rendered":"https:\/\/www.rc03-ilbenstadt.de\/?p=8885"},"modified":"2020-08-06T04:41:40","modified_gmt":"2020-08-06T02:41:40","slug":"8885","status":"publish","type":"post","link":"https:\/\/www.rc03-ilbenstadt.de\/?p=8885","title":{"rendered":"Ilbenst\u00e4dter Radtouren<br>Radwanderung &#8222;Zum Winterstein-Taunuskamm&#8220;<br><br>am Donnerstag, den 6. August 2020<br><br>"},"content":{"rendered":"<p><strong>Liebe Mitglieder und Freunde des RC 03 Ilbenstadt,<\/strong><\/p>\n<p>Sonne satt, wieder keine W\u00f6lkchen in Sicht, 20\u00b0 Celsius zum Start, die sich im Tagesverlauf bis auf 30\u00b0 Celsius steigern werden. So sieht unser Radfahrwetter am Donnerstag, dem 6. August 2020 aus. Radwanderfachwart Erwin Loscher l\u00e4dt herzlich zur Rundtour Zum Winterstein-Taunuskamm ein:<\/p>\n<p><strong>Start am 6. August 2020 um<\/strong><\/p>\n<p><strong>09:00 Uhr an der Wickst\u00e4dter Niddabr\u00fccke<\/strong><\/p>\n<p>Die <a href=\"https:\/\/www.rc03-ilbenstadt.de\/?page_id=8677\" target=\"_blank\" rel=\"noopener noreferrer\">Hygiene- und Abstandsregeln<\/a>, abgestimmt f\u00fcr <span id=\"more-8790\"><\/span><span id=\"more-8673\"><\/span>das <!--more-->Radwandern, des RC 03 Ilbenstadt sind vorab zur Kenntnis zu nehmen und am Veranstaltungstag strikt einzuhalten. Unn\u00f6tige Risiken auf Kosten der Gesundheit werden nicht eingegangen.<br \/>\nVergesst nicht den Mund- und Nasenschutz. Dieser ist w\u00e4hrend der Fahrt nicht notwendig, f\u00fcr Pausen wird er aber ben\u00f6tigt.<\/p>\n<p>Das Ziel, der <a href=\"https:\/\/de.wikipedia.org\/wiki\/Winterstein-Taunuskamm\" target=\"_blank\" rel=\"noopener noreferrer\">Winterstein-Taunuskamm<\/a> ist Teil des Taunushauptkammes und ist schon vom Start aus gut zu sehen. Prominent thront der Fernmeldeturm auf der h\u00f6chsten Erhebung dieses Nebenkammes, dem Steinkopf und weist den Weg. Angst, die ersten H\u00fcgel des Taunus zu erklimmen, kennen unsere Teilnehmer nicht, kommt die Tour doch auf deren ausdr\u00fccklichen Wunsch zustande. Anders als jene holl\u00e4ndische Familie, die einst eine Einladung nach Friedberg ausschlug, da sie Angst vor dem hohen Taunusgebirge hatte.<br \/>\nDer Usaradweg f\u00fchrt unsere Radlerschar \u00fcber Bad Nauheim nach Ockstadt zum Forsthaus Winterstein. Von hier werden die vier h\u00f6chsten Berge dieser Region, Winterstein, Steinkopf, Saukopf und Gickelsburg, allesamt in schattigen W\u00e4ldern gelegen, umrundet. Wir passieren ein Highlight, das zu Beginn des 1. Jahrhunderts gegr\u00fcndete <a href=\"https:\/\/de.wikipedia.org\/wiki\/Kastell_Kapersburg\" target=\"_blank\" rel=\"noopener noreferrer\">Limes-Kastell Kapersburg<\/a> an der Grenze zum Hochtaunuskreis in H\u00f6he des Munitionslagers K\u00f6ppern. Das Kastell ist eines von vielen, die entlang des <a href=\"https:\/\/de.wikipedia.org\/wiki\/Wetterau-Limes\" target=\"_blank\" rel=\"noopener noreferrer\">Wetterauer Limes<\/a>, auch Wetteraubogen genannt,\u00a0 Sicherungsaufgaben hatten. Mit dem Limes sicherten sich die R\u00f6mer den \u00fcberaus fruchtbaren Boden der Wetterau, mussten sie alleine zur Versorgung ihrer Grenzsicherungstruppen in dieser Region und des Legionslagers in Mainz j\u00e4hrlich 3043 t Getreide &#8211; ohne Saatgutproduktion &#8211; und 10.371 t Heu einfahren. Wer hat das gewogen? Nat\u00fcrlich keiner, dies ist das Ergebnis akribischer Puzzlearbeiten der <a href=\"https:\/\/de.wikipedia.org\/wiki\/Arch%C3%A4obotanik\" target=\"_blank\" rel=\"noopener noreferrer\">Arch\u00e4obotaniker<\/a>, die aus &#8222;Schmutz&#8220;, den wir achtlos beseitigen w\u00fcrden, Lebensumst\u00e4nde unserer Vorfahren entlocken k\u00f6nnen.<br \/>\nWeiter geht es \u00fcber den H\u00fchnerpfad und Johannesweg um den Saukopf herum zum ehemaligen Quarzitsteinbruch, der unsere Aufmerksamkeit verdient. Ein Refugium f\u00fcr Pflanzen und Tiere, die sich diesen Lebensraum zur\u00fcck geholt haben, aber auch ein unvergleichlicher Aussichtspunkt f\u00fcr einen weiten Blick auf die Wetterau und das Rhein-Main-Gebiet. Beladen mit vielen Eindr\u00fccken geht es bergab nach Rosbach, die Rast mit Kaffee und Kuchen wartet. Frisch gest\u00e4rkt erreichen wir \u00fcber W\u00f6llstadt schnell wieder heimatliche Gefilde.<\/p>\n<p>Diese Genusstour \u00fcber verkehrsarmes, abwechslungsreiches und h\u00fcgeliges Terrain wird etwa 45 Kilometer lang sein.<\/p>\n<p>Haben wir Euer Interesse geweckt? Wir freuen uns auf eine rege Teilnahme.<br \/>\nErwin Loscher ist f\u00fcr R\u00fcckfragen unter der Telefonnummer 01512 02 30 745 erreichbar.<\/p>\n<p>Eine Tourverschiebung wegen schlechten Wetters fassen wir nicht ins Auge. Dies ist nicht zu erwarten und Meteorologen irren sich nie &#8230;<\/p>\n<p>F\u00fcr das Radwanderteam<\/p>\n<p>Wilhelm Schr\u00f6der<br \/>\nFachbereichsleiter \u00d6ffentlichkeitsarbeit und Sport (RTF\/CTF)<\/p>\n<p>Streckendownload f\u00fcr Navigationsger\u00e4te:<br \/>\n<a href=\"https:\/\/rc03-ilbenstadt.de\/GPX\/GPX-RW\/RC03-RW_200806-Wickstadt_Winterstein_Taunuskamm.gpx\" target=\"_blank\" rel=\"noopener noreferrer\">&#8222;Wickstadt-Winterstein_Taunuskamm-Wickstadt&#8220;<\/a><\/p>\n<p><a href=\"http:\/\/umap.openstreetmap.fr\/de\/map\/rc03_ilbenstadt_rw_200806_wickstadt-winterstein_ta_486499#14\/50.3244\/8.7389\" target=\"_blank\" rel=\"noopener noreferrer\">Zur Radwanderstrecke Strecke \u201eWickstadt-Winterstein_Taunuskamm-Wickstadt\u201c<\/a><br \/>\n<a href=\"http:\/\/umap.openstreetmap.fr\/de\/map\/rc03_ilbenstadt_rw_200806_wickstadt-winterstein_ta_486499#14\/50.3244\/8.7389\" target=\"_blank\" rel=\"noopener noreferrer\">(Vollbildanzeige):<\/a><br \/>\n<iframe loading=\"lazy\" src=\"\/\/umap.openstreetmap.fr\/de\/map\/rc03_ilbenstadt_rw_200806_wickstadt-winterstein_ta_486499?scaleControl=true&amp;miniMap=false&amp;scrollWheelZoom=true&amp;zoomControl=true&amp;allowEdit=false&amp;moreControl=true&amp;searchControl=true&amp;tilelayersControl=null&amp;embedControl=null&amp;datalayersControl=true&amp;onLoadPanel=undefined&amp;captionBar=false&amp;fullscreenControl=true&amp;measureControl=true#13\/50.3269\/8.7579\" width=\"100%\" height=\"300px\" frameborder=\"0\" allowfullscreen=\"allowfullscreen\"><\/iframe><\/p>\n","protected":false},"excerpt":{"rendered":"<p>Liebe Mitglieder und Freunde des RC 03 Ilbenstadt, Sonne satt, wieder keine W\u00f6lkchen in Sicht, 20\u00b0 Celsius zum Start, die sich im Tagesverlauf bis auf 30\u00b0 Celsius steigern werden. So sieht unser Radfahrwetter am Donnerstag, dem 6. August 2020 aus. &hellip; <a href=\"https:\/\/www.rc03-ilbenstadt.de\/?p=8885\">Weiterlesen <span class=\"meta-nav\">&rarr;<\/span><\/a><\/p>\n","protected":false},"author":9,"featured_media":4738,"comment_status":"closed","ping_status":"closed","sticky":false,"template":"","format":"standard","meta":{"_crdt_document":"","footnotes":""},"categories":[1],"tags":[],"class_list":["post-8885","post","type-post","status-publish","format-standard","has-post-thumbnail","hentry","category-allgemein"],"_links":{"self":[{"href":"https:\/\/www.rc03-ilbenstadt.de\/index.php?rest_route=\/wp\/v2\/posts\/8885","targetHints":{"allow":["GET"]}}],"collection":[{"href":"https:\/\/www.rc03-ilbenstadt.de\/index.php?rest_route=\/wp\/v2\/posts"}],"about":[{"href":"https:\/\/www.rc03-ilbenstadt.de\/index.php?rest_route=\/wp\/v2\/types\/post"}],"author":[{"embeddable":true,"href":"https:\/\/www.rc03-ilbenstadt.de\/index.php?rest_route=\/wp\/v2\/users\/9"}],"replies":[{"embeddable":true,"href":"https:\/\/www.rc03-ilbenstadt.de\/index.php?rest_route=%2Fwp%2Fv2%2Fcomments&post=8885"}],"version-history":[{"count":5,"href":"https:\/\/www.rc03-ilbenstadt.de\/index.php?rest_route=\/wp\/v2\/posts\/8885\/revisions"}],"predecessor-version":[{"id":8901,"href":"https:\/\/www.rc03-ilbenstadt.de\/index.php?rest_route=\/wp\/v2\/posts\/8885\/revisions\/8901"}],"wp:featuredmedia":[{"embeddable":true,"href":"https:\/\/www.rc03-ilbenstadt.de\/index.php?rest_route=\/wp\/v2\/media\/4738"}],"wp:attachment":[{"href":"https:\/\/www.rc03-ilbenstadt.de\/index.php?rest_route=%2Fwp%2Fv2%2Fmedia&parent=8885"}],"wp:term":[{"taxonomy":"category","embeddable":true,"href":"https:\/\/www.rc03-ilbenstadt.de\/index.php?rest_route=%2Fwp%2Fv2%2Fcategories&post=8885"},{"taxonomy":"post_tag","embeddable":true,"href":"https:\/\/www.rc03-ilbenstadt.de\/index.php?rest_route=%2Fwp%2Fv2%2Ftags&post=8885"}],"curies":[{"name":"wp","href":"https:\/\/api.w.org\/{rel}","templated":true}]}}