{"id":8911,"date":"2020-08-24T06:10:41","date_gmt":"2020-08-24T04:10:41","guid":{"rendered":"https:\/\/www.rc03-ilbenstadt.de\/?p=8911"},"modified":"2020-08-26T07:29:12","modified_gmt":"2020-08-26T05:29:12","slug":"ilbenstaedter-radtourenradwanderung-von-assenheim-zur-ronneburgam-mittwoch-den-19-august-2020","status":"publish","type":"post","link":"https:\/\/www.rc03-ilbenstadt.de\/?p=8911","title":{"rendered":"Ilbenst\u00e4dter Radtouren<br>Radwanderung &#8222;Von Assenheim zum Niddastausee&#8220;<br><br>am Donnerstag, den 27. August 2020<br><br>"},"content":{"rendered":"<p><strong>Liebe Mitglieder und Freunde des RC 03 Ilbenstadt,<\/strong><\/p>\n<p>am Donnerstag ist nach einem st\u00fcrmischen und regnerischen Mittwoch &#8211; das Sturmtief KIRSTEN durchquert Hessen &#8211; wieder gutes Radfahrwetter prognostiziert. Das nutzen wir aus und laden zu einer Radtour zum Niddastausee unter F\u00fchrung von Lutz Delling herzlich ein:<\/p>\n<p><strong>Start am Donnerstag, den 27. August 2020 um<\/strong><\/p>\n<ul>\n<li><strong>09:00 Uhr am B\u00fcrgerhaus in Assenheim<br \/>\n<\/strong><\/li>\n<li><strong>09:20 Uhr in Nieder-Florstadt, Friedberger Landstra\u00dfe\/K 178<br \/>\n<\/strong><\/li>\n<li><strong>09:50 Uhr am Bingenheimer Schloss<\/strong><\/li>\n<\/ul>\n<p>Die <a href=\"https:\/\/www.rc03-ilbenstadt.de\/?page_id=8677\" target=\"_blank\" rel=\"noopener noreferrer\">Hygiene- und Abstandsregeln<\/a> (Am 26.08.2020 neu eingestellt), abgestimmt f\u00fcr <span id=\"more-8790\"><\/span><span id=\"more-8673\"><\/span>das Radwandern, des RC 03 Ilbenstadt <!--more-->sind vorab zur Kenntnis zu nehmen und am Veranstaltungstag strikt einzuhalten. Unn\u00f6tige Risiken auf Kosten der Gesundheit werden nicht eingegangen.<br \/>\nVergesst nicht den Mund- und Nasenschutz. Dieser ist w\u00e4hrend der Fahrt nicht notwendig, f\u00fcr Pausen wird er aber ben\u00f6tigt.<\/p>\n<p>Aus dem Sp\u00e4tsommer in den Fr\u00fchherbst. Dieser beginnt zwar aus meteorologischer Sicht schon am 1. September, doch dies ist nur dem Pragmatismus der Wetterfr\u00f6sche geschuldet, die feste Vergleichszeitr\u00e4ume f\u00fcr sich reklamieren. Wir orientieren uns jedoch kalendarisch am <a href=\"https:\/\/de.wikipedia.org\/wiki\/%C3%84quinoktium\" target=\"_blank\" rel=\"noopener noreferrer\">\u00c4quinoktium<\/a>, der Tagundnachtgleiche. Hier steht die Sonne senkrecht \u00fcber dem \u00c4quator. Da wir das von hier aus nicht so genau sehen k\u00f6nnen, verlassen wir uns auf die Fachleute, die uns f\u00fcr diese Konstellation den 22. September um 15:31 Uhr nennen. Doch warum so lange warten? \u00dcber Reichelsheim, Nidda und Eichelsachsen dringen wir in den Vogelsbergkreis ein, vorbei an abgeernteten Getreidefeldern, an Baumbest\u00e4nden die deutliche Zeichen des Herbstes in ihren Kronen tragen; die herbstliche Illusion ist perfekt, leider ist sie nur wochenlanger Trockenheit geschuldet.<br \/>\nUnserem Ziel, dem Niddastausee kommen wir auf sanft steigender Strecke n\u00e4her. Kurz hinter Rainrod ist schon der letzte Knackpunkt, ein kurzer Anstieg von rund 4 % Steigung zu bew\u00e4ltigen und schon <a href=\"https:\/\/www.skigebiete-test.de\/webcam\/schotten-vogelsberg.htm\" target=\"_blank\" rel=\"noopener noreferrer\">blicken wir auf den See<\/a>, der noch erstaunlich viel Wasser f\u00fchrt. So kann der <a href=\"https:\/\/de.wikipedia.org\/wiki\/Niddastausee\" target=\"_blank\" rel=\"noopener noreferrer\">Stausee<\/a> seinen Zwecken, dem Hochwasserschutz, der Niedrigwasseranreicherung der Nidda, verbunden mit der Stromerzeugung, und der Naherholung dienen. Nur rund 11 Kilometer konnte die Nidda von ihrer Quelle am Fu\u00dfe des Sieben Ahorn (753 m) bis zum Steinsch\u00fcttwall mit Asphaltdecke zur\u00fccklegen, um hier mit Regen- und Schmelzwasserfrachten auf das Stauziel von 234,3 m \u00fcber NN hinzuarbeiten. So w\u00e4re das kurze und kleine Fl\u00fcsschen f\u00fcr ein Stauvolumen von 6,81 Mio. m\u00b3 verantwortlich. Alle Achtung, das nachdem schon drei Forellenteiche gef\u00fcllt werden mussten.<br \/>\nBeeindruckt von diesen Zahlen und dem Wissen, dass Naherholung nicht alles ist, geht es nach einer Seerunde zur\u00fcck nach Nidda. Hier muss gerastet werden. Eine Einkehr ist m\u00f6glich.<\/p>\n<p>Zur R\u00fcckfahrt nach Assenheim vertrauen wir uns wieder dem Hessischen Fernradweg R 4 an, der sicher zum Ziel f\u00fchrt.<\/p>\n<p>Diese Genusstour \u00fcber verkehrsarmes und abwechslungsreiches Terrain mit guten Rad- und Wirtschaftswegen wird etwa 76 Kilometer lang sein.<\/p>\n<p>Haben wir Euer Interesse geweckt? Wir freuen uns auf eine rege Teilnahme.<br \/>\nLutz Delling ist f\u00fcr R\u00fcckfragen unter der Telefonnummer 0176 35 49 84 80 erreichbar.<\/p>\n<p>Sollte es am Donnerstag wider Erwarten regnen oder ein Gewitter abzusehen sein, wird die Tour verschoben.<\/p>\n<p>F\u00fcr das Radwanderteam<\/p>\n<p>Wilhelm Schr\u00f6der<br \/>\nFachbereichsleiter \u00d6ffentlichkeitsarbeit und Sport (RTF\/CTF)<\/p>\n<p>Streckendownload f\u00fcr Navigationsger\u00e4te:<br \/>\n<strong>&#8222;<a href=\"https:\/\/rc03-ilbenstadt.de\/GPX\/GPX-RW\/RC03-RW_200726-Assenheim_Niddastausee.gpx\">Von Assenheim zum Niddastausee<\/a>&#8222;<\/strong><\/p>\n<p><a href=\"http:\/\/umap.openstreetmap.fr\/de\/map\/rc03_ilbenstadt_rw_200726_assenheim_niddastausee_491554#12\/50.3991\/8.9683\" target=\"_blank\" rel=\"noopener noreferrer\"><strong>Zur Radwanderstrecke Strecke \u201eVon Assenheim zum Niddastausee<\/strong><strong>\u201c<\/strong><strong><br \/>\n<\/strong><strong>(Vollbildanzeige):<\/strong><\/a><br \/>\n<iframe loading=\"lazy\" src=\"\/\/umap.openstreetmap.fr\/de\/map\/rc03_ilbenstadt_rw_200726_assenheim_niddastausee_491554?scaleControl=true&amp;miniMap=false&amp;scrollWheelZoom=true&amp;zoomControl=true&amp;allowEdit=false&amp;moreControl=true&amp;searchControl=true&amp;tilelayersControl=true&amp;embedControl=null&amp;datalayersControl=true&amp;onLoadPanel=undefined&amp;captionBar=false&amp;fullscreenControl=true&amp;measureControl=true#12\/50.3991\/8.9683\" width=\"100%\" height=\"300px\" frameborder=\"0\" allowfullscreen=\"allowfullscreen\"><\/iframe><\/p>\n","protected":false},"excerpt":{"rendered":"<p>Liebe Mitglieder und Freunde des RC 03 Ilbenstadt, am Donnerstag ist nach einem st\u00fcrmischen und regnerischen Mittwoch &#8211; das Sturmtief KIRSTEN durchquert Hessen &#8211; wieder gutes Radfahrwetter prognostiziert. Das nutzen wir aus und laden zu einer Radtour zum Niddastausee unter &hellip; <a href=\"https:\/\/www.rc03-ilbenstadt.de\/?p=8911\">Weiterlesen <span class=\"meta-nav\">&rarr;<\/span><\/a><\/p>\n","protected":false},"author":9,"featured_media":4738,"comment_status":"closed","ping_status":"closed","sticky":false,"template":"","format":"standard","meta":{"_crdt_document":"","footnotes":""},"categories":[1],"tags":[],"class_list":["post-8911","post","type-post","status-publish","format-standard","has-post-thumbnail","hentry","category-allgemein"],"_links":{"self":[{"href":"https:\/\/www.rc03-ilbenstadt.de\/index.php?rest_route=\/wp\/v2\/posts\/8911","targetHints":{"allow":["GET"]}}],"collection":[{"href":"https:\/\/www.rc03-ilbenstadt.de\/index.php?rest_route=\/wp\/v2\/posts"}],"about":[{"href":"https:\/\/www.rc03-ilbenstadt.de\/index.php?rest_route=\/wp\/v2\/types\/post"}],"author":[{"embeddable":true,"href":"https:\/\/www.rc03-ilbenstadt.de\/index.php?rest_route=\/wp\/v2\/users\/9"}],"replies":[{"embeddable":true,"href":"https:\/\/www.rc03-ilbenstadt.de\/index.php?rest_route=%2Fwp%2Fv2%2Fcomments&post=8911"}],"version-history":[{"count":5,"href":"https:\/\/www.rc03-ilbenstadt.de\/index.php?rest_route=\/wp\/v2\/posts\/8911\/revisions"}],"predecessor-version":[{"id":8958,"href":"https:\/\/www.rc03-ilbenstadt.de\/index.php?rest_route=\/wp\/v2\/posts\/8911\/revisions\/8958"}],"wp:featuredmedia":[{"embeddable":true,"href":"https:\/\/www.rc03-ilbenstadt.de\/index.php?rest_route=\/wp\/v2\/media\/4738"}],"wp:attachment":[{"href":"https:\/\/www.rc03-ilbenstadt.de\/index.php?rest_route=%2Fwp%2Fv2%2Fmedia&parent=8911"}],"wp:term":[{"taxonomy":"category","embeddable":true,"href":"https:\/\/www.rc03-ilbenstadt.de\/index.php?rest_route=%2Fwp%2Fv2%2Fcategories&post=8911"},{"taxonomy":"post_tag","embeddable":true,"href":"https:\/\/www.rc03-ilbenstadt.de\/index.php?rest_route=%2Fwp%2Fv2%2Ftags&post=8911"}],"curies":[{"name":"wp","href":"https:\/\/api.w.org\/{rel}","templated":true}]}}