{"id":8965,"date":"2020-09-07T12:14:03","date_gmt":"2020-09-07T10:14:03","guid":{"rendered":"https:\/\/www.rc03-ilbenstadt.de\/?p=8965"},"modified":"2020-09-15T06:25:03","modified_gmt":"2020-09-15T04:25:03","slug":"radtourenfahren-in-rtf-ilbenstadtabsage-der-43-herbst-rtf-mit-familien-und-trimmtouram-sonntag-den-13-september-2020","status":"publish","type":"post","link":"https:\/\/www.rc03-ilbenstadt.de\/?p=8965","title":{"rendered":"Radtourenfahren (RTF) in Ilbenstadt<br><br>ABSAGE<br>der 43. Herbst-RTF mit Familien- und Trimmtour<br>am Sonntag, den 13. September 2020<br><br>"},"content":{"rendered":"<p>Erstverr\u00f6ffentlichung: 27. August 2020<\/p>\n<p><span style=\"color: #ff0000;\"><strong>F\u00fcr Ungeduldige:<\/strong><\/span><br \/>\n<span style=\"color: #ff0000;\"><strong>Direkt zu den <a href=\"https:\/\/www.rc03-ilbenstadt.de\/?page_id=9001\" target=\"_blank\" rel=\"noopener noreferrer\">Strecken<\/a> von RTF mit Familien- und Trimmtour<\/strong><\/span><\/p>\n<p><strong>Liebe Radtourenfahrerinnen und -fahrer,<\/strong><br \/>\n<strong>Liebe Mitglieder und Freunde des RC 03 Ilbenstadt,<\/strong><\/p>\n<p>schweren Herzens sagen wir nach unserer Fr\u00fchjahrs-RTF auch unsere Herbst-RTF mit Familien- und Trimmtour ab.<br \/>\nNachdem sich die Coronakrise entspannt hatte, die Beschr\u00e4nkungen des privaten und \u00f6ffentlichen Lebens sukzessiv ge\u00f6ffnet wurden, keimte auch bei uns die Hoffnung die Wetterau-Vogelsberg-Rundfahrt veranstalten zu k\u00f6nnen. Anfang August fielen f\u00fcr Sportlerinnen und Sportler in Hessen in Training und Wettkampf\u00a0 die Beschr\u00e4nkung der Teilnehmerzahl und die Abstandspflicht. <!--more--><\/p>\n<p>Doch die Covid-19-Fallzahlen ziehen wieder an. In Hanau und einigen weiteren Gemeinden im Main-Kinzig-Kreis wurde bereits die Notbremse gezogen und die Corona-Kontakt und Betriebsbeschr\u00e4nkungen deutlich versch\u00e4rft. Im Rhein-Maingebiet sieht es zwar besser aus, doch zeigt auch hier die Tendenz deutlich nach oben. Ein Lockdown im Wetteraukreis k\u00f6nnte unsere Pl\u00e4ne im September wieder durchkreuzen. Vor diesem Hintergrund betreiben wir kein Genehmigungsverfahren. Dazu k\u00e4me die ungesicherte Teilnehmerlage. Da ab August die Teilnehmerbegrenzung bei Sportveranstaltungen entfiel, k\u00f6nnten wir einerseits die Teilnehmerzahl durch ein Limit begrenzen \u2013 hier w\u00e4ren 400 bis 600 Teilnehmer aus unserer Sicht im Startzeitfenster von 3 bis 4 Stunden denkbar \u2013 oder das Risiko eingehen, ohne Limit zu arbeiten und bei hervorragendem Wetter \u00fcberlaufen zu werden. Die technisch-organisatorischen Ma\u00dfnahmen sind insbesondere in Verbindung mit den Hygiene- und Abstandsregeln nicht nur im Hinblick auf die Finanzen mehr als fordernd. Ein Punkt, der wichtig ist und an den Beginn der \u00dcberlegungen geh\u00f6rt, ist die Gesundheitsvorsorge f\u00fcr unsere Helfer. Der \u00fcberwiegende Teil geh\u00f6rt zur Risikogruppe. Hier muss eine Bereitschaft bestehen, den Einsatz zu wollen, Vertrauen in die Schutzma\u00dfnahmen des Vereines zu haben, aber auch auf r\u00fccksichtsvolle und verantwortlich handelnde Sportlerinnen und Sportler zu bauen. Ob diese Bereitschaft besteht, haben wir nicht angefragt. Auch wenn wir die volle Unterst\u00fctzung bekommen h\u00e4tten, wird die Arbeit durch zus\u00e4tzliche Aufgaben deutlich erschwert und die Personaldecke arg gestreckt.<br \/>\nDie aktuellen GPX-Daten unserer RTF-Strecken sind einschlie\u00dflich der\u00a0 Familien- und Trimmtour zum selbst\u00e4ndigen Nachfahren unter dem Me\u00fcpunkt <a href=\"https:\/\/www.rc03-ilbenstadt.de\/?page_id=9001\" target=\"_blank\" rel=\"noopener noreferrer\">Veranstaltungen\/43. Herbst-RTF 2020<\/a> eingestellt.<\/p>\n<p>Achtet auf Eure Gesundheit. Wir sehen uns in der Saison 2021!<\/p>\n<p>Euer<br \/>\nRC 03 Ilbenstadt<\/p>\n","protected":false},"excerpt":{"rendered":"<p>Erstverr\u00f6ffentlichung: 27. August 2020 F\u00fcr Ungeduldige: Direkt zu den Strecken von RTF mit Familien- und Trimmtour Liebe Radtourenfahrerinnen und -fahrer, Liebe Mitglieder und Freunde des RC 03 Ilbenstadt, schweren Herzens sagen wir nach unserer Fr\u00fchjahrs-RTF auch unsere Herbst-RTF mit Familien- &hellip; <a href=\"https:\/\/www.rc03-ilbenstadt.de\/?p=8965\">Weiterlesen <span class=\"meta-nav\">&rarr;<\/span><\/a><\/p>\n","protected":false},"author":9,"featured_media":8311,"comment_status":"closed","ping_status":"closed","sticky":false,"template":"","format":"standard","meta":{"_crdt_document":"","footnotes":""},"categories":[1],"tags":[],"class_list":["post-8965","post","type-post","status-publish","format-standard","has-post-thumbnail","hentry","category-allgemein"],"_links":{"self":[{"href":"https:\/\/www.rc03-ilbenstadt.de\/index.php?rest_route=\/wp\/v2\/posts\/8965","targetHints":{"allow":["GET"]}}],"collection":[{"href":"https:\/\/www.rc03-ilbenstadt.de\/index.php?rest_route=\/wp\/v2\/posts"}],"about":[{"href":"https:\/\/www.rc03-ilbenstadt.de\/index.php?rest_route=\/wp\/v2\/types\/post"}],"author":[{"embeddable":true,"href":"https:\/\/www.rc03-ilbenstadt.de\/index.php?rest_route=\/wp\/v2\/users\/9"}],"replies":[{"embeddable":true,"href":"https:\/\/www.rc03-ilbenstadt.de\/index.php?rest_route=%2Fwp%2Fv2%2Fcomments&post=8965"}],"version-history":[{"count":6,"href":"https:\/\/www.rc03-ilbenstadt.de\/index.php?rest_route=\/wp\/v2\/posts\/8965\/revisions"}],"predecessor-version":[{"id":9046,"href":"https:\/\/www.rc03-ilbenstadt.de\/index.php?rest_route=\/wp\/v2\/posts\/8965\/revisions\/9046"}],"wp:featuredmedia":[{"embeddable":true,"href":"https:\/\/www.rc03-ilbenstadt.de\/index.php?rest_route=\/wp\/v2\/media\/8311"}],"wp:attachment":[{"href":"https:\/\/www.rc03-ilbenstadt.de\/index.php?rest_route=%2Fwp%2Fv2%2Fmedia&parent=8965"}],"wp:term":[{"taxonomy":"category","embeddable":true,"href":"https:\/\/www.rc03-ilbenstadt.de\/index.php?rest_route=%2Fwp%2Fv2%2Fcategories&post=8965"},{"taxonomy":"post_tag","embeddable":true,"href":"https:\/\/www.rc03-ilbenstadt.de\/index.php?rest_route=%2Fwp%2Fv2%2Ftags&post=8965"}],"curies":[{"name":"wp","href":"https:\/\/api.w.org\/{rel}","templated":true}]}}