{"id":8987,"date":"2020-09-01T10:34:39","date_gmt":"2020-09-01T08:34:39","guid":{"rendered":"https:\/\/www.rc03-ilbenstadt.de\/?p=8987"},"modified":"2020-09-02T07:10:17","modified_gmt":"2020-09-02T05:10:17","slug":"ilbenstaedter-radtourenradwanderung-von-assenheim-nach-seligenstadtam-donnerstag-den-3-september-2020","status":"publish","type":"post","link":"https:\/\/www.rc03-ilbenstadt.de\/?p=8987","title":{"rendered":"Ilbenst\u00e4dter Radtouren<br>Radwanderung &#8222;Von Assenheim nach Seligenstadt&#8220;<br><br>am Donnerstag, den 3. September 2020<br><br>"},"content":{"rendered":"<p><strong>Liebe Mitglieder und Freunde des RC 03 Ilbenstadt,<\/strong><\/p>\n<p>am Donnerstag ist trockenes und heiteres Wetter, ein Sonne- und Wolkenmix mit moderaten Temperaturen angesagt. Das nutzen wir aus und laden zu einer Radtour nach Seligenstadt unter F\u00fchrung von Erwin Loscher herzlich ein:<\/p>\n<p><strong>Start am Donnerstag, den 3. September 2020 um<\/strong><\/p>\n<ul>\n<li><strong>09:30 Uhr am B\u00fcrgerhaus in Assenheim<br \/>\n<\/strong><\/li>\n<li><strong>09:50 Uhr an der Wickst\u00e4dter Niddabr\u00fccke<\/strong><\/li>\n<\/ul>\n<p>Die am 26. August 2020 neu eingestellten <a href=\"https:\/\/www.rc03-ilbenstadt.de\/?page_id=8677\" target=\"_blank\" rel=\"noopener noreferrer\">Hygiene- und Abstandsregeln<\/a>, abgestimmt f\u00fcr <span id=\"more-8790\"><\/span><span id=\"more-8673\"><\/span>das Radwandern, des RC 03 Ilbenstadt <!--more--><!--more-->sind vorab zur Kenntnis zu nehmen und am Veranstaltungstag strikt einzuhalten. Unn\u00f6tige Risiken auf Kosten der Gesundheit werden nicht eingegangen.<br \/>\nVergesst nicht den Mund- und Nasenschutz. Dieser ist w\u00e4hrend der Fahrt nicht notwendig, f\u00fcr die F\u00e4hrpassage, Pausen und unvorhergesehene Ereignisse wird er aber ben\u00f6tigt.<\/p>\n<p>Nach Assenheim biegen wir auf den Hessenradweg R 4 an der Wickst\u00e4dter Niddabr\u00fccke in Richtung Eichen ab. Der Hessenwald nimmt uns auf, in dem sich einige H\u00fcgelgr\u00e4ber befinden, die uns, sollten wir uns einem n\u00e4heren, sicherlich nicht als Grabst\u00e4tte ins Auge springen. Von Eichen sind es bis Mark\u00f6bel\/Hammersbach nur ein paar Katzenspr\u00fcnge und wir nehmen den Limesradweg unter die R\u00e4der, dem wir bis Gro\u00df-Krotzenburg folgen. Mainaufw\u00e4rts nutzen wir ein kurzes St\u00fcck den Kulturradweg Kurmainzer Herz, bevor mit der F\u00e4hre nach Seligenstadt \u00fcbergesetzt wird.<br \/>\nDas historische St\u00e4dtchen ist mit seinen Fachwerkh\u00e4usern, zahlreichen historischen Bauten und dem Klostergel\u00e4nde eine Augenweide, ein unvergleichliches Ambiente umf\u00e4ngt uns. Davon berichtet die Stadt stolz auf ihrer <a href=\"https:\/\/www.seligenstadt.de\/tourismus\/ueber-seligenstadt\/\">Homepage<\/a>. Sie nennt sich Einhardstadt, weil dieser Berater Karls des Gro\u00dfen, Laienabt vieler Kl\u00f6ster, Bauleiter der Mainzer Rheinbr\u00fccke und einigen Kaiserpfalzen, aus Dankbarkeit f\u00fcr seine Dienste Seligenstadt, zuvor Obermulinheim, 815 von Ludwig dem Frommen zum Geschenk erhielt. Sicherlich erwartete der Fromme auch einen R\u00fcckfluss in Form von Steuern, Abgaben und vielen Dingen mehr. Jetzt zum Namen Seligenstadts. Einhard hatte viele Talente und offenbar war ihm auch der Diebstahl nicht fremd. Er fuhr nach Rom, um sich um die Reliquien der <a href=\"https:\/\/de.wikipedia.org\/wiki\/Petrus_und_Marcellinus\" target=\"_blank\" rel=\"noopener noreferrer\">Heiligen M\u00e4rtyrer Marcellinus und Petrus<\/a> zu &#8222;bem\u00fchen&#8220;. W\u00e4hrend die einen von einem wertfreien Verbringen der Gebeine von Rom nach Steinbach-Michelbach und dann weiter nach Obermulinheim sprachen, so die <a href=\"https:\/\/www.vaticannews.va\/de\/tagesheiliger\/06\/02\/hl--marcellinus--priester--und-petrus--exorzist--beide-maertyrer.html\" target=\"_blank\" rel=\"noopener noreferrer\">Vatican News<\/a>, sprachen andere klar von Diebstahl (<a href=\"http:\/\/www.kathpedia.com\/index.php\/Marcellinus_und_Petrus\" target=\"_blank\" rel=\"noopener noreferrer\">KathPedia<\/a>, Wikipedia: <a href=\"https:\/\/de.wikipedia.org\/wiki\/Einhard\" target=\"_blank\" rel=\"noopener noreferrer\">Einhard<\/a>, <a href=\"https:\/\/de.wikipedia.org\/wiki\/Petrus_und_Marcellinus\" target=\"_blank\" rel=\"noopener noreferrer\">Petrus und Marellinus<\/a> und <a href=\"https:\/\/de.wikipedia.org\/wiki\/Seligenstadt\" target=\"_blank\" rel=\"noopener noreferrer\">Seligenstadt<\/a>. Schwer daneben lag wohl 1902 der Kapuzinerordenspriester Wilhelm Auer in seiner <a href=\"https:\/\/katholischglauben.info\/die-heiligen-maertyrer-petrus-und-marcellinus\/\" target=\"_blank\" rel=\"noopener noreferrer\">Heiligenlegende<\/a>, der folgende Feststellung traf: &#8222;Ihre Reliquien schenkte Papst Gregor IV. dem Geheimschreiber des Kaisers Karl d. Gr. Eginhard, welcher dieselben von Rom nach Stra\u00dfburg \u00fcberbringen lie\u00df.&#8220; Obermulinheim das neue Stra\u00dfburg? Falls der Papst die Schenkung veranlasste, w\u00e4re er mindestens genauso Straft\u00e4ter und Schlitzohr wie Einhard gewesen. Hochkar\u00e4tige Reliquien waren seinerzeit Gelddruckmaschinen, l\u00f6sten sie doch Wallfahrten aus, mehrten den Reichtum der Reliquienbewahrer und -aussteller durch religi\u00f6sen Tourismus und dem Einsammeln von Spenden. So etwas gibt wohl keiner freiwillig aus der Hand.<br \/>\nNun ja, mit den Reliquien war es dann an der Zeit aus Obermulinheim (Oberm\u00fchlheim) ein Seligenstadt zu machen; der Name spricht f\u00fcr sich. Es gibt aber noch eine andere Legende zur Namensgebung, in die Kaiser Karl der Gro\u00dfe h\u00f6chstpers\u00f6nlich verwickelt gewesen sein sollte. St\u00f6bert sie auf.<\/p>\n<p>Neben geschichtlicher Besinnung, dem Genuss von Stadtbild und Aufnahme des Flairs von Seligenstadt, war der Radlerschar auch eine Rast mit Einkehr m\u00f6glich. Frisch gest\u00e4rkt wird mainabw\u00e4rts geradelt, bei Steinheim \u00fcber die Br\u00fccke nach Hanau gewechselt und im nahen Hauptbahnhof der Zug nach Assenheim bestiegen; die Erholungsphase beginnt noch in der Vorw\u00e4rtsbewegung &#8230;<\/p>\n<p>Diese Genusstour \u00fcber verkehrsarmes und abwechslungsreiches Terrain mit guten Rad- und Wirtschaftswegen wird etwa 63 Kilometer lang sein.<br \/>\nF\u00fcr die Teilnehmer fallen Kosten f\u00fcr die Mainf\u00e4hre und die Bahnfahrt an.<\/p>\n<p>Haben wir Euer Interesse geweckt? Wir freuen uns auf eine rege Teilnahme.<br \/>\nErwin Loscher ist f\u00fcr R\u00fcckfragen unter der Telefonnummer 01512 02 30 745 erreichbar.<\/p>\n<p>Sollte es am Donnerstag wider Erwarten regnen oder ein Gewitter abzusehen sein, wird die Tour verschoben.<br \/>\nDas wird nicht eintreten, denn Meteorologen irren sich nie, auch wenn sie zum meteorologischen Herbstbeginn gutes Sp\u00e4tsommerwetter ank\u00fcndigen &#8230;<\/p>\n<p>F\u00fcr das Radwanderteam<\/p>\n<p>Wilhelm Schr\u00f6der<br \/>\nFachbereichsleiter \u00d6ffentlichkeitsarbeit und Sport (RTF\/CTF)<\/p>\n<p>Streckendownload f\u00fcr Navigationsger\u00e4te:<br \/>\n<a href=\"https:\/\/rc03-ilbenstadt.de\/GPX\/GPX-RW\/RC03_Ilbenstadt_RW_200903_Assenheim_Seligenstadt.gpx\"><strong>&#8222;Von Assenheim nach Seligenstadt&#8220;<\/strong><\/a><\/p>\n<p><a href=\"http:\/\/umap.openstreetmap.fr\/de\/map\/rc03_ilbenstadt_rw-200903_assenheim_seligenstadt_493877\" target=\"_blank\" rel=\"noopener noreferrer\"><strong>Zur Radwanderstrecke Strecke \u201eVon Assenheim nach Seligenstadt<\/strong><strong>\u201c<\/strong><strong><br \/>\n<\/strong><strong>(Vollbildanzeige):<\/strong><\/a><br \/>\n<iframe loading=\"lazy\" src=\"\/\/umap.openstreetmap.fr\/de\/map\/rc03_ilbenstadt_rw-200903_assenheim_seligenstadt_493877?scaleControl=true&amp;miniMap=false&amp;scrollWheelZoom=true&amp;zoomControl=true&amp;allowEdit=false&amp;moreControl=true&amp;searchControl=true&amp;tilelayersControl=null&amp;embedControl=null&amp;datalayersControl=true&amp;onLoadPanel=undefined&amp;captionBar=false&amp;datalayers=1388409&amp;fullscreenControl=true&amp;measureControl=true\" width=\"100%\" height=\"300px\" frameborder=\"0\" allowfullscreen=\"allowfullscreen\"><\/iframe><\/p>\n","protected":false},"excerpt":{"rendered":"<p>Liebe Mitglieder und Freunde des RC 03 Ilbenstadt, am Donnerstag ist trockenes und heiteres Wetter, ein Sonne- und Wolkenmix mit moderaten Temperaturen angesagt. Das nutzen wir aus und laden zu einer Radtour nach Seligenstadt unter F\u00fchrung von Erwin Loscher herzlich &hellip; <a href=\"https:\/\/www.rc03-ilbenstadt.de\/?p=8987\">Weiterlesen <span class=\"meta-nav\">&rarr;<\/span><\/a><\/p>\n","protected":false},"author":9,"featured_media":4738,"comment_status":"closed","ping_status":"closed","sticky":false,"template":"","format":"standard","meta":{"_crdt_document":"","footnotes":""},"categories":[1],"tags":[],"class_list":["post-8987","post","type-post","status-publish","format-standard","has-post-thumbnail","hentry","category-allgemein"],"_links":{"self":[{"href":"https:\/\/www.rc03-ilbenstadt.de\/index.php?rest_route=\/wp\/v2\/posts\/8987","targetHints":{"allow":["GET"]}}],"collection":[{"href":"https:\/\/www.rc03-ilbenstadt.de\/index.php?rest_route=\/wp\/v2\/posts"}],"about":[{"href":"https:\/\/www.rc03-ilbenstadt.de\/index.php?rest_route=\/wp\/v2\/types\/post"}],"author":[{"embeddable":true,"href":"https:\/\/www.rc03-ilbenstadt.de\/index.php?rest_route=\/wp\/v2\/users\/9"}],"replies":[{"embeddable":true,"href":"https:\/\/www.rc03-ilbenstadt.de\/index.php?rest_route=%2Fwp%2Fv2%2Fcomments&post=8987"}],"version-history":[{"count":5,"href":"https:\/\/www.rc03-ilbenstadt.de\/index.php?rest_route=\/wp\/v2\/posts\/8987\/revisions"}],"predecessor-version":[{"id":9000,"href":"https:\/\/www.rc03-ilbenstadt.de\/index.php?rest_route=\/wp\/v2\/posts\/8987\/revisions\/9000"}],"wp:featuredmedia":[{"embeddable":true,"href":"https:\/\/www.rc03-ilbenstadt.de\/index.php?rest_route=\/wp\/v2\/media\/4738"}],"wp:attachment":[{"href":"https:\/\/www.rc03-ilbenstadt.de\/index.php?rest_route=%2Fwp%2Fv2%2Fmedia&parent=8987"}],"wp:term":[{"taxonomy":"category","embeddable":true,"href":"https:\/\/www.rc03-ilbenstadt.de\/index.php?rest_route=%2Fwp%2Fv2%2Fcategories&post=8987"},{"taxonomy":"post_tag","embeddable":true,"href":"https:\/\/www.rc03-ilbenstadt.de\/index.php?rest_route=%2Fwp%2Fv2%2Ftags&post=8987"}],"curies":[{"name":"wp","href":"https:\/\/api.w.org\/{rel}","templated":true}]}}