{"id":9027,"date":"2020-09-08T08:02:53","date_gmt":"2020-09-08T06:02:53","guid":{"rendered":"https:\/\/www.rc03-ilbenstadt.de\/?p=9027"},"modified":"2020-09-09T02:27:40","modified_gmt":"2020-09-09T00:27:40","slug":"ilbenstaedter-radtourenradwanderung-ab-wickstadt-zur-vulkanrundeam-mittwoch-den-9-september-2020","status":"publish","type":"post","link":"https:\/\/www.rc03-ilbenstadt.de\/?p=9027","title":{"rendered":"Ilbenst\u00e4dter Radtouren<br>Radwanderung &#8222;Ab Wickstadt zur Vulkanrunde&#8220;<br><br>am Mittwoch, den 9. September 2020<br><br>"},"content":{"rendered":"<p><strong>Liebe Mitglieder und Freunde des RC 03 Ilbenstadt,<\/strong><\/p>\n<p>am Mittwoch werden wir nach klarer und frischer Nacht von der Sonne begr\u00fc\u00dft werden. Die Temperaturen steigen \u00fcber 20\u00b0 Celsius; ideales Radfahrwetter kommt! Unser Radwanderfachwart Erwin Loscher l\u00e4dt herzlich zu einer Vulkanrunde ein:<\/p>\n<p><strong>Start am Mittwoch, den 9. September 2020 um<\/strong><\/p>\n<ul>\n<li><strong>09:00 Uhr an der Wickst\u00e4dter Niddabr\u00fccke<br \/>\n<\/strong><\/li>\n<li><strong>09:45 Uhr Radweg an der L 3188 bei Staden<br \/>\n<\/strong><\/li>\n<\/ul>\n<p>Die am 26. August 2020 neu eingestellten <a href=\"https:\/\/www.rc03-ilbenstadt.de\/?page_id=8677\" target=\"_blank\" rel=\"noopener noreferrer\">Hygiene- und Abstandsregeln<\/a>, abgestimmt f\u00fcr <span id=\"more-8790\"><\/span><span id=\"more-8673\"><\/span>das Radwandern, des RC 03 Ilbenstadt <!--more-->sind vorab zur Kenntnis zu nehmen und am Veranstaltungstag strikt einzuhalten. Unn\u00f6tige Risiken auf Kosten der Gesundheit werden nicht eingegangen.<br \/>\nVergesst nicht den Mund- und Nasenschutz. Dieser ist w\u00e4hrend der Fahrt nicht notwendig, f\u00fcr Pausen und unvorhergesehene Ereignisse wird er aber ben\u00f6tigt.<\/p>\n<p>Vulkanrunde, das riecht nach Naturgewalten, Feuer, Schwefel, archaischen Kr\u00e4ften, denen man sich entgegen stemmen muss. Na ja, sehen wir die Tourl\u00e4nge von 108 Kilometern und ihren 923 H\u00f6henmetern k\u00f6nnte das Eingangsszenario in den Beinen der Radlerschar erlebbar werden. Aber wir wollen den Teufel, der in der Vogelsberger Region heimisch ist und in der Ilbesh\u00e4user Teufelsm\u00fchle residiert, nicht an die Wand malen. Auf der Hinfahrt \u00fcber den Hessenradweg R 4 bis Schotten warten moderate Steigungen. Dann wechseln wir auf den Hoherodskopfsteig, dessen Pfad uns im Bereich des S\u00fcdhanges des Hoherodskopfes schon sportlich herausfordert, wenn wir das &#8222;Dach&#8220; unserer Tour bei rund 713 m \u00fcber NN erklettern. Danach geht es rasant bergab zum Ziel, dem Wendepunkt unser Tour, dem Fl\u00f6\u00dferhaus am Schwarzen Fluss.<br \/>\nFl\u00f6\u00dferhaus? Was sollte in dieser Gegend auf dem pl\u00e4tschernden kleinen &#8222;Bach&#8220;, der gerade an der Ostflanke des Taufsteines das Licht der Welt erblickt hatte und sp\u00e4ter unter dem Namen <a href=\"https:\/\/de.wikipedia.org\/wiki\/Altefeld_(Fluss)\" target=\"_blank\" rel=\"noopener noreferrer\">Altefeld<\/a> in die Schlitz m\u00fcnden wird, gefl\u00f6\u00dft werden? Obwohl das Fl\u00f6\u00dferhaus und das wildromantische Bachtal des Schwarzen Flusses des \u00f6fteren als Wanderziel beschrieben werden, fand sich kein Hinweis auf die Historie. Lassen wir unsere Phantasie spielen und stellen uns verwegene Fl\u00f6\u00dfer vor, deren Rufe im Wald schallen, w\u00e4hrend sie mit dem Fr\u00fchjahrshochwasser ihre Holzfracht zu Tal bef\u00f6rdern, der Verladestelle entgegen. Anregungen k\u00f6nnt ihr einem <a href=\"http:\/\/www.lissberg.de\/holzfloesserei.html\" target=\"_blank\" rel=\"noopener noreferrer\">Bericht \u00fcber die Holzfl\u00f6\u00dferei<\/a> ab Li\u00dfberg auf der Nidda in die Wetterau entnehmen.<\/p>\n<p>Kurz hinter dem Fl\u00f6\u00dferhaus biegt der Hoherodskopfsteig nach S\u00fcden in Richtung Hartmannshain ab. Jetzt &#8222;bezahlen&#8220; wir f\u00fcr die rasante Abfahrt mit einer knackigen Steigung, 70 H\u00f6henmeter m\u00fcssen auf einer Strecke von rund zwei Kilometern\u00a0 hinter uns gelassen werden. Ab Hartmannshain nimmt uns der Vulkanradweg auf, der uns auf \u00fcberwiegend abfallender Strecke locker pedalierend in heimische Gefilde zur\u00fcck bringt.<\/p>\n<p>Ihr vermisst in der Tourbeschreibung Rasten und Einkehrm\u00f6glichkeiten? Die hat Erwin noch f\u00fcr sich behalten, lasst euch \u00fcberraschen.<\/p>\n<p>Diese Genusstour \u00fcber verkehrsarmes und abwechslungsreiches Terrain mit guten Rad- und Wirtschaftswegen wird etwa 108 Kilometer lang sein. Dabei sind 923 H\u00f6henmeter zu bew\u00e4ltigen.<\/p>\n<p>Haben wir Euer Interesse geweckt? Wir freuen uns auf eine rege Teilnahme.<br \/>\nErwin Loscher ist f\u00fcr R\u00fcckfragen unter der Telefonnummer 01512 02 30 745 erreichbar.<\/p>\n<p>Sollte es am Mittwoch wider Erwarten regnen oder ein Gewitter abzusehen sein, wird die Tour verschoben.<br \/>\nDamit rechnen wir nicht. Ein goldener Fr\u00fchherbsttag ist bestellt.<\/p>\n<p>F\u00fcr das Radwanderteam<\/p>\n<p>Wilhelm Schr\u00f6der<br \/>\nFachbereichsleiter \u00d6ffentlichkeitsarbeit und Sport (RTF\/CTF)<\/p>\n<p><strong>Streckendownload f\u00fcr Navigationsger\u00e4te:<\/strong><br \/>\n<a href=\"https:\/\/rc03-ilbenstadt.de\/GPX\/GPX-RW\/RC03-RW-200909-Wickstadt_Vulkanrunde.gpx\"><strong>&#8222;Ab Wickstadt zur Vulkanrunde&#8220;<\/strong><\/a><\/p>\n<p><a href=\"http:\/\/umap.openstreetmap.fr\/de\/map\/rc03_ilbenstadt_rw_200909_wickstadt_vulkanrunde_496407\" target=\"_blank\" rel=\"noopener noreferrer\"><strong>Zur Radwanderstrecke Strecke \u201e<\/strong><strong>Ab Wickstadt zur Vulkanrunde<\/strong><strong>\u201c<\/strong><strong><br \/>\n<\/strong><strong>(Vollbildanzeige):<\/strong><\/a><\/p>\n<p><iframe loading=\"lazy\" src=\"\/\/umap.openstreetmap.fr\/de\/map\/rc03_ilbenstadt_rw_200909_wickstadt_vulkanrunde_496407?scaleControl=true&amp;miniMap=false&amp;scrollWheelZoom=true&amp;zoomControl=true&amp;allowEdit=false&amp;moreControl=true&amp;searchControl=true&amp;tilelayersControl=null&amp;embedControl=null&amp;datalayersControl=true&amp;onLoadPanel=undefined&amp;captionBar=false&amp;fullscreenControl=true&amp;measureControl=true#12\/50.4107\/9.0246\" width=\"100%\" height=\"300px\" frameborder=\"0\" allowfullscreen=\"allowfullscreen\"><\/iframe><\/p>\n","protected":false},"excerpt":{"rendered":"<p>Liebe Mitglieder und Freunde des RC 03 Ilbenstadt, am Mittwoch werden wir nach klarer und frischer Nacht von der Sonne begr\u00fc\u00dft werden. Die Temperaturen steigen \u00fcber 20\u00b0 Celsius; ideales Radfahrwetter kommt! Unser Radwanderfachwart Erwin Loscher l\u00e4dt herzlich zu einer Vulkanrunde &hellip; <a href=\"https:\/\/www.rc03-ilbenstadt.de\/?p=9027\">Weiterlesen <span class=\"meta-nav\">&rarr;<\/span><\/a><\/p>\n","protected":false},"author":9,"featured_media":4738,"comment_status":"closed","ping_status":"closed","sticky":false,"template":"","format":"standard","meta":{"_crdt_document":"","footnotes":""},"categories":[1],"tags":[],"class_list":["post-9027","post","type-post","status-publish","format-standard","has-post-thumbnail","hentry","category-allgemein"],"_links":{"self":[{"href":"https:\/\/www.rc03-ilbenstadt.de\/index.php?rest_route=\/wp\/v2\/posts\/9027","targetHints":{"allow":["GET"]}}],"collection":[{"href":"https:\/\/www.rc03-ilbenstadt.de\/index.php?rest_route=\/wp\/v2\/posts"}],"about":[{"href":"https:\/\/www.rc03-ilbenstadt.de\/index.php?rest_route=\/wp\/v2\/types\/post"}],"author":[{"embeddable":true,"href":"https:\/\/www.rc03-ilbenstadt.de\/index.php?rest_route=\/wp\/v2\/users\/9"}],"replies":[{"embeddable":true,"href":"https:\/\/www.rc03-ilbenstadt.de\/index.php?rest_route=%2Fwp%2Fv2%2Fcomments&post=9027"}],"version-history":[{"count":5,"href":"https:\/\/www.rc03-ilbenstadt.de\/index.php?rest_route=\/wp\/v2\/posts\/9027\/revisions"}],"predecessor-version":[{"id":9048,"href":"https:\/\/www.rc03-ilbenstadt.de\/index.php?rest_route=\/wp\/v2\/posts\/9027\/revisions\/9048"}],"wp:featuredmedia":[{"embeddable":true,"href":"https:\/\/www.rc03-ilbenstadt.de\/index.php?rest_route=\/wp\/v2\/media\/4738"}],"wp:attachment":[{"href":"https:\/\/www.rc03-ilbenstadt.de\/index.php?rest_route=%2Fwp%2Fv2%2Fmedia&parent=9027"}],"wp:term":[{"taxonomy":"category","embeddable":true,"href":"https:\/\/www.rc03-ilbenstadt.de\/index.php?rest_route=%2Fwp%2Fv2%2Fcategories&post=9027"},{"taxonomy":"post_tag","embeddable":true,"href":"https:\/\/www.rc03-ilbenstadt.de\/index.php?rest_route=%2Fwp%2Fv2%2Ftags&post=9027"}],"curies":[{"name":"wp","href":"https:\/\/api.w.org\/{rel}","templated":true}]}}