{"id":9051,"date":"2020-09-15T03:14:47","date_gmt":"2020-09-15T01:14:47","guid":{"rendered":"https:\/\/www.rc03-ilbenstadt.de\/?p=9051"},"modified":"2020-09-15T20:35:55","modified_gmt":"2020-09-15T18:35:55","slug":"9051","status":"publish","type":"post","link":"https:\/\/www.rc03-ilbenstadt.de\/?p=9051","title":{"rendered":"Ilbenst\u00e4dter Radtouren<br>Radwanderung &#8222;Von Assenheim nach Schwanheim&#8220;<br><br>am Donnerstag, den 17. September 2020<br><br>"},"content":{"rendered":"<p><strong>Liebe Mitglieder und Freunde des RC 03 Ilbenstadt,<\/strong><\/p>\n<p>am Donnerstag wird die K\u00fchle der Nacht rasch von der Sonne vertrieben. Die Temperaturen steigen am Tag auf etwa 25\u00b0 Celsius. Gibt es besseres Radfahrwetter? Unser Radwanderfachwart Erwin Loscher l\u00e4dt herzlich zu einer Radtour nach Schwanheim ein:<\/p>\n<p><strong>Start am Donnerstag, den 17. September 2020 um<\/strong><\/p>\n<ul>\n<li><strong>09:30 Uhr am B\u00fcrgerhaus in Assenheim<br \/>\n<\/strong><\/li>\n<li><strong>09:40 Uhr an der Ilbenst\u00e4dter Niddabr\u00fccke<br \/>\n<\/strong><\/li>\n<\/ul>\n<p>Die am 26. August 2020 neu eingestellten <a href=\"https:\/\/www.rc03-ilbenstadt.de\/?page_id=8677\" target=\"_blank\" rel=\"noopener noreferrer\">Hygiene- und Abstandsregeln<\/a>, abgestimmt f\u00fcr <span id=\"more-8790\"><\/span><span id=\"more-8673\"><\/span>das Radwandern, des RC 03 Ilbenstadt <!--more--><span id=\"more-9027\"><\/span>sind vorab zur Kenntnis zu nehmen und am Veranstaltungstag strikt einzuhalten. Unn\u00f6tige Risiken auf Kosten der Gesundheit werden nicht eingegangen.<br \/>\nVergesst nicht den Mund- und Nasenschutz. Dieser ist w\u00e4hrend der Fahrt nicht notwendig, f\u00fcr Pausen und unvorhergesehene Ereignisse wird er aber ben\u00f6tigt.<\/p>\n<p>Nach unserer <a href=\"https:\/\/www.rc03-ilbenstadt.de\/?p=9027\" target=\"_blank\" rel=\"noopener noreferrer\">Vulkanrunde<\/a> in der letzten Woche \u00fcber 108 Kilometer, von den Teilnehmern schon heute als &#8222;K\u00f6nigsetappe&#8220; geadelt, lassen wir es am Donnerstag gem\u00fctlich angehen. Wir rollen locker \u00fcber den Niddaradweg flussabw\u00e4rts. In Gronau wenden wir uns von der Nidda ab, fahren \u00fcber den Hessenradweg R 4 nach Niederdorfelden und Bischofsheim. Dabei queren wir die &#8222;Hohe Stra\u00dfe&#8220;, die im wahrsten Sinne auch die h\u00f6chste Erhebung auf unserer Tour ist und bleibt. Am Main angekommen wird die Rumpenheimer F\u00e4hre geentert und der Fluss \u00fcberquert. Jetzt geht es auf dem Mainradweg westw\u00e4rts gen Schwanheim. Der Main wird uns bis Schwanheim begleiten. Jetzt wird gerastet, eine Einkehr ist m\u00f6glich und in Radlerkreisen auch \u00fcblich.<br \/>\nJa, warum fahren wir nach <a href=\"https:\/\/de.wikipedia.org\/wiki\/Frankfurt-Schwanheim\" target=\"_blank\" rel=\"noopener noreferrer\">Schwanheim<\/a>? Ist es die gute Einkehrm\u00f6glichkeit, Sehensw\u00fcrdigkeiten, das Stra\u00dfenbahnmuseum oder gar <a href=\"https:\/\/de.wikipedia.org\/wiki\/Dietrich_Thurau\" target=\"_blank\" rel=\"noopener noreferrer\">Didi Thurau<\/a>, unser Radsportheld der 70er-, 80er- und 90er-Jahre? Die gute Einkehrm\u00f6glichkeit hat schon viel Gewicht, Sehensw\u00fcrdigkeiten sind relativ rar und das Stra\u00dfenbahnmuseum liegt nicht im Fokus der Pedaleure. Dann muss es der &#8222;Schwanheimer Bub&#8220; Didi Thurau sein. Auch nicht. Der Ortsvorstand dieses Frankfurter Stadtteiles hat keine Pilgerst\u00e4tte f\u00fcr den Wahlschweizer Didi vorgesehen. Dabei waren seine Erfolge beachtlich, gewann vielbeachtet 1977 den Tourprolog und fuhr 15 Tage im gelben Trikot, indem er auch Bergetappen \u00fcberstand. Drei weitere Tourteilnahmen endeten ohne Zielankunft. 1987 wurde er bei der Tour des Dopings \u00fcberf\u00fchrt. 10 Minuten Zeitstrafe, 5.000 Schweizer Franken Geldbu\u00dfe und einen Monat Fahrverbot waren die Folge; ein Schn\u00e4ppchen aus heutiger Sicht. 1985 setzte er beim Einzelzeitfahren der Tour ein nicht apothekenpflichtiges Mittel ein, das Windschattenfahren. Eine Zeitstrafe war f\u00e4llig, doch Didi schlug den Kommiss\u00e4r und wurde von der Tour ausgeschlossen. Eine schillernde, kantige Pers\u00f6nlichkeit, die diesen Exkurs provozierte, die aber auch nicht Motivation f\u00fcr unseren Schwanheimbesuch ist.<br \/>\nF\u00fchren wir es auf die einfache Formel zur\u00fcck: Der Weg ist das Ziel!<br \/>\nNach der Rast ist es nur ein kurzer Weg zur H\u00f6chster Mainf\u00e4hre. Wir setzen mit bester Sicht auf das H\u00f6chster Mainufer \u00fcber und finden wir uns schnell auf dem Niddaradweg wieder, der hier an der Niddam\u00fcndung in den Main seinen Anfang nimmt. Zuverl\u00e4ssig bringt uns dieser Radweg durch die fr\u00fchherbstliche Wetterau, in der noch Zuckerr\u00fcben- und Maisfelder gr\u00fcn leuchten, nach Ilbenstadt und Assenheim zur\u00fcck. Auch k\u00f6nnen m\u00fcde Krieger die S-Bahnoption ziehen. Die Bahnh\u00f6fe Eschersheim oder Frankfurter Berg liegen fast an der Strecke.<\/p>\n<p>Diese Genusstour \u00fcber verkehrsarmes, abwechslungsreiches und \u00fcberwiegend flaches Terrain mit guten Rad- und Wirtschaftswegen wird etwa\u00a0 89 Kilometer lang sein. Dabei sind 194 H\u00f6henmeter zu bew\u00e4ltigen.<br \/>\nEs fallen Kosten f\u00fcr die Nutzung der F\u00e4hren an.<\/p>\n<p>Haben wir Euer Interesse geweckt? Wir freuen uns auf eine rege Teilnahme.<br \/>\nErwin Loscher ist f\u00fcr R\u00fcckfragen unter der Telefonnummer 01512 02 30 745 erreichbar.<\/p>\n<p>Sollte es am Donnerstag wider Erwarten regnen oder gewittern, wird die Tour verschoben.<br \/>\nDamit rechnen wir nicht. Ein goldener Fr\u00fchherbsttag ist garantiert.<\/p>\n<p>F\u00fcr das Radwanderteam<\/p>\n<p>Wilhelm Schr\u00f6der<br \/>\nFachbereichsleiter \u00d6ffentlichkeitsarbeit und Sport (RTF\/CTF)<\/p>\n<p><strong>Streckendownload f\u00fcr Navigationsger\u00e4te:<\/strong><br \/>\n<a href=\"https:\/\/rc03-ilbenstadt.de\/GPX\/GPX-RW\/RC03_RW_200917_Assenheim_Schwanheim.gpx\"><strong>\u201eVon Assenheim nach Schwanheim\u201c<\/strong><\/a><\/p>\n<p><a href=\"http:\/\/umap.openstreetmap.fr\/de\/map\/rc03_ilbenstadt_rw_200917_assenheim_schwanheim_498587#12\/50.1938\/8.6819\" target=\"_blank\" rel=\"noopener noreferrer\"><strong>Zur Radwanderstrecke Strecke \u201eVon Assenheim nach Schwanheim<\/strong><strong>\u201c<\/strong><strong><br \/>\n<\/strong><strong>(Vollbildanzeige):<\/strong><\/a><br \/>\n<iframe loading=\"lazy\" src=\"\/\/umap.openstreetmap.fr\/de\/map\/rc03_ilbenstadt_rw_200917_assenheim_schwanheim_498587?scaleControl=true&amp;miniMap=false&amp;scrollWheelZoom=true&amp;zoomControl=true&amp;allowEdit=false&amp;moreControl=true&amp;searchControl=true&amp;tilelayersControl=null&amp;embedControl=null&amp;datalayersControl=true&amp;onLoadPanel=undefined&amp;captionBar=false&amp;datalayers=1401843&amp;fullscreenControl=true&amp;measureControl=true\" width=\"100%\" height=\"300px\" frameborder=\"0\" allowfullscreen=\"allowfullscreen\"><\/iframe><\/p>\n","protected":false},"excerpt":{"rendered":"<p>Liebe Mitglieder und Freunde des RC 03 Ilbenstadt, am Donnerstag wird die K\u00fchle der Nacht rasch von der Sonne vertrieben. Die Temperaturen steigen am Tag auf etwa 25\u00b0 Celsius. Gibt es besseres Radfahrwetter? Unser Radwanderfachwart Erwin Loscher l\u00e4dt herzlich zu &hellip; <a href=\"https:\/\/www.rc03-ilbenstadt.de\/?p=9051\">Weiterlesen <span class=\"meta-nav\">&rarr;<\/span><\/a><\/p>\n","protected":false},"author":9,"featured_media":4738,"comment_status":"closed","ping_status":"closed","sticky":false,"template":"","format":"standard","meta":{"_crdt_document":"","footnotes":""},"categories":[1],"tags":[],"class_list":["post-9051","post","type-post","status-publish","format-standard","has-post-thumbnail","hentry","category-allgemein"],"_links":{"self":[{"href":"https:\/\/www.rc03-ilbenstadt.de\/index.php?rest_route=\/wp\/v2\/posts\/9051","targetHints":{"allow":["GET"]}}],"collection":[{"href":"https:\/\/www.rc03-ilbenstadt.de\/index.php?rest_route=\/wp\/v2\/posts"}],"about":[{"href":"https:\/\/www.rc03-ilbenstadt.de\/index.php?rest_route=\/wp\/v2\/types\/post"}],"author":[{"embeddable":true,"href":"https:\/\/www.rc03-ilbenstadt.de\/index.php?rest_route=\/wp\/v2\/users\/9"}],"replies":[{"embeddable":true,"href":"https:\/\/www.rc03-ilbenstadt.de\/index.php?rest_route=%2Fwp%2Fv2%2Fcomments&post=9051"}],"version-history":[{"count":5,"href":"https:\/\/www.rc03-ilbenstadt.de\/index.php?rest_route=\/wp\/v2\/posts\/9051\/revisions"}],"predecessor-version":[{"id":9061,"href":"https:\/\/www.rc03-ilbenstadt.de\/index.php?rest_route=\/wp\/v2\/posts\/9051\/revisions\/9061"}],"wp:featuredmedia":[{"embeddable":true,"href":"https:\/\/www.rc03-ilbenstadt.de\/index.php?rest_route=\/wp\/v2\/media\/4738"}],"wp:attachment":[{"href":"https:\/\/www.rc03-ilbenstadt.de\/index.php?rest_route=%2Fwp%2Fv2%2Fmedia&parent=9051"}],"wp:term":[{"taxonomy":"category","embeddable":true,"href":"https:\/\/www.rc03-ilbenstadt.de\/index.php?rest_route=%2Fwp%2Fv2%2Fcategories&post=9051"},{"taxonomy":"post_tag","embeddable":true,"href":"https:\/\/www.rc03-ilbenstadt.de\/index.php?rest_route=%2Fwp%2Fv2%2Ftags&post=9051"}],"curies":[{"name":"wp","href":"https:\/\/api.w.org\/{rel}","templated":true}]}}