{"id":9062,"date":"2020-10-03T07:40:37","date_gmt":"2020-10-03T05:40:37","guid":{"rendered":"https:\/\/www.rc03-ilbenstadt.de\/?p=9062"},"modified":"2020-10-12T03:26:17","modified_gmt":"2020-10-12T01:26:17","slug":"deutsches-radsportabzeichenzeitfahren-am-3-oktober-2020","status":"publish","type":"post","link":"https:\/\/www.rc03-ilbenstadt.de\/?p=9062","title":{"rendered":"<br>Deutsches Radsportabzeichen<br>Zeitfahren am 3. Oktober 2020<br><br>in Reichelsheim-Weckesheim<br><br><br>"},"content":{"rendered":"<p>Erstverr\u00f6ffentlichung: 17. September 2020<\/p>\n<p><strong>Liebe Radsportlerinnen und Radsportler,<\/strong><\/p>\n<p>auch in diesem Jahr nehmen wir das Zeitfahren f\u00fcr das Deutsche Radsportabzeichen ab. Dazu laden wir f\u00fcr<\/p>\n<p><strong>Samstag, den 3. Oktober 2020 von 09:00 Uhr bis 10:00 Uhr (Startzeitfenster)<\/strong><br \/>\n<strong> in 61203 Reichelsheim-Weckesheim, Borngasse\/Barbarastra\u00dfe<\/strong><\/p>\n<p>herzlich ein. Der Rundkurs f\u00fcr Erwachsene (10 Kilometer) ist ausgeschildert. Er muss zweimal durchfahren werden. F\u00fcr Jugendliche <!--more-->ist eine 5-Kilometerstrecke vorbereitet. Sie fahren bis zum Ortseingang Echzell und rollen nach der Zeitnahme weiter \u00fcber die 10-Kilometerstrecke gem\u00fctlich nach Weckesheim.<br \/>\nWir k\u00f6nnen keine abgesperrte Strecke anbieten und f\u00fchren das Zeitfahren im \u00f6ffentlichen Verkehrsraum durch. Eine Genehmigung zur Durchf\u00fchrung des Zeitfahrens im \u00f6ffentlichen Verkehrsraum durch die Stra\u00dfenverkehrsbeh\u00f6rde des Wetteraukreises ist erfolgt. Die Streckenskizze ist am Ende des Artikels eingef\u00fcgt.<br \/>\nDie Abnahme des Zeitfahrens f\u00fcr das Deutsche Radsportabzeichen ist ein kostenfreier Service des RC 03 Ilbentadt und steht jedermann offen.<\/p>\n<p><!--more--><\/p>\n<p>Wir weisen ausdr\u00fccklich darauf hin, dass jede Teilnehmerin\/jeder Teilnehmer nach der Allgemeinen StVO zu fahren hat. Die Versicherung gegen Unfall und Haftpflicht ist Sache des Teilnehmers. Der Veranstalter \u00fcbernimmt keine Haftung. Nachrangig zum eigenen Versicherungsschutz sind Vereinsmitglieder \u00fcber den Landessportbund Hessen abgesichert; Nichtmitglieder sind \u00fcber eine Sportversicherung den Vereinsmitgliedern im Wesentlichen gleichgestellt.<\/p>\n<p>Das Tragen eines Kopfschutzes ist Pflicht. R\u00fcckennummern sind sichtbar zu tragen. Sie sind am Start erh\u00e4ltlich.<br \/>\nDen Weisungen von Streckenposten ist Folge zu leisten. Sie garantieren grunds\u00e4tzlich keine freie Fahrt. Insbesondere am Kreisel an der Hohen Stra\u00dfe und der Einm\u00fcndung der Gettenauer Stra\u00dfe auf die L 3186 (Reichelsheim) signalisiert die erhobene rote Flagge, dass vorfahrtsberechtigter Verkehr naht, nachdem die Teilnehmerinnen und Teilnehmer\u00a0 ihre Fahrt eigenst\u00e4ndig und verkehrskonform einzurichten haben.<\/p>\n<p>\u00dcber das Radsportabzeichens informiert der Bund Deutscher Radfahrer (<a href=\"https:\/\/www.rad-net.de\/radsportabzeichen.htm\" target=\"_blank\" rel=\"noopener noreferrer\">\u00dcberblick<\/a>, <a href=\"https:\/\/static.rad-net.de\/html\/disziplinen\/breitensport\/dradabz_ver2019_ascr.pdf\" target=\"_blank\" rel=\"noopener noreferrer\">Ausschreibung<\/a>, Bedingungen f\u00fcr <a href=\"https:\/\/breitensport.rad-net.de\/files\/dra_leistungs-anford_2011-erwachsene-ohne-durchschn.pdf\" target=\"_blank\" rel=\"noopener noreferrer\">Erwachsene<\/a> und <a href=\"https:\/\/static.rad-net.de\/html\/disziplinen\/breitensport\/2020\/dra_leistungsnachweis-kinder_2020.pdf\" target=\"_blank\" rel=\"noopener noreferrer\">Jugendliche<\/a>, <a href=\"https:\/\/static.rad-net.de\/html\/disziplinen\/breitensport\/2020\/dra_leistungsnachweis-erwachsene_2020.pdf\" target=\"_blank\" rel=\"noopener noreferrer\">Leistungsnachweise Erwachsene<\/a> und <a href=\"https:\/\/static.rad-net.de\/html\/disziplinen\/breitensport\/2020\/dra_leistungsnachweis-kinder_2020.pdf\" target=\"_blank\" rel=\"noopener noreferrer\">Jugendliche<\/a>). Unser Pr\u00fcfer Lutz Delling, unterst\u00fctzt von Hans Sch\u00f6niger (Zeitnahme), wird Eure Leistung abnehmen und bescheinigen. R\u00fcckfragen zu dieser Veranstaltung bitten wir per E-Mail an die <a href=\"mailto:geschaeftsstelle@rc03-ilbenstadt.de\" target=\"_blank\" rel=\"noopener noreferrer\">Gesch\u00e4ftsstelle<\/a> zu richten. Eine Ank\u00fcndigung Eurer Teilnahme w\u00e4re uns angenehm.<\/p>\n<p><strong>Zus\u00e4tzliche Informationen im Lichte der Coronakrise:<\/strong><br \/>\nZus\u00e4tzlich zu den \u00fcblichen pers\u00f6nlichen Daten, wie Name, Vorname, Geburtsdatum und Adresse, ben\u00f6tigen wir noch Eure telefonische Erreichbarkeit, falls wider Erwarten im Umfeld des Zeitfahrens ein Kontakt mit einem\/einer Erkrankten erfolgt sein sollte.<br \/>\nIm Einzelzeitfahren mit Start in Minutenabst\u00e4nden sind die aus gesundheitlicher Sicht erforderlichen Mindestabst\u00e4nde gewahrt. Es ist selbstverst\u00e4ndlich, dass \u00dcberholvorg\u00e4nge rechtzeitig eingeleitet werden m\u00fcssen, um unsportliches Windschattenfahren und damit das Einatmen von Tr\u00f6pfchen und Aerosolen des Vordermannes verhindert werden. Die <a href=\"https:\/\/www.rc03-ilbenstadt.de\/?page_id=8677\" target=\"_blank\" rel=\"noopener noreferrer\">Hygiene- und Abstandsregeln<\/a> des RC 03 f\u00fcr das Radtourenfahren gelten in analoger Anwendung auch f\u00fcr das Zeitfahren.<br \/>\nIm Start- und Zielbereich ist ein Mund- und Nasenschutz zu tragen.<br \/>\nZum Nachweis der Saisonleistung oder der Jahreskilometer weisen wir auf das <a href=\"https:\/\/rc03-ilbenstadt.de\/CORONA2020\/HRV-200526-E-Mail-Corona-RTFundCTF-Wertungen-Anl.pdf\" target=\"_blank\" rel=\"noopener noreferrer\">Schreiben des Landesfachwartes RTF\/CTF<\/a> Wolfgang Rinn hin. Sprecht uns an, wenn es Probleme zu l\u00f6sen gilt.<\/p>\n<p>Wir w\u00fcnschen viel Erfolg<\/p>\n<p>Euer\/Ihr<br \/>\nRC 03 Ilbenstadt<\/p>\n<p><strong>Streckendownload f\u00fcr Navigationsger\u00e4te:<br \/>\n<\/strong><a href=\"https:\/\/rc03-ilbenstadt.de\/GPX\/GPX-DRA\/RC03_DRA_201003_Zeitfahrstrecke.gpx\">10-Kilometerrundkurs (Erwachsene 2 x durchfahren)<\/a><\/p>\n<p><a href=\"http:\/\/umap.openstreetmap.fr\/de\/map\/rc03_ilbenstadt_dra_201003_zeitfahrstrecke_501377\" target=\"_blank\" rel=\"noopener noreferrer\"><strong>Die 20-Kilometer-Zeitfahrstrecke mit Zeitnahme bei 5 Kilometern\u00a0 f\u00fcr jugendliche Teilnehmer (Vollbildanzeige):<\/strong><\/a><br \/>\n<iframe loading=\"lazy\" src=\"\/\/umap.openstreetmap.fr\/de\/map\/rc03_ilbenstadt_dra_201003_zeitfahrstrecke_501377?scaleControl=true&amp;miniMap=false&amp;scrollWheelZoom=true&amp;zoomControl=true&amp;allowEdit=false&amp;moreControl=true&amp;searchControl=true&amp;tilelayersControl=null&amp;embedControl=null&amp;datalayersControl=true&amp;onLoadPanel=undefined&amp;captionBar=false&amp;fullscreenControl=true&amp;measureControl=true\" width=\"100%\" height=\"300px\" frameborder=\"0\" allowfullscreen=\"allowfullscreen\"><\/iframe><\/p>\n<p>&nbsp;<\/p>\n","protected":false},"excerpt":{"rendered":"<p>Erstverr\u00f6ffentlichung: 17. September 2020 Liebe Radsportlerinnen und Radsportler, auch in diesem Jahr nehmen wir das Zeitfahren f\u00fcr das Deutsche Radsportabzeichen ab. Dazu laden wir f\u00fcr Samstag, den 3. Oktober 2020 von 09:00 Uhr bis 10:00 Uhr (Startzeitfenster) in 61203 Reichelsheim-Weckesheim, &hellip; <a href=\"https:\/\/www.rc03-ilbenstadt.de\/?p=9062\">Weiterlesen <span class=\"meta-nav\">&rarr;<\/span><\/a><\/p>\n","protected":false},"author":9,"featured_media":9070,"comment_status":"closed","ping_status":"closed","sticky":false,"template":"","format":"standard","meta":{"_crdt_document":"","footnotes":""},"categories":[1],"tags":[],"class_list":["post-9062","post","type-post","status-publish","format-standard","has-post-thumbnail","hentry","category-allgemein"],"_links":{"self":[{"href":"https:\/\/www.rc03-ilbenstadt.de\/index.php?rest_route=\/wp\/v2\/posts\/9062","targetHints":{"allow":["GET"]}}],"collection":[{"href":"https:\/\/www.rc03-ilbenstadt.de\/index.php?rest_route=\/wp\/v2\/posts"}],"about":[{"href":"https:\/\/www.rc03-ilbenstadt.de\/index.php?rest_route=\/wp\/v2\/types\/post"}],"author":[{"embeddable":true,"href":"https:\/\/www.rc03-ilbenstadt.de\/index.php?rest_route=\/wp\/v2\/users\/9"}],"replies":[{"embeddable":true,"href":"https:\/\/www.rc03-ilbenstadt.de\/index.php?rest_route=%2Fwp%2Fv2%2Fcomments&post=9062"}],"version-history":[{"count":5,"href":"https:\/\/www.rc03-ilbenstadt.de\/index.php?rest_route=\/wp\/v2\/posts\/9062\/revisions"}],"predecessor-version":[{"id":9119,"href":"https:\/\/www.rc03-ilbenstadt.de\/index.php?rest_route=\/wp\/v2\/posts\/9062\/revisions\/9119"}],"wp:featuredmedia":[{"embeddable":true,"href":"https:\/\/www.rc03-ilbenstadt.de\/index.php?rest_route=\/wp\/v2\/media\/9070"}],"wp:attachment":[{"href":"https:\/\/www.rc03-ilbenstadt.de\/index.php?rest_route=%2Fwp%2Fv2%2Fmedia&parent=9062"}],"wp:term":[{"taxonomy":"category","embeddable":true,"href":"https:\/\/www.rc03-ilbenstadt.de\/index.php?rest_route=%2Fwp%2Fv2%2Fcategories&post=9062"},{"taxonomy":"post_tag","embeddable":true,"href":"https:\/\/www.rc03-ilbenstadt.de\/index.php?rest_route=%2Fwp%2Fv2%2Ftags&post=9062"}],"curies":[{"name":"wp","href":"https:\/\/api.w.org\/{rel}","templated":true}]}}