{"id":9089,"date":"2020-09-24T09:10:00","date_gmt":"2020-09-24T07:10:00","guid":{"rendered":"https:\/\/www.rc03-ilbenstadt.de\/?p=9089"},"modified":"2020-09-29T10:12:17","modified_gmt":"2020-09-29T08:12:17","slug":"ilbenstaedter-radtourenradwanderung-eine-spontane-tour-ins-blauedonnertstag-den-24-september-2020start-um-1100-uhr","status":"publish","type":"post","link":"https:\/\/www.rc03-ilbenstadt.de\/?p=9089","title":{"rendered":"Ilbenst\u00e4dter Radtouren<br>Radwanderung &#8222;Eine spontane Tour ins Blaue&#8220;<br><br>Donnerstag, den 24. September 2020<br>Start um 11:00 Uhr !!!<br><br>"},"content":{"rendered":"<p><strong>Liebe Mitglieder und Freunde des RC 03 Ilbenstadt,<\/strong><\/p>\n<p><span style=\"color: #ff0000;\"><strong>Heute<\/strong><\/span> gibt es ausnahmsweise eine sehr kurzfristige Einladung von Erwin Loscher zu einer Fahrt ins Blaue in Richtung des Keltenf\u00fcrsten:<\/p>\n<p><strong>Start am Donnerstag, den 24. September 2020 um<\/strong><\/p>\n<ul>\n<li><strong>11:00 Uhr an der Wickst\u00e4dter Niddabr\u00fccke<\/strong><\/li>\n<\/ul>\n<p>Die am 26. August 2020 neu eingestellten <a href=\"https:\/\/www.rc03-ilbenstadt.de\/?page_id=8677\">Hygiene- und Abstandsregeln<\/a>, abgestimmt f\u00fcr <!--more-->das Radwandern, des RC 03 Ilbenstadt sind vorab zur Kenntnis zu nehmen und am Veranstaltungstag strikt einzuhalten. Unn\u00f6tige Risiken auf Kosten der Gesundheit werden nicht eingegangen.<br \/>\nVergesst nicht den Mund- und Nasenschutz. Dieser ist w\u00e4hrend der Fahrt nicht notwendig, f\u00fcr Pausen und unvorhergesehene Ereignisse wird er aber ben\u00f6tigt.<\/p>\n<p>Nachdem wir aufgrund der ung\u00fcnstigen Wetterprognose in dieser Woche nicht an den Start gehen wollten, hat sich der Wettergott diesen Donnerstag noch einmal in guter Stimmung gezeigt. Spontan hat Erwin diese Tour angesetzt. Die Ver\u00f6ffentlichung der Einladung ist leider nicht wunschgem\u00e4\u00df gelaufen. Meine \u201eNebenbesch\u00e4ftigung\u201c auf der Baustelle meiner Tochter zog sich bis in den sp\u00e4ten Abend, da heute Folgegewerke warten.<br \/>\nFalls Euer Fahrrad einsatzbereit ist, ihr Zeit f\u00fcr eine sch\u00f6ne Tour in diesen zweiten Herbsttag habt und dazu Lust versp\u00fcrt, schwingt Euch auf den Sattel. Erwin und andere erwarten Euch.<\/p>\n<p>Diese Genusstour auf guten Rad- und Wirtschaftswegen wird etwa\u00a0 50 bis 60 Kilometer lang werden.<\/p>\n<p>Wir freuen uns auf eine rege Teilnahme.<br \/>\nErwin Loscher ist f\u00fcr R\u00fcckfragen unter der Telefonnummer 01512 02 30 745 erreichbar.<\/p>\n<p>F\u00fcr das Radwanderteam<\/p>\n<p>Wilhelm Schr\u00f6der<br \/>\nFachbereichsleiter \u00d6ffentlichkeitsarbeit und Sport (RTF\/CTF)<\/p>\n","protected":false},"excerpt":{"rendered":"<p>Liebe Mitglieder und Freunde des RC 03 Ilbenstadt, Heute gibt es ausnahmsweise eine sehr kurzfristige Einladung von Erwin Loscher zu einer Fahrt ins Blaue in Richtung des Keltenf\u00fcrsten: Start am Donnerstag, den 24. September 2020 um 11:00 Uhr an der &hellip; <a href=\"https:\/\/www.rc03-ilbenstadt.de\/?p=9089\">Weiterlesen <span class=\"meta-nav\">&rarr;<\/span><\/a><\/p>\n","protected":false},"author":9,"featured_media":4738,"comment_status":"closed","ping_status":"closed","sticky":false,"template":"","format":"standard","meta":{"_crdt_document":"","footnotes":""},"categories":[1],"tags":[],"class_list":["post-9089","post","type-post","status-publish","format-standard","has-post-thumbnail","hentry","category-allgemein"],"_links":{"self":[{"href":"https:\/\/www.rc03-ilbenstadt.de\/index.php?rest_route=\/wp\/v2\/posts\/9089","targetHints":{"allow":["GET"]}}],"collection":[{"href":"https:\/\/www.rc03-ilbenstadt.de\/index.php?rest_route=\/wp\/v2\/posts"}],"about":[{"href":"https:\/\/www.rc03-ilbenstadt.de\/index.php?rest_route=\/wp\/v2\/types\/post"}],"author":[{"embeddable":true,"href":"https:\/\/www.rc03-ilbenstadt.de\/index.php?rest_route=\/wp\/v2\/users\/9"}],"replies":[{"embeddable":true,"href":"https:\/\/www.rc03-ilbenstadt.de\/index.php?rest_route=%2Fwp%2Fv2%2Fcomments&post=9089"}],"version-history":[{"count":4,"href":"https:\/\/www.rc03-ilbenstadt.de\/index.php?rest_route=\/wp\/v2\/posts\/9089\/revisions"}],"predecessor-version":[{"id":9108,"href":"https:\/\/www.rc03-ilbenstadt.de\/index.php?rest_route=\/wp\/v2\/posts\/9089\/revisions\/9108"}],"wp:featuredmedia":[{"embeddable":true,"href":"https:\/\/www.rc03-ilbenstadt.de\/index.php?rest_route=\/wp\/v2\/media\/4738"}],"wp:attachment":[{"href":"https:\/\/www.rc03-ilbenstadt.de\/index.php?rest_route=%2Fwp%2Fv2%2Fmedia&parent=9089"}],"wp:term":[{"taxonomy":"category","embeddable":true,"href":"https:\/\/www.rc03-ilbenstadt.de\/index.php?rest_route=%2Fwp%2Fv2%2Fcategories&post=9089"},{"taxonomy":"post_tag","embeddable":true,"href":"https:\/\/www.rc03-ilbenstadt.de\/index.php?rest_route=%2Fwp%2Fv2%2Ftags&post=9089"}],"curies":[{"name":"wp","href":"https:\/\/api.w.org\/{rel}","templated":true}]}}