{"id":9093,"date":"2020-09-29T04:06:05","date_gmt":"2020-09-29T02:06:05","guid":{"rendered":"https:\/\/www.rc03-ilbenstadt.de\/?p=9093"},"modified":"2020-09-29T10:11:48","modified_gmt":"2020-09-29T08:11:48","slug":"ilbenstaedter-radtourenradwanderung-von-assenheim-nach-licham-donnerstag-den-1-oktober-2020","status":"publish","type":"post","link":"https:\/\/www.rc03-ilbenstadt.de\/?p=9093","title":{"rendered":"Ilbenst\u00e4dter Radtouren<br>Radwanderung &#8222;Von Wickstadt nach Lich&#8220;<br><br>am Donnerstag, den 1. Oktober 2020<br><br>"},"content":{"rendered":"<p><strong>Liebe Mitglieder und Freunde des RC 03 Ilbenstadt,<\/strong><\/p>\n<p>der Radwanderfachwart als treffsicherer Hobbymeteorologe ist bei der Terminierung unserer Radtour gefordert,\u00a0 wenn die Fahrt nach Lich auf niederschlagsfreiem Terrain gelingen soll. Erwin Loscher ist noch in die Wetterlage vertieft und wenn ihm seine Nase, sein Gef\u00fchl die Gewissheit f\u00fcr ein ideales Radfahrwetter vermittelt, l\u00e4dt er spontan und herzlich zur Tour nach Lich ein:<\/p>\n<p><strong>Start am Donnerstag, den 1. Oktober 2020 um<\/strong><\/p>\n<ul>\n<li><strong>09:15 Uhr an der Wickst\u00e4dter Niddabr\u00fccke<\/strong><\/li>\n<li><strong>10:00 Uhr am Bingenheimer Schloss<\/strong><\/li>\n<\/ul>\n<p>Die am 26. August 2020 neu eingestellten <a href=\"https:\/\/www.rc03-ilbenstadt.de\/?page_id=8677\" target=\"_blank\" rel=\"noopener noreferrer\">Hygiene- und Abstandsregeln<\/a>, abgestimmt f\u00fcr <!--more--><span id=\"more-8790\"><\/span><span id=\"more-8673\"><\/span>das Radwandern, des RC 03 Ilbenstadt <span id=\"more-9051\"><\/span><span id=\"more-9027\"><\/span>sind vorab zur Kenntnis zu nehmen und am Veranstaltungstag strikt einzuhalten. Unn\u00f6tige Risiken auf Kosten der Gesundheit werden nicht eingegangen.<br \/>\nVergesst nicht den Mund- und Nasenschutz. Dieser ist w\u00e4hrend der Fahrt nicht notwendig, f\u00fcr Pausen und unvorhergesehene Ereignisse wird er aber ben\u00f6tigt.<\/p>\n<p>Unser Ziel ist das kleine St\u00e4dtchen <a href=\"https:\/\/de.wikipedia.org\/wiki\/Lich\" target=\"_blank\" rel=\"noopener noreferrer\">Lich<\/a>, dessen Stadtgebiet sich einerseits auf Wetterauer Boden erstreckt, im Norden und Osten aber schon zum Vorderen Vogelsberg geh\u00f6rt. Wir m\u00fcssen nicht unruhig werden, der Anstieg zum Hohen Vogelsberg ist weit weg und die hier zu bew\u00e4ltigenden \u201eBodenwellen\u201c sind wetterautypisch moderat.<br \/>\nLich geh\u00f6rte schon bei den Neandertalern, den <a href=\"https:\/\/de.wikipedia.org\/wiki\/Linearbandkeramische_Kultur\" target=\"_blank\" rel=\"noopener noreferrer\">linearen Bandkeramikern<\/a>, sicherlich auch den Kelten, R\u00f6mern, Chatten und vielleicht auch anderen Gemeinschaften zu bevorzugten Siedlungsst\u00e4tten und auch uns zieht es in das kleine St\u00e4dtchen. Im Herzen der Natur gelegen, Eisv\u00f6gel weisen den Weg \u2013 so die interpretierte Werbebotschaft einer dort ans\u00e4ssigen Brauerei \u2013 ist es nicht schwer, dieses regionale Kleinod zu finden. Wir fahren \u00fcber Florstadt, das Bingenheimer Ried, Echzell, Bellersheim und Langsdorf dort hin. Eine Rast in Lich muss sein und eine Einkehrm\u00f6glichkeit ist um die Fu\u00dfg\u00e4ngerzone herum schnell gefunden.<\/p>\n<p>Nachdem die Eindr\u00fccke aus Lich und auch Speisen und Getr\u00e4nke aufgenommen sind, geht es mit neuem Elan auf den R\u00fcckweg. Muschenheim, Trais-M\u00fcnzenberg und M\u00fcnzenberg werden angesteuert. Von dort rollen wir \u00fcber die R\u00f6merstra\u00dfe, die &#8211; nur unter uns gesagt &#8211; eine sehr kurze, aber giftige Steigung im Wald aufweist, Melbach, Beienheim, Bauernheim und Ossenheim wieder zu unserm Ausgangspunkt zur\u00fcck. Der R\u00fcckweg beschert uns berauschende Ausblicke \u00fcber die Wetterau bis hin zur Frankfurter Skyline. Nach dem Regen der letzten Tage hat sich auch das Bild der Wetterau wieder gewandelt. Der Herbst l\u00e4sst sich nicht mehr leugnen, doch das verbliebene Gr\u00fcn in Feld und Flur ist satter, Staub und deutliche Zeichen der Trockenheit sind zun\u00e4chst verschwunden. 70 Kilometer werden in den Beinen stecken, doch wird die Tour mit angepasster Geschwindigkeit und einem angemessenen Pausenmanagement gestaltet, gepaart mit gest\u00e4hlten Radlerwaden, die Entfernungskilometer sehr viel kleiner erscheinen lassen.<\/p>\n<p>Diese Genusstour \u00fcber verkehrsarmes, abwechslungsreiches und \u00fcberwiegend flaches Terrain mit guten Rad- und Wirtschaftswegen wird etwa\u00a0 70 Kilometer lang sein.<\/p>\n<p>Haben wir Euer Interesse geweckt? Wir freuen uns auf eine rege Teilnahme.<br \/>\nErwin Loscher ist f\u00fcr R\u00fcckfragen unter der Telefonnummer 01512 02 30 745 erreichbar.<\/p>\n<p>Sollte es am Donnerstag wider Erwarten regnen, wird die Tour verschoben.<br \/>\nDamit rechnen wir nicht und hoffen vielmehr auf einen goldenen Oktober, auch wenn dieser grau beginnt.<\/p>\n<p>F\u00fcr das Radwanderteam<\/p>\n<p>Wilhelm Schr\u00f6der<br \/>\nFachbereichsleiter \u00d6ffentlichkeitsarbeit und Sport (RTF\/CTF)<\/p>\n<p><strong>Streckendownload f\u00fcr Navigationsger\u00e4te:<\/strong><br \/>\n<strong>\u201e<a href=\"https:\/\/rc03-ilbenstadt.de\/GPX\/GPX-RW\/RC03-RW-201001-Wickstadt_Licher%20Runde.gpx\">Von Wickstadt nach Lich<\/a>\u201c<\/strong><\/p>\n<p><a href=\"http:\/\/umap.openstreetmap.fr\/de\/map\/rc03-ilbenstadt-rw-201001-wickstadt-lich_504324#12\/50.4183\/8.8447\" target=\"_blank\" rel=\"noopener noreferrer\"><strong>Zur Radwanderstrecke Strecke \u201eVon Wickstadt nach Lich<\/strong><strong>\u201c<\/strong><strong><br \/>\n<\/strong><strong>(Vollbildanzeige):<\/strong><\/a><br \/>\n<iframe loading=\"lazy\" src=\"\/\/umap.openstreetmap.fr\/de\/map\/rc03-ilbenstadt-rw-201001-wickstadt-lich_504324?scaleControl=true&amp;miniMap=false&amp;scrollWheelZoom=true&amp;zoomControl=true&amp;allowEdit=false&amp;moreControl=true&amp;searchControl=true&amp;tilelayersControl=null&amp;embedControl=null&amp;datalayersControl=true&amp;onLoadPanel=undefined&amp;captionBar=false&amp;fullscreenControl=null&amp;locateControl=true&amp;measureControl=true\" width=\"100%\" height=\"300px\" frameborder=\"0\" allowfullscreen=\"allowfullscreen\"><\/iframe><\/p>\n","protected":false},"excerpt":{"rendered":"<p>Liebe Mitglieder und Freunde des RC 03 Ilbenstadt, der Radwanderfachwart als treffsicherer Hobbymeteorologe ist bei der Terminierung unserer Radtour gefordert,\u00a0 wenn die Fahrt nach Lich auf niederschlagsfreiem Terrain gelingen soll. Erwin Loscher ist noch in die Wetterlage vertieft und wenn &hellip; <a href=\"https:\/\/www.rc03-ilbenstadt.de\/?p=9093\">Weiterlesen <span class=\"meta-nav\">&rarr;<\/span><\/a><\/p>\n","protected":false},"author":9,"featured_media":4738,"comment_status":"closed","ping_status":"closed","sticky":false,"template":"","format":"standard","meta":{"_crdt_document":"","footnotes":""},"categories":[1],"tags":[],"class_list":["post-9093","post","type-post","status-publish","format-standard","has-post-thumbnail","hentry","category-allgemein"],"_links":{"self":[{"href":"https:\/\/www.rc03-ilbenstadt.de\/index.php?rest_route=\/wp\/v2\/posts\/9093","targetHints":{"allow":["GET"]}}],"collection":[{"href":"https:\/\/www.rc03-ilbenstadt.de\/index.php?rest_route=\/wp\/v2\/posts"}],"about":[{"href":"https:\/\/www.rc03-ilbenstadt.de\/index.php?rest_route=\/wp\/v2\/types\/post"}],"author":[{"embeddable":true,"href":"https:\/\/www.rc03-ilbenstadt.de\/index.php?rest_route=\/wp\/v2\/users\/9"}],"replies":[{"embeddable":true,"href":"https:\/\/www.rc03-ilbenstadt.de\/index.php?rest_route=%2Fwp%2Fv2%2Fcomments&post=9093"}],"version-history":[{"count":5,"href":"https:\/\/www.rc03-ilbenstadt.de\/index.php?rest_route=\/wp\/v2\/posts\/9093\/revisions"}],"predecessor-version":[{"id":9107,"href":"https:\/\/www.rc03-ilbenstadt.de\/index.php?rest_route=\/wp\/v2\/posts\/9093\/revisions\/9107"}],"wp:featuredmedia":[{"embeddable":true,"href":"https:\/\/www.rc03-ilbenstadt.de\/index.php?rest_route=\/wp\/v2\/media\/4738"}],"wp:attachment":[{"href":"https:\/\/www.rc03-ilbenstadt.de\/index.php?rest_route=%2Fwp%2Fv2%2Fmedia&parent=9093"}],"wp:term":[{"taxonomy":"category","embeddable":true,"href":"https:\/\/www.rc03-ilbenstadt.de\/index.php?rest_route=%2Fwp%2Fv2%2Fcategories&post=9093"},{"taxonomy":"post_tag","embeddable":true,"href":"https:\/\/www.rc03-ilbenstadt.de\/index.php?rest_route=%2Fwp%2Fv2%2Ftags&post=9093"}],"curies":[{"name":"wp","href":"https:\/\/api.w.org\/{rel}","templated":true}]}}