{"id":9115,"date":"2020-10-11T14:36:52","date_gmt":"2020-10-11T12:36:52","guid":{"rendered":"https:\/\/www.rc03-ilbenstadt.de\/?p=9115"},"modified":"2020-10-12T05:51:42","modified_gmt":"2020-10-12T03:51:42","slug":"ilbenstaedter-radtourenradwanderung-von-assenheim-zum-frankfurter-riedbergam-dienstag-den-13-oktober-2020","status":"publish","type":"post","link":"https:\/\/www.rc03-ilbenstadt.de\/?p=9115","title":{"rendered":"Ilbenst\u00e4dter Radtouren<br>Radwanderung &#8222;Von Assenheim zum Frankfurter Riedberg&#8220;<br><br>am Dienstag, den 13. Oktober 2020<br><br>"},"content":{"rendered":"<p><strong>Liebe Mitglieder und Freunde des RC 03 Ilbenstadt,<\/strong><\/p>\n<p>Unser Hobbymeteorologe Erwin Loscher ist sicher, dass in K\u00fcrze b\u00e4renstarkes Herbstwetter Euch Radwanderer zu einer Ausfahrt provoziert. Er l\u00e4dt spontan und ebenso herzlich zur Tour in die Randbezirke Bad Homburges und in den neuen Frankfurter Stadtbezirk Riedberg ein:<\/p>\n<p><strong>Start am Dienstag, den 13. Oktober 2020 um<\/strong><\/p>\n<ul>\n<li><strong>10:30 Uhr am B\u00fcrgerhaus in Assenheim<br \/>\n<\/strong><\/li>\n<li><strong>10:40 Uhr an der Ilbenst\u00e4dter Niddabr\u00fccke<\/strong><\/li>\n<\/ul>\n<p>Die am 26. August 2020 neu eingestellten <a href=\"https:\/\/www.rc03-ilbenstadt.de\/?page_id=8677\" target=\"_blank\" rel=\"noopener noreferrer\">Hygiene- und Abstandsregeln<\/a>, abgestimmt f\u00fcr <span id=\"more-9093\"><\/span><span id=\"more-8790\"><\/span><span id=\"more-8673\"><\/span>das Radwandern, <!--more-->des RC 03 Ilbenstadt <span id=\"more-9051\"><\/span><span id=\"more-9027\"><\/span>sind vorab zur Kenntnis zu nehmen und am Veranstaltungstag strikt einzuhalten. Unn\u00f6tige Risiken auf Kosten der Gesundheit werden nicht eingegangen.<br \/>\nVergesst nicht den Mund- und Nasenschutz. Dieser ist w\u00e4hrend der Fahrt nicht notwendig, f\u00fcr Pausen und unvorhergesehene Ereignisse wird er aber ben\u00f6tigt.<\/p>\n<p>Hat sich die Wetterauer Natur durch die Regenf\u00e4lle der letzten Tage nach der Trockenperiode erholt? Ihr werdet es herausfinden! Auf neuen Pfaden wird geradelt werden, der Frankfurter Stadtbezirk Riedberg ist das Ziel.<br \/>\nZun\u00e4chst geht es in vertrautem Terrain des Niddaradweges gen S\u00fcdwesten. In Okarben &#8222;erklimmen&#8220; wir die Bahn\u00fcberf\u00fchrung und peilen \u00fcber Petterweil und Ober-Eschbach die Bad Homburger Randbezirke an. Von dort ist es nach der Passage Kalbachs nach Riedberg nicht mehr weit.<br \/>\nWarum ist Riedberg kein Frankfurter Stadtteil? Ganz einfach, weil die neuen Quartiere auf dem Boden existierender Stadtteile, wie zum Beispiel Kalbach gebaut wurden. Und weil man Neues in seinen Wirkungen auch nachpr\u00fcfbar erfassen m\u00f6chte, kreierte man dazu auch flugs neue statische Stadtteilbezirke als Teilbereiche bestehender Stadtteile &#8211; um beim Beispiel Kalbach zu bleiben, den statistischen Stadtteil Kalbach-Riedberg. Wer sich f\u00fcr das Konstrukt und weitere Details interessiert, mag sich in den <a href=\"https:\/\/de.wikipedia.org\/wiki\/Frankfurt-Riedberg\" target=\"_blank\" rel=\"noopener noreferrer\">Wikipediaartikel<\/a> vertiefen. Hier erfahrt ihr auch, dass der Stadtbezirk Riedberg 2020 mit 6000 Wohneinheiten, 16.000 Einwohnern, 3000 Arbeits- und 8000 Studienpl\u00e4tzen fertiggestellt sein soll. Lasst euch nicht verwirren, der Stadtteil steht bereits und der Campus Riedberg der Goetheuniversit\u00e4t Frankfurt hat schon hoffnungsvolle Karrieren starten k\u00f6nnen. Wenn zum Jahresende die letzte Bushaltestelle steht, wird das Werk wohl vollbracht sein.<\/p>\n<p>Riedberg l\u00e4dt auch zur Rast ein. Letzter Rettungsanker f\u00fcr eine Erholungsphase bevor es auf den R\u00fcckweg geht, wird Bad Vilbel sein. Nach der Rast pedalieren wir locker auf dem Niddaradweg wieder Niddatal entgegen.<br \/>\nDiese Genusstour \u00fcber verkehrsarmes, abwechslungsreiches und \u00fcberwiegend flaches Terrain mit guten Rad- und Wirtschaftswegen wird etwa\u00a0 60 Kilometer lang sein.<\/p>\n<p>Haben wir Euer Interesse geweckt? Wir freuen uns auf eine rege Teilnahme.<br \/>\nErwin Loscher ist f\u00fcr R\u00fcckfragen unter der Telefonnummer 01512 02 30 745 erreichbar.<\/p>\n<p>Sollte es am Dienstag wider Erwarten regnen, wird die Tour verschoben.<br \/>\nDamit rechnen wir nicht und hoffen vielmehr auf einen goldenen Oktober, auch wenn dieser frisch beginnt.<\/p>\n<p>F\u00fcr das Radwanderteam<\/p>\n<p>Wilhelm Schr\u00f6der<br \/>\nFachbereichsleiter \u00d6ffentlichkeitsarbeit und Sport (RTF\/CTF)<\/p>\n<p><strong>Streckendownload f\u00fcr Navigationsger\u00e4te:<br \/>\n<a href=\"https:\/\/rc03-ilbenstadt.de\/GPX\/GPX-RW\/RC03_RW_201013_Assenheim_FF-Riedberg.gpx\">Von Assenheim zum Frankfurter Riedberg&#8220;<\/a><br \/>\n<\/strong><\/p>\n<p><a href=\"http:\/\/umap.openstreetmap.fr\/de\/map\/rc03_ilbenstadt_rw_202013_assenheim_ff-riedberg_509638#13\/50.2400\/8.7286\" target=\"_blank\" rel=\"noopener noreferrer\"><strong>Zur Radwanderstrecke Strecke \u201eVon Assenheim zum Frankfurter Riedberg<\/strong><strong>\u201c<\/strong><strong><br \/>\n<\/strong><\/a><strong><a href=\"http:\/\/umap.openstreetmap.fr\/de\/map\/rc03_ilbenstadt_rw_202013_assenheim_ff-riedberg_509638#13\/50.2400\/8.7286\" target=\"_blank\" rel=\"noopener noreferrer\">(Vollbildanzeige)<\/a>:<\/strong><br \/>\n<iframe loading=\"lazy\" width=\"100%\" height=\"300px\" frameborder=\"0\" allowfullscreen src=\"\/\/umap.openstreetmap.fr\/de\/map\/rc03_ilbenstadt_rw_202013_assenheim_ff-riedberg_509638?scaleControl=true&#038;miniMap=false&#038;scrollWheelZoom=true&#038;zoomControl=true&#038;allowEdit=false&#038;moreControl=true&#038;searchControl=true&#038;tilelayersControl=null&#038;embedControl=null&#038;datalayersControl=true&#038;onLoadPanel=undefined&#038;captionBar=false&#038;fullscreenControl=true&#038;measureControl=true\"><\/iframe><\/p>\n","protected":false},"excerpt":{"rendered":"<p>Liebe Mitglieder und Freunde des RC 03 Ilbenstadt, Unser Hobbymeteorologe Erwin Loscher ist sicher, dass in K\u00fcrze b\u00e4renstarkes Herbstwetter Euch Radwanderer zu einer Ausfahrt provoziert. Er l\u00e4dt spontan und ebenso herzlich zur Tour in die Randbezirke Bad Homburges und in &hellip; <a href=\"https:\/\/www.rc03-ilbenstadt.de\/?p=9115\">Weiterlesen <span class=\"meta-nav\">&rarr;<\/span><\/a><\/p>\n","protected":false},"author":9,"featured_media":4738,"comment_status":"closed","ping_status":"closed","sticky":false,"template":"","format":"standard","meta":{"_crdt_document":"","footnotes":""},"categories":[1],"tags":[],"class_list":["post-9115","post","type-post","status-publish","format-standard","has-post-thumbnail","hentry","category-allgemein"],"_links":{"self":[{"href":"https:\/\/www.rc03-ilbenstadt.de\/index.php?rest_route=\/wp\/v2\/posts\/9115","targetHints":{"allow":["GET"]}}],"collection":[{"href":"https:\/\/www.rc03-ilbenstadt.de\/index.php?rest_route=\/wp\/v2\/posts"}],"about":[{"href":"https:\/\/www.rc03-ilbenstadt.de\/index.php?rest_route=\/wp\/v2\/types\/post"}],"author":[{"embeddable":true,"href":"https:\/\/www.rc03-ilbenstadt.de\/index.php?rest_route=\/wp\/v2\/users\/9"}],"replies":[{"embeddable":true,"href":"https:\/\/www.rc03-ilbenstadt.de\/index.php?rest_route=%2Fwp%2Fv2%2Fcomments&post=9115"}],"version-history":[{"count":5,"href":"https:\/\/www.rc03-ilbenstadt.de\/index.php?rest_route=\/wp\/v2\/posts\/9115\/revisions"}],"predecessor-version":[{"id":9117,"href":"https:\/\/www.rc03-ilbenstadt.de\/index.php?rest_route=\/wp\/v2\/posts\/9115\/revisions\/9117"}],"wp:featuredmedia":[{"embeddable":true,"href":"https:\/\/www.rc03-ilbenstadt.de\/index.php?rest_route=\/wp\/v2\/media\/4738"}],"wp:attachment":[{"href":"https:\/\/www.rc03-ilbenstadt.de\/index.php?rest_route=%2Fwp%2Fv2%2Fmedia&parent=9115"}],"wp:term":[{"taxonomy":"category","embeddable":true,"href":"https:\/\/www.rc03-ilbenstadt.de\/index.php?rest_route=%2Fwp%2Fv2%2Fcategories&post=9115"},{"taxonomy":"post_tag","embeddable":true,"href":"https:\/\/www.rc03-ilbenstadt.de\/index.php?rest_route=%2Fwp%2Fv2%2Ftags&post=9115"}],"curies":[{"name":"wp","href":"https:\/\/api.w.org\/{rel}","templated":true}]}}