{"id":9125,"date":"2020-10-20T02:23:32","date_gmt":"2020-10-20T00:23:32","guid":{"rendered":"https:\/\/www.rc03-ilbenstadt.de\/?p=9125"},"modified":"2020-10-20T09:44:37","modified_gmt":"2020-10-20T07:44:37","slug":"ilbenstaedter-radtourenradwanderung-von-wickstadt-zur-rundtour-eckardsborn-utpheam-donnerstag-den-22-oktober-2020","status":"publish","type":"post","link":"https:\/\/www.rc03-ilbenstadt.de\/?p=9125","title":{"rendered":"Ilbenst\u00e4dter Radtouren<br>Radwanderung &#8222;Von Wickstadt zur Rundtour Eckardsborn\/Utphe&#8220;<br><br>am Donnerstag, den 22. Oktober 2020<br><br>"},"content":{"rendered":"<p><span style=\"color: #ff0000;\">Coronavirus<\/span><br \/>\n<span style=\"color: #ff0000;\">Auf das Infektionsgeschehen k\u00f6nnen Kreise und Kommunen nach dem hessischen Eskalationskonzept individuell reagieren und l<\/span><span class=\"field-content\"><span style=\"color: #ff0000;\">okal begrenzte, zielgenaue Schutz- und Eskalationsma\u00dfnahmen ergreifen. Die Streckenf\u00fchrung wird unter diesem Aspekt gepr\u00fcft. Die Hygiene- und Abstandsregeln des RC 03 m\u00fcssen bisher nicht angepasst werden.<\/span> <\/span><\/p>\n<p><strong>Liebe Mitglieder und Freunde des RC 03 Ilbenstadt,<\/strong><\/p>\n<p>In diesen Tagen versucht sich der Oktober von seiner besten Seite zu zeigen. Sonne und Wolken wechseln sich ab, die Temperaturen klettern zur Mittagszeit schon mal der 20\u00b0-Marke entgegen. Unser Radwanderfachwart Erwin Loscher glaubt zu wissen, dass sich am Donnerstag die Sonne durchsetzt und die Niederschl\u00e4ge w\u00e4hrend der Radtour ausbleiben. Folgt ihm! Er l\u00e4dt herzlich zur Rundtour bis hin zu den s\u00fcdlichen Ausl\u00e4ufern des Vogelsberges ein:<\/p>\n<p><strong>Start am Donnerstag, den 22. Oktober 2020 um<\/strong><\/p>\n<ul>\n<li><strong>10:00 Uhr an der Wickst\u00e4dter Niddabr\u00fccke<br \/>\n<\/strong><\/li>\n<li><strong>10:20 Uhr an der Ober-Florst\u00e4dter Niddabr\u00fccke<\/strong><\/li>\n<\/ul>\n<p>Die am 26. August 2020 neu eingestellten <a href=\"https:\/\/www.rc03-ilbenstadt.de\/?page_id=8677\" target=\"_blank\" rel=\"noopener noreferrer\">Hygiene- und Abstandsregeln<\/a>, abgestimmt f\u00fcr <span id=\"more-9093\"><\/span><span id=\"more-8790\"><\/span><span id=\"more-8673\"><\/span>das Radwandern, <!--more-->des RC 03 Ilbenstadt <span id=\"more-9051\"><\/span><span id=\"more-9027\"><\/span>sind vorab zur Kenntnis zu nehmen und am Veranstaltungstag strikt einzuhalten. Unn\u00f6tige Risiken auf Kosten der Gesundheit werden nicht eingegangen.<br \/>\nVergesst nicht den Mund- und Nasenschutz. Dieser ist w\u00e4hrend der Fahrt nicht notwendig, f\u00fcr Pausen und unvorhergesehene Ereignisse wird er aber ben\u00f6tigt.<br \/>\nEuer umsichtiges Verhalten sch\u00fctzt die Gruppe, euch selbst und erh\u00e4lt uns den Freiraum Sport in der freien Natur auszu\u00fcben und die sozialen Kontakte zu pflegen.<\/p>\n<p>Wir starten auf dem Hessenradweg R4 an der Wickst\u00e4dter Niddabr\u00fccke, nehmen in Ober-Florstadt die Bingenheimer Gruppe auf und fahren via Stammheim dem Vulkanradweg entgegen. Diesen haben wir in Lindheim unter den R\u00e4dern und verlassen ihn nicht bis Eckhardsborn.<br \/>\n<a href=\"https:\/\/www.ortenberg.net\/verzeichnis\/visitenkarte.php?mandat=203278\" target=\"_blank\" rel=\"noopener noreferrer\">Eckhardsborn<\/a>, ein Ortenberger Stadtteil, liegt unweit der Bonifatiusroute, auf der dieser Heilige 755 auch auf seinem letzten Wege nach Fulda war; sein Leichenzug rastete der \u00dcberlieferung nach an der Schafskirche zwischen Eckhardsborn und Li\u00dfberg. Das kleine \u00d6rtchen, im Niddertal gelegen, besteht aus einem Unter- und einem Oberdorf. Letzteres entstand nach der Pestheimsuchung, die eine Neustrukturierung der Niederlassungen \u00fcberlebender Einwohner in diesem Gebiet nach sich zog. Im 30-j\u00e4hrigen Krieg brannte Eckhardsborn nieder, zwei(!) Einwohner z\u00e4hlte danach der Ort. Man rappelte sich wieder auf, der Ort wuchs. Nachdem 1899 der B\u00fcrgermeister nach 40-j\u00e4hriger Amtszeit abgel\u00f6st war, brachte sein Nachfolger frischen Wind in die Gemeinde. Unter anderem wurde eine Stra\u00dfe vom Unter- ins Oberdorf gebaut und der B\u00fcrgermeister selbst brachte fortan die Verstorbenen mit seinem Fuhrwerk zum Friedhof ins Oberdorf, bislang im Winter bei Eis- und Schnee eine gef\u00e4hrliche Angelegenheit, S\u00e4rge zum Friedhof zu tragen. Wir folgen nun auch dieser &#8222;Chaussee&#8220; und k\u00f6nnen bald nachempfinden, dass der Verkehr von und zum Oberdorf zumindest nicht einfach war und ist.<\/p>\n<p>Weiter geht es \u00fcber Wallernhausen nach Nidda. Hier wird eine Kaffeepause eingelegt bevor \u00fcber Unter-Schmitten, Borsdorf und Widdersheim nach <a href=\"https:\/\/de.wikipedia.org\/wiki\/Utphe\" target=\"_blank\" rel=\"noopener noreferrer\">Utphe<\/a> &#8211; der Ortsname deutet auf ein Gew\u00e4sser hin &#8211; geradelt wird. Hinter Unter-Widdersheim finden wir uns wieder von der Wetterauer Auenlandschaft umgeben, die von vielen Zugv\u00f6geln bereits verlassen wurde. In Bingenheim werfen wir noch einen Blick vom Aussichtspunkt in dieses Biotop, das sich nach dem trockenen Sommer jetzt wasserreich pr\u00e4sentiert.<\/p>\n<p>Mit vielen Eindr\u00fccken im Gep\u00e4ck wird die letzte Etappe nach Wickstadt angegangen. In flachem Terrain ist der Ausgangspunkt unserer Radtour schnell wieder erreicht.<\/p>\n<p>Diese Genusstour \u00fcber verkehrsarmes und abwechslungsreiches Terrain, das auch die ein oder andere Herausforderung in der Gel\u00e4ndeformation bietet, wird etwa\u00a0 74 Kilometer lang sein. Gute Rad- und Wirtschaftswege wurden ausgew\u00e4hlt.<\/p>\n<p>Haben wir Euer Interesse geweckt? Wir freuen uns auf eine rege Teilnahme.<br \/>\nErwin Loscher ist f\u00fcr R\u00fcckfragen unter der Telefonnummer 01512 02 30 745 erreichbar.<\/p>\n<p>Sollte es am Donnerstag wider Erwarten regnen, wird die Tour verschoben.<br \/>\nDamit rechnen wir nicht, der goldene Oktober wartet.<\/p>\n<p>F\u00fcr das Radwanderteam<\/p>\n<p>Wilhelm Schr\u00f6der<br \/>\nFachbereichsleiter \u00d6ffentlichkeitsarbeit und Sport (RTF\/CTF)<\/p>\n<p><strong>Streckendownload f\u00fcr Navigationsger\u00e4te:<br \/>\n<a href=\"https:\/\/rc03-ilbenstadt.de\/GPX\/GPX-RW\/RC03-RW_201022_Wickstadt_Eckhardsborn_Utphe.gpx\">&#8222;Von Wickstadt zur Rundtour \u00fcber Eckhardsborn und Utphe&#8220;<\/a><br \/>\n<\/strong><\/p>\n<p><a href=\"http:\/\/umap.openstreetmap.fr\/de\/map\/rc03_ilbenstadt_rw_201022_wickstadt_eckhardsborn_u_512627#11\/50.3657\/8.9039\" target=\"_blank\" rel=\"noopener noreferrer\"><strong>Zur Radwanderstrecke Strecke \u201eVon Wickstadt zur Rundtour \u00fcber Eckhardsborn und Utphe<\/strong><strong>\u201c<\/strong><strong><br \/>\n<\/strong><strong>(Vollbildanzeige):<\/strong><\/a><br \/>\n<iframe loading=\"lazy\" src=\"\/\/umap.openstreetmap.fr\/de\/map\/rc03_ilbenstadt_rw_201022_wickstadt_eckhardsborn_u_512627?scaleControl=true&amp;miniMap=false&amp;scrollWheelZoom=true&amp;zoomControl=true&amp;allowEdit=false&amp;moreControl=true&amp;searchControl=true&amp;tilelayersControl=null&amp;embedControl=null&amp;datalayersControl=true&amp;onLoadPanel=undefined&amp;captionBar=false&amp;fullscreenControl=true&amp;measureControl=true\" width=\"100%\" height=\"300px\" frameborder=\"0\" allowfullscreen=\"allowfullscreen\"><\/iframe><\/p>\n","protected":false},"excerpt":{"rendered":"<p>Coronavirus Auf das Infektionsgeschehen k\u00f6nnen Kreise und Kommunen nach dem hessischen Eskalationskonzept individuell reagieren und lokal begrenzte, zielgenaue Schutz- und Eskalationsma\u00dfnahmen ergreifen. Die Streckenf\u00fchrung wird unter diesem Aspekt gepr\u00fcft. Die Hygiene- und Abstandsregeln des RC 03 m\u00fcssen bisher nicht angepasst &hellip; <a href=\"https:\/\/www.rc03-ilbenstadt.de\/?p=9125\">Weiterlesen <span class=\"meta-nav\">&rarr;<\/span><\/a><\/p>\n","protected":false},"author":9,"featured_media":4738,"comment_status":"closed","ping_status":"closed","sticky":false,"template":"","format":"standard","meta":{"_crdt_document":"","footnotes":""},"categories":[1],"tags":[],"class_list":["post-9125","post","type-post","status-publish","format-standard","has-post-thumbnail","hentry","category-allgemein"],"_links":{"self":[{"href":"https:\/\/www.rc03-ilbenstadt.de\/index.php?rest_route=\/wp\/v2\/posts\/9125","targetHints":{"allow":["GET"]}}],"collection":[{"href":"https:\/\/www.rc03-ilbenstadt.de\/index.php?rest_route=\/wp\/v2\/posts"}],"about":[{"href":"https:\/\/www.rc03-ilbenstadt.de\/index.php?rest_route=\/wp\/v2\/types\/post"}],"author":[{"embeddable":true,"href":"https:\/\/www.rc03-ilbenstadt.de\/index.php?rest_route=\/wp\/v2\/users\/9"}],"replies":[{"embeddable":true,"href":"https:\/\/www.rc03-ilbenstadt.de\/index.php?rest_route=%2Fwp%2Fv2%2Fcomments&post=9125"}],"version-history":[{"count":4,"href":"https:\/\/www.rc03-ilbenstadt.de\/index.php?rest_route=\/wp\/v2\/posts\/9125\/revisions"}],"predecessor-version":[{"id":9129,"href":"https:\/\/www.rc03-ilbenstadt.de\/index.php?rest_route=\/wp\/v2\/posts\/9125\/revisions\/9129"}],"wp:featuredmedia":[{"embeddable":true,"href":"https:\/\/www.rc03-ilbenstadt.de\/index.php?rest_route=\/wp\/v2\/media\/4738"}],"wp:attachment":[{"href":"https:\/\/www.rc03-ilbenstadt.de\/index.php?rest_route=%2Fwp%2Fv2%2Fmedia&parent=9125"}],"wp:term":[{"taxonomy":"category","embeddable":true,"href":"https:\/\/www.rc03-ilbenstadt.de\/index.php?rest_route=%2Fwp%2Fv2%2Fcategories&post=9125"},{"taxonomy":"post_tag","embeddable":true,"href":"https:\/\/www.rc03-ilbenstadt.de\/index.php?rest_route=%2Fwp%2Fv2%2Ftags&post=9125"}],"curies":[{"name":"wp","href":"https:\/\/api.w.org\/{rel}","templated":true}]}}