{"id":9155,"date":"2020-12-24T10:56:11","date_gmt":"2020-12-24T09:56:11","guid":{"rendered":"https:\/\/www.rc03-ilbenstadt.de\/?p=9155"},"modified":"2020-12-25T12:08:41","modified_gmt":"2020-12-25T11:08:41","slug":"weihnachten-und-jahreswechsel-2020-2021","status":"publish","type":"post","link":"https:\/\/www.rc03-ilbenstadt.de\/?p=9155","title":{"rendered":"Weihnachten und Jahreswechsel 2020\/2021"},"content":{"rendered":"<p><strong>Liebe Vereinsmitglieder<br \/>\nund Freunde des RC 03 Ilbenstadt,<\/strong><\/p>\n<p><strong>\u00a0<\/strong>wir m\u00fcssen nicht darum herum reden, das Jahr 2020 hatte mit seinen Belastungen in allen Lebensbereichen\u00a0 keiner von uns erwartet. Das Vereinsleben fand in weiten Teilen nicht statt; unserer Gesundheit musste und muss in der Coronapandemie Rechnung getragen werden. Toll, wenn die Kontakte untereinander nicht vollst\u00e4ndig abgebrochen wurden, dass der Radsport <!--more-->auf individueller Basis ausge\u00fcbt und selbst Gruppenfahrten unter den jeweils geltenden Verordnungen mit angemessenen Abstands- und Hygieneregeln durchgef\u00fchrt wurden. Respekt f\u00fcr die Initiativen und die gezeigten Leistungen.<\/p>\n<p>Lasst uns nach vorne schauen. Das Pandemiegeschehen werden wir mit den neuen Impfstoffen \u00fcberwinden, wenn auch der Weg noch lange und steinig ist. Das Weihnachtsfest und der Jahreswechsel stehen vor uns. Wir w\u00fcnschen Euch in dieser au\u00dfergew\u00f6hnlichen Zeit ein besinnliches und frohes Weihnachten sowie einen von Optimismus getragen Jahreswechsel. Bessere Zeiten sind in Sicht, leisten wir dazu unseren Beitrag.<\/p>\n<p>Haltet Kontakt, seid im Rahmen der \u00e4u\u00dferen Umst\u00e4nde aktiv und bleibt vor allem gesund!<\/p>\n<p>&nbsp;<\/p>\n<p>F\u00fcr den Vorstand des RC 03 Ilbenstadt<br \/>\nMit sportlichen Gr\u00fc\u00dfen<\/p>\n<p>Wilhelm Schr\u00f6der<br \/>\nFachbereichsleiter \u00d6ffentlichkeitsarbeit und Sport<\/p>\n<p><span style=\"font-size: 12px;\">Beitragsbild: \u00a9 floydine \u2013 www.fotolia.com<\/span><\/p>\n<div class=\"clear\"><\/div>\n<footer class=\"single-entry-meta\">\u00a0<\/footer>\n","protected":false},"excerpt":{"rendered":"<p>Liebe Vereinsmitglieder und Freunde des RC 03 Ilbenstadt, \u00a0wir m\u00fcssen nicht darum herum reden, das Jahr 2020 hatte mit seinen Belastungen in allen Lebensbereichen\u00a0 keiner von uns erwartet. Das Vereinsleben fand in weiten Teilen nicht statt; unserer Gesundheit musste und &hellip; <a href=\"https:\/\/www.rc03-ilbenstadt.de\/?p=9155\">Weiterlesen <span class=\"meta-nav\">&rarr;<\/span><\/a><\/p>\n","protected":false},"author":9,"featured_media":9158,"comment_status":"closed","ping_status":"closed","sticky":false,"template":"","format":"standard","meta":{"_crdt_document":"","footnotes":""},"categories":[1],"tags":[],"class_list":["post-9155","post","type-post","status-publish","format-standard","has-post-thumbnail","hentry","category-allgemein"],"_links":{"self":[{"href":"https:\/\/www.rc03-ilbenstadt.de\/index.php?rest_route=\/wp\/v2\/posts\/9155","targetHints":{"allow":["GET"]}}],"collection":[{"href":"https:\/\/www.rc03-ilbenstadt.de\/index.php?rest_route=\/wp\/v2\/posts"}],"about":[{"href":"https:\/\/www.rc03-ilbenstadt.de\/index.php?rest_route=\/wp\/v2\/types\/post"}],"author":[{"embeddable":true,"href":"https:\/\/www.rc03-ilbenstadt.de\/index.php?rest_route=\/wp\/v2\/users\/9"}],"replies":[{"embeddable":true,"href":"https:\/\/www.rc03-ilbenstadt.de\/index.php?rest_route=%2Fwp%2Fv2%2Fcomments&post=9155"}],"version-history":[{"count":2,"href":"https:\/\/www.rc03-ilbenstadt.de\/index.php?rest_route=\/wp\/v2\/posts\/9155\/revisions"}],"predecessor-version":[{"id":9157,"href":"https:\/\/www.rc03-ilbenstadt.de\/index.php?rest_route=\/wp\/v2\/posts\/9155\/revisions\/9157"}],"wp:featuredmedia":[{"embeddable":true,"href":"https:\/\/www.rc03-ilbenstadt.de\/index.php?rest_route=\/wp\/v2\/media\/9158"}],"wp:attachment":[{"href":"https:\/\/www.rc03-ilbenstadt.de\/index.php?rest_route=%2Fwp%2Fv2%2Fmedia&parent=9155"}],"wp:term":[{"taxonomy":"category","embeddable":true,"href":"https:\/\/www.rc03-ilbenstadt.de\/index.php?rest_route=%2Fwp%2Fv2%2Fcategories&post=9155"},{"taxonomy":"post_tag","embeddable":true,"href":"https:\/\/www.rc03-ilbenstadt.de\/index.php?rest_route=%2Fwp%2Fv2%2Ftags&post=9155"}],"curies":[{"name":"wp","href":"https:\/\/api.w.org\/{rel}","templated":true}]}}