{"id":9194,"date":"2021-03-04T08:41:41","date_gmt":"2021-03-04T07:41:41","guid":{"rendered":"https:\/\/www.rc03-ilbenstadt.de\/?p=9194"},"modified":"2021-03-28T13:35:31","modified_gmt":"2021-03-28T11:35:31","slug":"radtourenfahren-rtf-und-contrytourenfahren-ctf-in-ilbenstadtabsage-der-44-fruehjahrs-rtf-und-der-5-fruehjahrs-ctfam-21-maerz-2021auch-2021-kein-start-in-den-fruehling","status":"publish","type":"post","link":"https:\/\/www.rc03-ilbenstadt.de\/?p=9194","title":{"rendered":"Radtourenfahren (RTF) und Countrytourenfahren (CTF) in Ilbenstadt<br><br>Absage der 44. Fr\u00fchjahrs-RTF und der 5. Fr\u00fchjahrs-CTF<br>am 21. M\u00e4rz 2021<br>Auch 2021 KEIN Start in den Fr\u00fchling"},"content":{"rendered":"<p><span style=\"color: #ff0000;\">Update am 17.03.2021 (&#8222;Coronatouren&#8220; &#8211; Strecken\/Punktevergabe)<strong><br \/>\n<\/strong><\/span><\/p>\n<p><strong>Liebe Mitglieder, <\/strong><br \/>\n<strong>liebe Freundinnen und liebe Freunde des RC 03 Ilbenstadt,<\/strong><\/p>\n<p>schweren Herzens sagen wir unsere RTF und unsere CTF vor dem Hintergrund der pandemischen Lageentwicklung mit ihren Unw\u00e4gbarkeiten in Fortdauer, teilweiser Aufhebung oder gar Versch\u00e4rfung des Lockdowns ab.<\/p>\n<p>Blauer Himmel, Sonne satt und die erwachte Natur mit <!--more-->uns in den Startl\u00f6chern. So haben wir die erste RTF und die erste CTF im Jahr 2021 in Ilbenstadt zum Saisonstart vor Augen gehabt. Der Infektionsschutz geht vor. Es w\u00e4re kein verantwortliches Handeln, wenn wir angesichts des pandemischen Geschehens, <span id=\"more-8365\"><\/span>der Gesundheitsgefahren f\u00fcr Einzelne und der Gefahr einer \u00dcberlastung unseres Gesundheitssystemes uns verweigern w\u00fcrden. Sicher hallt der Ruf nach Lockerungen der Kontaktbeschr\u00e4nkungen durch das Land und die Politik, getrieben durch &#8222;Volkes Stimme&#8220;, durch Wirtschafts- und Sozialverb\u00e4nde, geht aktuell mit einer \u00d6ffnungsstrategie, verbunden mit dem Impfprogramm, Schnell- und Selbsttestungen, ein riskantes Spiel ein.<\/p>\n<p>Heute, am 4. M\u00e4rz 2021 werden wir nach der Sitzung des Coronakabinetts in Hessen eine relative Klarheit zur Entwicklung in den n\u00e4chsten Wochen haben. Die bisher bekannten f\u00fcnf \u00d6ffnungsschritte beinhalten zu den Lockerungsschritten jeweils Bedingungen zur Inzidenzentwicklung und einen zeitlichen Rahmen. Danach w\u00e4re Sport ab dem 8. M\u00e4rz im Freien bis maximal 10 Personen m\u00f6glich, ab dem 22. M\u00e4rz dann ohne zahlenm\u00e4\u00dfige Beschr\u00e4nkung. L\u00e4ge die Inzidenz zwischen 50 und 100 w\u00e4re von den Sportlerinnen und Sportlern ein tagesaktueller Schnell- oder Selbsttest vorzuweisen &#8230;<br \/>\nOb dann zus\u00e4tzlich zur verkehrsrechtlichen Genehmigung oder Anzeige noch eine Genehmigungserfordernis des Gesundheitsamtes obligatorisch wird oder eine Anzeige der Veranstaltung mit Hygienekonzept gen\u00fcgt. Auf jeden Fall w\u00e4re eine ausschlie\u00dfliche Onlinevoranmeldung mit begrenzter Zahl der Startpl\u00e4tze erforderlich gewesen, die sich letztlich aus der staufreien Schleusung der Teilnehmerinnen und Teilnehmer unter Beachtung der Hygiene- und Abstandsregeln ergeben h\u00e4tten.<\/p>\n<p>Wie dem auch sei, der Gesundheit aller sind wir verpflichtet und sagen in diesem Lichte unsere Veranstaltung ab. Wir hoffen, dass wir mit dem Erfolg der Impfungen uns wieder dem Radsport in geselliger Runde widmen k\u00f6nnen.<\/p>\n<p><strong>Unsere Touren (Streckenversion von 2020) k\u00f6nnen nat\u00fcrlich individuell als Corona-RTF\/Corona-CTF innnerhalb von 14 Tagen, gerechnet ab dem 21. M\u00e4rz 2021, absolviert werden. Dazu sind die GPX-Files unten eingestellt.<br \/>\n<\/strong>Weiter gilt:<strong><br \/>\n<\/strong><\/p>\n<ul>\n<li>Inhaber\/Inhaberinnen von BDR-Wertungskarten bekommen auf Wunsch das Absolvieren einer Strecke best\u00e4tigt:\n<ul>\n<li>Einen m\u00f6glichst digitalen Nachweis der Fahrt, zum Beispiel mittels GPX-File, auch Screenshot vom Tacho, Strava- oder Polarlink, per E-Mail an den<br \/>\n<a href=\"mailto:rtf-fachwart@rc03-ilbenstadt.de\">rtf-fachwart@rc03-ilbenstadt.de<\/a> einreichen.<\/li>\n<li>Die Teilnahme wird best\u00e4tigt; die Punktevergabe orientiert sich an der absolvierten Strecke.<\/li>\n<li>Danach kann der Fachwart des Heimatvereines die Punkte in die WK eintragen.<\/li>\n<\/ul>\n<\/li>\n<li>Es werden ausschlie\u00dflich Fahrten auf der Originalstrecke anerkannt, Sternfahrten sind nicht m\u00f6glich.<\/li>\n<li>Der Toureinstieg kann jedoch an jedem beliebigen Punkt auf der Strecke erfolgen.<\/li>\n<li>Ein Startgeld wird nicht erhoben.<\/li>\n<\/ul>\n<p><strong>Zu den <a href=\"https:\/\/www.rc03-ilbenstadt.de\/?page_id=8155\" target=\"_blank\" rel=\"noopener\">RTF-Strecken<\/a><\/strong><br \/>\n<strong>Zu den <a href=\"https:\/\/www.rc03-ilbenstadt.de\/?page_id=8207\" target=\"_blank\" rel=\"noopener\">CTF-Strecken<\/a><\/strong><\/p>\n<p><strong>Downloads f\u00fcr Navigationsger\u00e4te<br \/>\nRTF: <\/strong><a href=\"https:\/\/rc03-ilbenstadt.de\/GPX\/GPX-VM_2020-RTF_CTF\/GPX-RC03_Ilbenstadt\/%20RC03-RTF-3_2020-44km-FINAL.gpx\">44 Kilometerstrecke<\/a>\u00a0 <a href=\"https:\/\/rc03-ilbenstadt.de\/GPX\/GPX-VM_2020-RTF_CTF\/GPX-RC03_Ilbenstadt\/%20RC03-RTF-3_2020-78km-FINAL.gpx\">78-Kilometerstrecke<\/a>\u00a0 <a href=\"https:\/\/rc03-ilbenstadt.de\/GPX\/GPX-VM_2020-RTF_CTF\/GPX-RC03_Ilbenstadt\/%20RC03-RTF-3_2020-116km-FINAL.gpx\">116-Kilometerstrecke<\/a><strong><br \/>\nCTF: <\/strong><a href=\"https:\/\/rc03-ilbenstadt.de\/GPX\/GPX-VM_2020-RTF_CTF\/GPX-RC03_Ilbenstadt\/RC03-CTF-3_2020-37km.gpx\">37-Kilometerstrecke<\/a>\u00a0 <a href=\"https:\/\/rc03-ilbenstadt.de\/GPX\/GPX-VM_2020-RTF_CTF\/GPX-RC03_Ilbenstadt\/RC03-CTF-3_2020-56km.gpx\">56-Kilometerstrecke\u00a0<\/a> <a href=\"https:\/\/rc03-ilbenstadt.de\/GPX\/GPX-VM_2020-RTF_CTF\/GPX-RC03_Ilbenstadt\/RC03-CTF-3_2020-71km.gpx\">71-Kilometerstrecke<\/a><\/p>\n<p>Servicepunkte werden nicht eingerichtet. In Bobenhausen den Abzweig zum Servicepunkt ignorieren und direkt Richtung Wippenbach weiterfahren. Auch die Auffahrt zum Glauberg kann entfallen. Diesen empfehlen wir jedoch wegen der tollen Sicht und nach dem kurzen und heftigen Krafteinsatz f\u00fchlt man sich in der Keltenwelt gut aufgehoben.<\/p>\n<p>Viel Spa\u00df und eine unfallfreie Saison<br \/>\nEuer Orga-Team RTF\/CTF<\/p>\n","protected":false},"excerpt":{"rendered":"<p>Update am 17.03.2021 (&#8222;Coronatouren&#8220; &#8211; Strecken\/Punktevergabe) Liebe Mitglieder, liebe Freundinnen und liebe Freunde des RC 03 Ilbenstadt, schweren Herzens sagen wir unsere RTF und unsere CTF vor dem Hintergrund der pandemischen Lageentwicklung mit ihren Unw\u00e4gbarkeiten in Fortdauer, teilweiser Aufhebung oder &hellip; <a href=\"https:\/\/www.rc03-ilbenstadt.de\/?p=9194\">Weiterlesen <span class=\"meta-nav\">&rarr;<\/span><\/a><\/p>\n","protected":false},"author":9,"featured_media":8311,"comment_status":"closed","ping_status":"closed","sticky":false,"template":"","format":"standard","meta":{"_crdt_document":"","footnotes":""},"categories":[1],"tags":[],"class_list":["post-9194","post","type-post","status-publish","format-standard","has-post-thumbnail","hentry","category-allgemein"],"_links":{"self":[{"href":"https:\/\/www.rc03-ilbenstadt.de\/index.php?rest_route=\/wp\/v2\/posts\/9194","targetHints":{"allow":["GET"]}}],"collection":[{"href":"https:\/\/www.rc03-ilbenstadt.de\/index.php?rest_route=\/wp\/v2\/posts"}],"about":[{"href":"https:\/\/www.rc03-ilbenstadt.de\/index.php?rest_route=\/wp\/v2\/types\/post"}],"author":[{"embeddable":true,"href":"https:\/\/www.rc03-ilbenstadt.de\/index.php?rest_route=\/wp\/v2\/users\/9"}],"replies":[{"embeddable":true,"href":"https:\/\/www.rc03-ilbenstadt.de\/index.php?rest_route=%2Fwp%2Fv2%2Fcomments&post=9194"}],"version-history":[{"count":5,"href":"https:\/\/www.rc03-ilbenstadt.de\/index.php?rest_route=\/wp\/v2\/posts\/9194\/revisions"}],"predecessor-version":[{"id":9325,"href":"https:\/\/www.rc03-ilbenstadt.de\/index.php?rest_route=\/wp\/v2\/posts\/9194\/revisions\/9325"}],"wp:featuredmedia":[{"embeddable":true,"href":"https:\/\/www.rc03-ilbenstadt.de\/index.php?rest_route=\/wp\/v2\/media\/8311"}],"wp:attachment":[{"href":"https:\/\/www.rc03-ilbenstadt.de\/index.php?rest_route=%2Fwp%2Fv2%2Fmedia&parent=9194"}],"wp:term":[{"taxonomy":"category","embeddable":true,"href":"https:\/\/www.rc03-ilbenstadt.de\/index.php?rest_route=%2Fwp%2Fv2%2Fcategories&post=9194"},{"taxonomy":"post_tag","embeddable":true,"href":"https:\/\/www.rc03-ilbenstadt.de\/index.php?rest_route=%2Fwp%2Fv2%2Ftags&post=9194"}],"curies":[{"name":"wp","href":"https:\/\/api.w.org\/{rel}","templated":true}]}}